{"id":668742,"date":"2026-01-16T23:07:12","date_gmt":"2026-01-16T23:07:12","guid":{"rendered":"https:\/\/www.europesays.com\/fr\/668742\/"},"modified":"2026-01-16T23:07:12","modified_gmt":"2026-01-16T23:07:12","slug":"ici-leurope-accord-avec-le-mercosur-lagriculture-europeenne-sacrifiee-lcp","status":"publish","type":"post","link":"https:\/\/www.europesays.com\/fr\/668742\/","title":{"rendered":"Ici l&rsquo;Europe &#8211; Accord avec le Mercosur, l&rsquo;agriculture europ\u00e9enne sacrifi\u00e9e ? | LCP"},"content":{"rendered":"<p>Alors que les agriculteurs europ\u00e9ens manifestent depuis des semaines, les \u00e9leveurs protestent contre les accords de libre-\u00e9change concluent entre l&rsquo;Union Europ\u00e9enne et les pays du Mercosur en Am\u00e9rique du Sud, un accord en discussion depuis 25 ans qui pr\u00e9voit la suppression de 90% des droits de douane cr\u00e9ant un immense march\u00e9 de 700 millions de consommateurs mais aussi l&rsquo;inqui\u00e9tude des agriculteurs&#8230; Cette semaine dans \u00ab Ici l&rsquo;Europe \u00bb, Caroline de Camaret (France 24) et Alexandre Poussart (Public S\u00e9nat) ouvrent le d\u00e9bat avec J\u00e9r\u00e9my Decerle (Eurod\u00e9put\u00e9 Renew Europe &#8211; France) et Javier Moreno Sanchez (Eurod\u00e9put\u00e9 Socialistes et D\u00e9mocrates &#8211; Espagne).<\/p>\n<p>En premi\u00e8re partie, Caroline de Camaret re\u00e7oit Hadja Lahbib, commissaire europ\u00e9enne en charge de l&rsquo;anticipation et gestion de crise, de l&rsquo;\u00e9galit\u00e9.<\/p>\n<p>Ici, l&rsquo;Europe<br \/>Chaque semaine, LCP Assembl\u00e9e nationale, Public S\u00e9nat et France24 vous plongent au coeur des questions qui secouent l&rsquo;Europe : Covid-19, questions migratoires, \u00ab Green deal \u00bb, Brexit ou encore souverainet\u00e9 digitale. Quel avenir pour l&rsquo;Union et ses 450 millions d&rsquo;habitants ? Une demi-heure d&rsquo;information pour mieux comprendre les enjeux europ\u00e9ens.<\/p>\n","protected":false},"excerpt":{"rendered":"Alors que les agriculteurs europ\u00e9ens manifestent depuis des semaines, les \u00e9leveurs protestent contre les accords de libre-\u00e9change concluent&hellip;\n","protected":false},"author":2,"featured_media":668743,"comment_status":"","ping_status":"","sticky":false,"template":"","format":"standard","meta":{"footnotes":""},"categories":[1586],"tags":[11,1777,674,1011,27,12,25],"class_list":{"0":"post-668742","1":"post","2":"type-post","3":"status-publish","4":"format-standard","5":"has-post-thumbnail","7":"category-europe","8":"tag-actualites","9":"tag-eu","10":"tag-europe","11":"tag-fr","12":"tag-france","13":"tag-news","14":"tag-republique-francaise"},"share_on_mastodon":{"url":"https:\/\/pubeurope.com\/@fr\/115907293577112818","error":""},"_links":{"self":[{"href":"https:\/\/www.europesays.com\/fr\/wp-json\/wp\/v2\/posts\/668742","targetHints":{"allow":["GET"]}}],"collection":[{"href":"https:\/\/www.europesays.com\/fr\/wp-json\/wp\/v2\/posts"}],"about":[{"href":"https:\/\/www.europesays.com\/fr\/wp-json\/wp\/v2\/types\/post"}],"author":[{"embeddable":true,"href":"https:\/\/www.europesays.com\/fr\/wp-json\/wp\/v2\/users\/2"}],"replies":[{"embeddable":true,"href":"https:\/\/www.europesays.com\/fr\/wp-json\/wp\/v2\/comments?post=668742"}],"version-history":[{"count":0,"href":"https:\/\/www.europesays.com\/fr\/wp-json\/wp\/v2\/posts\/668742\/revisions"}],"wp:featuredmedia":[{"embeddable":true,"href":"https:\/\/www.europesays.com\/fr\/wp-json\/wp\/v2\/media\/668743"}],"wp:attachment":[{"href":"https:\/\/www.europesays.com\/fr\/wp-json\/wp\/v2\/media?parent=668742"}],"wp:term":[{"taxonomy":"category","embeddable":true,"href":"https:\/\/www.europesays.com\/fr\/wp-json\/wp\/v2\/categories?post=668742"},{"taxonomy":"post_tag","embeddable":true,"href":"https:\/\/www.europesays.com\/fr\/wp-json\/wp\/v2\/tags?post=668742"}],"curies":[{"name":"wp","href":"https:\/\/api.w.org\/{rel}","templated":true}]}}