{"id":668744,"date":"2026-01-16T23:08:29","date_gmt":"2026-01-16T23:08:29","guid":{"rendered":"https:\/\/www.europesays.com\/fr\/668744\/"},"modified":"2026-01-16T23:08:29","modified_gmt":"2026-01-16T23:08:29","slug":"lhumoriste-francis-legendre-a-eu-des-mauvaises-nouvelles-brunes-apres-sa-premiere-journee-de-travail-au-mcdo","status":"publish","type":"post","link":"https:\/\/www.europesays.com\/fr\/668744\/","title":{"rendered":"L\u2019humoriste Francis Legendre a eu des mauvaises nouvelles brunes apr\u00e8s sa premi\u00e8re journ\u00e9e de travail au McDo"},"content":{"rendered":"<p><strong>De passage \u00e0 notre podcast, Francis Legendre s\u2019est ouvert g\u00e9n\u00e9reusement sur un \u00e9v\u00e9nement traumatisant de son adolescence.<\/strong><\/p>\n<p>L\u2019humoriste qui s\u2019amuse \u00e0 personnifier des objets ou \u00e0 incarner des inventeurs sur les r\u00e9seaux sociaux est arriv\u00e9 dans nos studios de bonne heure et de bonne humeur!<\/p>\n<p class=\"toreadalso-fromEMP\"><strong>\u2022 \u00c0 lire aussi: <\/strong><a href=\"https:\/\/www.lesacdechips.com\/2025\/03\/11\/le-podcast-du-sac-de-chips-est-vraiment-bon-selon-nous-alors-voici-ou-lecouter\" target=\"bf772093-196d-482d-8423-d1f9b6570bf6\" rel=\"noopener\"><strong>Le podcast du Sac de chips est vraiment bon selon nous alors voici o\u00f9 l&rsquo;\u00e9couter<\/strong><\/a><\/p>\n<p>Jasant avec nous comme s\u2019il faisait partie de l\u2019\u00e9quipe depuis au moins 2016, Legendre s\u2019est retrouv\u00e9 accul\u00e9 au pied du mur quand il a d\u00fb r\u00e9pondre \u00e0 la question \u00abRaconte-nous ta pire d\u00e9barque \u00e0 vie svp.\u00bb<\/p>\n<p>Plut\u00f4t que de nous faire le r\u00e9cit d\u2019une solide fouille en v\u00e9lo, il a pris une curieuse tangente et s\u2019est rem\u00e9mor\u00e9 une d\u00e9barque&#8230;sociale.<\/p>\n<p><a href=\"https:\/\/www.youtube.com\/playlist?list=PL_XlDAMOYaWOyx1VifUcH_8iKMtO77L57\" target=\"_blank\" rel=\"noopener\"><br \/>\n    <img decoding=\"async\" src=\"https:\/\/www.europesays.com\/fr\/wp-content\/uploads\/2025\/09\/c337162e-0df1-4228-86f1-dd22d05ad18b_bloc_cliquables2.gif\" class=\"logoJe\"\/><br \/>\n<\/a><\/p>\n<p>Alors qu\u2019il avait \u00ab14 ou 15 ans\u00bb, il a travaill\u00e9 dans un McDo de son patelin d\u2019origine, Trois-Rivi\u00e8res.<\/p>\n<p>Mais d\u00e8s la fin de sa premi\u00e8re journ\u00e9e de travail, un sombre incident post-gastrique est venu ternir sa r\u00e9putation&#8230; et son fond de pantalon.<\/p>\n<p class=\"toreadalso-fromEMP\"><strong>\u2022 \u00c0 lire aussi: <\/strong><a href=\"https:\/\/www.lesacdechips.com\/2025\/12\/12\/mange-de-la-marde-tabarnk-decouvrez-quelle-vedette-internationale-sebastien-diaz-a-envoye-chier-de-maniere-magistrale\" target=\"062438f5-0e0b-4179-a5c4-4273e37cda54\" rel=\"noopener\"><strong>\u00abMange de la marde, tabarn*k!\u00bb: d\u00e9couvrez quelle vedette internationale S\u00e9bastien Diaz a envoy\u00e9 chier de mani\u00e8re magistrale<\/strong><\/a><\/p>\n<p>Pour conna\u00eetre les d\u00e9tails scabreux de cette anecdote qui implique \u00e9galement la grand-maman du principal int\u00e9ress\u00e9, on vous invite \u00e0 regarder l\u2019extrait du podcast <strong>au haut de l\u2019article.<\/strong><\/p>\n<p>Et si vous avez trouv\u00e9 \u00e7a amusant, vous pouvez m\u00eame regarder l\u2019\u00e9pisode au complet:<\/p><\/p>\n","protected":false},"excerpt":{"rendered":"De passage \u00e0 notre podcast, Francis Legendre s\u2019est ouvert g\u00e9n\u00e9reusement sur un \u00e9v\u00e9nement traumatisant de son adolescence. L\u2019humoriste&hellip;\n","protected":false},"author":2,"featured_media":668745,"comment_status":"","ping_status":"","sticky":false,"template":"","format":"standard","meta":{"footnotes":""},"categories":[1586],"tags":[11,1777,674,1779,1011,27,12,25,1778,364],"class_list":{"0":"post-668744","1":"post","2":"type-post","3":"status-publish","4":"format-standard","5":"has-post-thumbnail","7":"category-europe","8":"tag-actualites","9":"tag-eu","10":"tag-europe","11":"tag-european-union","12":"tag-fr","13":"tag-france","14":"tag-news","15":"tag-republique-francaise","16":"tag-ue","17":"tag-union-europeenne"},"share_on_mastodon":{"url":"https:\/\/pubeurope.com\/@fr\/115907297682150743","error":""},"_links":{"self":[{"href":"https:\/\/www.europesays.com\/fr\/wp-json\/wp\/v2\/posts\/668744","targetHints":{"allow":["GET"]}}],"collection":[{"href":"https:\/\/www.europesays.com\/fr\/wp-json\/wp\/v2\/posts"}],"about":[{"href":"https:\/\/www.europesays.com\/fr\/wp-json\/wp\/v2\/types\/post"}],"author":[{"embeddable":true,"href":"https:\/\/www.europesays.com\/fr\/wp-json\/wp\/v2\/users\/2"}],"replies":[{"embeddable":true,"href":"https:\/\/www.europesays.com\/fr\/wp-json\/wp\/v2\/comments?post=668744"}],"version-history":[{"count":0,"href":"https:\/\/www.europesays.com\/fr\/wp-json\/wp\/v2\/posts\/668744\/revisions"}],"wp:featuredmedia":[{"embeddable":true,"href":"https:\/\/www.europesays.com\/fr\/wp-json\/wp\/v2\/media\/668745"}],"wp:attachment":[{"href":"https:\/\/www.europesays.com\/fr\/wp-json\/wp\/v2\/media?parent=668744"}],"wp:term":[{"taxonomy":"category","embeddable":true,"href":"https:\/\/www.europesays.com\/fr\/wp-json\/wp\/v2\/categories?post=668744"},{"taxonomy":"post_tag","embeddable":true,"href":"https:\/\/www.europesays.com\/fr\/wp-json\/wp\/v2\/tags?post=668744"}],"curies":[{"name":"wp","href":"https:\/\/api.w.org\/{rel}","templated":true}]}}