{"id":668748,"date":"2026-01-16T23:10:15","date_gmt":"2026-01-16T23:10:15","guid":{"rendered":"https:\/\/www.europesays.com\/fr\/668748\/"},"modified":"2026-01-16T23:10:15","modified_gmt":"2026-01-16T23:10:15","slug":"encore-penalises-laurence-fournier-beaudry-et-guillaume-cizeron-virent-quand-meme-en-tete-aux-championnats-deurope-lequipe","status":"publish","type":"post","link":"https:\/\/www.europesays.com\/fr\/668748\/","title":{"rendered":"Encore p\u00e9nalis\u00e9s, Laurence Fournier Beaudry et Guillaume Cizeron virent quand m\u00eame en t\u00eate aux Championnats d&#039;Europe &#8211; L&#039;\u00c9quipe"},"content":{"rendered":"<ol>\n<li><a href=\"https:\/\/news.google.com\/rss\/articles\/CBMiiAJBVV95cUxPYmFZcGtmNTZKMXZoMWRTTnJMTU1ndjZHck5xVmM0UnM5ZlVpVlJ5XzByOFJzbDVUdWh2RmhMYTF2WXZxanZqbk52dHFqUmpIZk9ldWd6bnVfdlo0dUVVT1dybWlOLVBTOUdJcThfTThZQ3I5WWFlRlhIZXk5TmxyMnFrUGxpV01vdkhKWkZxT2VIeUN1eUN3OG5ZMTA2ODlSUFU2emo3b1VqQTNtbld0WER6RG1TUXRGMlVXZDJ6clFzQUtDa184ZEVRNjFORjZFMnpZVjRuSEdqQU44aVIyYmdsaWRMR2l6Ul9CSm54Sy1Oam5ublA0YnB3aXNWemdVb2o1YWZNNEs?oc=5\" target=\"_blank\" rel=\"noopener\">Encore p\u00e9nalis\u00e9s, Laurence Fournier Beaudry et Guillaume Cizeron virent quand m\u00eame en t\u00eate aux Championnats d&rsquo;Europe<\/a>&nbsp;&nbsp;L&rsquo;\u00c9quipe<\/li>\n<li><a href=\"https:\/\/news.google.com\/rss\/articles\/CBMirgJBVV95cUxQdDdtQ2tHN191U3F5RHlmNDNKUGtVb1oxNjhOcHhNNjlvdUZ0TUltQkUzRVpweTFsTzRUcHNER3hFMGtSVlZrYUY1b2k2OXQ2SGU1NjRmQUZGbS02bTlyRTFUYkk5REhFTGoySXNuQmQzaEFTSy1ZbW1QSTBaQm15dnk2dUh6YldvcFFQTTJQNmVraXJFQUFSa29ENDB6NjlFclFiel9NU1JWeGZxd29QamxiYXNHNFJ4VXQ4RnpBb3VpU29WdkhxczZhbFphOGpvVHlmTU1XaTM0RDJOYkxRSFZDVmM3NEMzOWJjUnVqY3FoR2lFVnBmRTBJQnpDNjFaMWZ2QjBtQXZmM3R2bEdOQ2h0UXVVOEFpM0FESXlmNkF6dEcyZUNGQXQtUHpXUQ?oc=5\" target=\"_blank\" rel=\"noopener\">Euro patinage artistique. \u00ab On surfe sur une vague positive \u00bb: Cizeron et Fournier Beaudry d\u00e9termin\u00e9s le programme court<\/a>&nbsp;&nbsp;Ouest-France<\/li>\n<li><a href=\"https:\/\/news.google.com\/rss\/articles\/CBMiogJBVV95cUxQT3VkY0tlQTZlUXl6aFFjbllXZjMxbjZGNWJQQU9mSW1PNGx0Wk1WLVdmeWtpNzdkUUR0NlJGYzJRejhnNU5fdXNnMWhUb0hGUEtjR0Fvc1MyOFhxTGRNZFhZWkJFQklrNVV3MldjUlhDSlI3SmxFX0JIOXVoLTJWM3JpOFRNeHp4TTVYTUJhbU1GQ2hWdG5HM3pqNE94a2hSc09qRmZ1UHRnem00Sm81SXUzeGJSUXd0NklTN3Bva3dOTGwzYkxjSXVCekE5VnIxclllMHFZNlpEZzBuYmcyOXFkNDBiZFB4cUUzcjV5dVFmSFZmR294ZXZCanBTb3dRSDB1aEtCaXNfRU9uaFB3YVRTVXU1SUF6WG55eFVfcVF1UQ?oc=5\" target=\"_blank\" rel=\"noopener\">Guillaume Cizeron et Laurence Fournier-Beaudry d\u00e9butent bien les Championnats d&rsquo;Europe de patinage artistique<\/a>&nbsp;&nbsp;France Info<\/li>\n<li><a href=\"https:\/\/news.google.com\/rss\/articles\/CBMivwFBVV95cUxPVFVEb19Fb2QtTHdWTl9VZjRfTm9NZW43WHRIYm9aOVhnU3VXZXJrNGppalZsTHFxWGJGVDNBVGdkRVNpYkFtd0VSaDFMbDNGTmo0clptdFZvVW56anV2MWJUQ2VVc05hbXh3aDZicnYtOHlOUHhta0c1TXJpZnV3MGoyM2laRV9kcGNMeFhXYW11d3lUeHlFaE5zcUNTZHNEWVYyYjE3VXJKOXhwZ2VIVEt5U2dMRmdJbDZHLU9HQQ?oc=5\" target=\"_blank\" rel=\"noopener\">Programme libre dames en replay &#8211; Championnats d&rsquo;Europe de Patinage artistique<\/a>&nbsp;&nbsp;France TV<\/li>\n<li><a href=\"https:\/\/news.google.com\/rss\/articles\/CBMimAFBVV95cUxPN0hvcW1YazRMSmJ6b0lJcndyVkoyRHVyWncySjZ2eU96akhVMHdQZ3ZSZG5rcHBIZ25yU1ZFNDl2YVAtX0VZVG11cll5VXFQTTlDZm9jLWNrVTVOdGVtd0ZGMkl6aDFTd2FVSkJvUDZ2dGY4bW1Bb0FGX19reWVjQlpLX3AxU0F5UlZqLTBsajBuRUtpMHBBTw?oc=5\" target=\"_blank\" rel=\"noopener\">Euro de patinage: K\u00e9vin Aymoz passe encore \u00e0 c\u00f4t\u00e9<\/a>&nbsp;&nbsp;tv5monde<\/li>\n<\/ol>\n","protected":false},"excerpt":{"rendered":"Encore p\u00e9nalis\u00e9s, Laurence Fournier Beaudry et Guillaume Cizeron virent quand m\u00eame en t\u00eate aux Championnats d&rsquo;Europe&nbsp;&nbsp;L&rsquo;\u00c9quipe Euro patinage&hellip;\n","protected":false},"author":2,"featured_media":668749,"comment_status":"","ping_status":"","sticky":false,"template":"","format":"standard","meta":{"footnotes":""},"categories":[2],"tags":[11,1011,27,12,25],"class_list":{"0":"post-668748","1":"post","2":"type-post","3":"status-publish","4":"format-standard","5":"has-post-thumbnail","7":"category-actualites","8":"tag-actualites","9":"tag-fr","10":"tag-france","11":"tag-news","12":"tag-republique-francaise"},"share_on_mastodon":{"url":"https:\/\/pubeurope.com\/@fr\/115907305366084288","error":""},"_links":{"self":[{"href":"https:\/\/www.europesays.com\/fr\/wp-json\/wp\/v2\/posts\/668748","targetHints":{"allow":["GET"]}}],"collection":[{"href":"https:\/\/www.europesays.com\/fr\/wp-json\/wp\/v2\/posts"}],"about":[{"href":"https:\/\/www.europesays.com\/fr\/wp-json\/wp\/v2\/types\/post"}],"author":[{"embeddable":true,"href":"https:\/\/www.europesays.com\/fr\/wp-json\/wp\/v2\/users\/2"}],"replies":[{"embeddable":true,"href":"https:\/\/www.europesays.com\/fr\/wp-json\/wp\/v2\/comments?post=668748"}],"version-history":[{"count":0,"href":"https:\/\/www.europesays.com\/fr\/wp-json\/wp\/v2\/posts\/668748\/revisions"}],"wp:featuredmedia":[{"embeddable":true,"href":"https:\/\/www.europesays.com\/fr\/wp-json\/wp\/v2\/media\/668749"}],"wp:attachment":[{"href":"https:\/\/www.europesays.com\/fr\/wp-json\/wp\/v2\/media?parent=668748"}],"wp:term":[{"taxonomy":"category","embeddable":true,"href":"https:\/\/www.europesays.com\/fr\/wp-json\/wp\/v2\/categories?post=668748"},{"taxonomy":"post_tag","embeddable":true,"href":"https:\/\/www.europesays.com\/fr\/wp-json\/wp\/v2\/tags?post=668748"}],"curies":[{"name":"wp","href":"https:\/\/api.w.org\/{rel}","templated":true}]}}