{"id":668750,"date":"2026-01-16T23:11:14","date_gmt":"2026-01-16T23:11:14","guid":{"rendered":"https:\/\/www.europesays.com\/fr\/668750\/"},"modified":"2026-01-16T23:11:14","modified_gmt":"2026-01-16T23:11:14","slug":"equipe-de-france-zidane-a-deja-choisi-ses-premiers-renforts-2","status":"publish","type":"post","link":"https:\/\/www.europesays.com\/fr\/668750\/","title":{"rendered":"\u00c9quipe de France : Zidane a d\u00e9j\u00e0 choisi ses premiers renforts !"},"content":{"rendered":"<p class=\"heading\">\u00c0 la fin de la Coupe du monde 2026, l\u2019\u00e9quipe de France connaitra un nouveau s\u00e9lectionneur. Didier Deschamps a d\u00e9j\u00e0 affirm\u00e9 il y a plusieurs mois qu\u2019il allait quitter son poste et Zin\u00e9dine Zidane serait le grand favori pour le remplacer. Des discussions existent d\u2019ailleurs d\u00e9j\u00e0 avec la FFF et l\u2019ancien coach du Real Madrid avance d\u00e9j\u00e0 sur la composition de son staff. <\/p>\n<p>La <strong>Coupe du monde 2026<\/strong> marquera un tournant majeur dans l\u2019histoire de l\u2019\u00e9quipe de <strong>France<\/strong>. En effet, cela sera la derni\u00e8re comp\u00e9tition de <strong>Didier Deschamps<\/strong> \u00e0 la t\u00eate des Bleus, qui mettra donc fin \u00e0 un mandat long de 14 ans. <\/p>\n<p>                                            Discussions confirm\u00e9es avec Zidane <\/p>\n<p>Pour le moment, aucune annonce officielle n\u2019a \u00e9t\u00e9 faite pour le successeur de <strong>Didier Deschamps<\/strong>, mais un nom br\u00fble les l\u00e8vres : <a href=\"https:\/\/le10sport.com\/football\/zinedine-zidane-rejoint-pascal-praud-lannonce-sur-cnews-771924\" target=\"_blank\" rel=\"noopener\">Zin\u00e9dine Zidane<\/a>. L\u2019ancien coach du <strong>Real Madrid <\/strong>r\u00eave de prendre les r\u00eanes de l\u2019\u00e9quipe de <strong>France<\/strong> et, selon les informations de L\u2019\u00c9quipe, des discussions secr\u00e8tes existeraient entre la <strong>FFF<\/strong> et <strong>Zizou<\/strong>, preuve qu\u2019il devrait bien r\u00e9cup\u00e9rer le poste. <\/p>\n<p>                                            Quel staff pour Zidane ? <\/p>\n<p>L\u2019\u00c9quipe apporte d\u2019ailleurs quelques pr\u00e9cisions sur le possible entourage de <strong>Zin\u00e9dine Zidane<\/strong> en \u00e9quipe de <strong>France<\/strong>. Ce dernier devrait venir avec<strong> David Bettoni <\/strong>comme adjoint et il souhaiterait disposer d\u2019un plus gros staff que <strong>Deschamps<\/strong> avec notamment une cellule data. Cela pourrait toutefois faire exploser le budget consacr\u00e9 au staff de la s\u00e9lection et la <strong>FFF<\/strong> chercherait donc des solutions pour limiter les couts. <\/p>\n","protected":false},"excerpt":{"rendered":"\u00c0 la fin de la Coupe du monde 2026, l\u2019\u00e9quipe de France connaitra un nouveau s\u00e9lectionneur. Didier Deschamps&hellip;\n","protected":false},"author":2,"featured_media":668751,"comment_status":"","ping_status":"","sticky":false,"template":"","format":"standard","meta":{"footnotes":""},"categories":[4],"tags":[11,1011,27,12,25],"class_list":{"0":"post-668750","1":"post","2":"type-post","3":"status-publish","4":"format-standard","5":"has-post-thumbnail","7":"category-france","8":"tag-actualites","9":"tag-fr","10":"tag-france","11":"tag-news","12":"tag-republique-francaise"},"share_on_mastodon":{"url":"https:\/\/pubeurope.com\/@fr\/115907309223910947","error":""},"_links":{"self":[{"href":"https:\/\/www.europesays.com\/fr\/wp-json\/wp\/v2\/posts\/668750","targetHints":{"allow":["GET"]}}],"collection":[{"href":"https:\/\/www.europesays.com\/fr\/wp-json\/wp\/v2\/posts"}],"about":[{"href":"https:\/\/www.europesays.com\/fr\/wp-json\/wp\/v2\/types\/post"}],"author":[{"embeddable":true,"href":"https:\/\/www.europesays.com\/fr\/wp-json\/wp\/v2\/users\/2"}],"replies":[{"embeddable":true,"href":"https:\/\/www.europesays.com\/fr\/wp-json\/wp\/v2\/comments?post=668750"}],"version-history":[{"count":0,"href":"https:\/\/www.europesays.com\/fr\/wp-json\/wp\/v2\/posts\/668750\/revisions"}],"wp:featuredmedia":[{"embeddable":true,"href":"https:\/\/www.europesays.com\/fr\/wp-json\/wp\/v2\/media\/668751"}],"wp:attachment":[{"href":"https:\/\/www.europesays.com\/fr\/wp-json\/wp\/v2\/media?parent=668750"}],"wp:term":[{"taxonomy":"category","embeddable":true,"href":"https:\/\/www.europesays.com\/fr\/wp-json\/wp\/v2\/categories?post=668750"},{"taxonomy":"post_tag","embeddable":true,"href":"https:\/\/www.europesays.com\/fr\/wp-json\/wp\/v2\/tags?post=668750"}],"curies":[{"name":"wp","href":"https:\/\/api.w.org\/{rel}","templated":true}]}}