{"id":668752,"date":"2026-01-16T23:14:12","date_gmt":"2026-01-16T23:14:12","guid":{"rendered":"https:\/\/www.europesays.com\/fr\/668752\/"},"modified":"2026-01-16T23:14:12","modified_gmt":"2026-01-16T23:14:12","slug":"super-league-cesar-rouge-quitte-les-dragons-catalans-mais-reste-en-super-league-rugby-a-xiii","status":"publish","type":"post","link":"https:\/\/www.europesays.com\/fr\/668752\/","title":{"rendered":"Super League &#8211; C\u00e9sar Roug\u00e9 quitte les Dragons Catalans mais reste en Super League &#8211; Rugby \u00e0 XIII"},"content":{"rendered":"<p style=\"text-align: justify;\"><strong>L\u2019international fran\u00e7ais C\u00e9sar Roug\u00e9 a d\u00e9cid\u00e9 de s\u2019engager avec le Toulouse Olympique et \u00e9voluera bien en Super League cette saison.<\/strong><\/p>\n<p style=\"text-align: justify;\">Alors que la rumeur enflait sur le d\u00e9part du demi, arri\u00e8re ou talonneur des Dragons Catalans et que des pistes en Angleterre \u00e9taient \u00e9voqu\u00e9es, c\u2019est finalement \u00e0 Toulouse que le joueur a d\u00e9cid\u00e9 de poursuivre sa carri\u00e8re.<\/p>\n<p style=\"text-align: justify;\">Barr\u00e9 \u00e0 la charni\u00e8re du c\u00f4t\u00e9 de Perpignan par le recrutement de Lewis Dodd et Toby Sexton qui avaient les pr\u00e9f\u00e9rences de Joel Tomkins pour d\u00e9buter la saison, C\u00e9sar Roug\u00e9, qui avait d\u00e9but\u00e9 sa carri\u00e8re avec le XIII Limouxin avant de rejoindre Saint-Est\u00e8ve XIII Catalan, a parachev\u00e9 un contrat d\u2019un an avec le TO.<\/p>\n<p style=\"text-align: justify;\">Auteur de 50 rencontres en Super League et Challenge Cup (49 avec les Dragons et 1 avec Hull KR), le joueur de 23 ans s\u2019est montr\u00e9 enthousiaste \u00e0 l\u2019id\u00e9e de rejoindre sa nouvelle \u00e9quipe :<\/p>\n<blockquote>\n<p style=\"text-align: justify;\">Tr\u00e8s heureux de rejoindre le Toulouse Olympique et de saisir cette opportunit\u00e9 ! J\u2019ai h\u00e2te de retrouver mes amis fran\u00e7ais, de rencontrer mes nouveaux co\u00e9quipiers et les supporters. J\u2019ai h\u00e2te de commencer \u00e0 travailler pour d\u00e9fendre de nouvelles couleurs. Allez Toulouse !<\/p>\n<\/blockquote>\n<p style=\"text-align: justify;\">Un sentiment partag\u00e9 par l\u2019entra\u00eeneur toulousain Sylvain Houl\u00e8s :<\/p>\n<blockquote>\n<p style=\"text-align: justify;\">Une opportunit\u00e9 s\u2019est pr\u00e9sent\u00e9e \u00e0 nous avec C\u00e9sar et nous l\u2019avons tr\u00e8s vite saisie. C\u00e9sar va nous compl\u00e9ter notre effectif au poste de demi et je suis tr\u00e8s excit\u00e9 de voir ce qu\u2019il va nous emm\u00e8ne sous nos couleurs du TO.<\/p>\n<\/blockquote>\n<blockquote class=\"instagram-media\" data-instgrm-captioned=\"\" data-instgrm-permalink=\"https:\/\/www.instagram.com\/reel\/DTlFqQljDnJ\/?utm_source=ig_embed&amp;utm_campaign=loading\" data-instgrm-version=\"14\" style=\" background:#FFF; border:0; border-radius:3px; box-shadow:0 0 1px 0 rgba(0,0,0,0.5),0 1px 10px 0 rgba(0,0,0,0.15); margin: 1px; max-width:500px; min-width:326px; padding:0; width:99.375%; width:-webkit-calc(100% - 2px); width:calc(100% - 2px);\">\n<\/blockquote>\n<p>        <script async src=\"\/\/www.instagram.com\/embed.js\"><\/script><\/p>\n","protected":false},"excerpt":{"rendered":"L\u2019international fran\u00e7ais C\u00e9sar Roug\u00e9 a d\u00e9cid\u00e9 de s\u2019engager avec le Toulouse Olympique et \u00e9voluera bien en Super League&hellip;\n","protected":false},"author":2,"featured_media":668753,"comment_status":"","ping_status":"","sticky":false,"template":"","format":"standard","meta":{"footnotes":""},"categories":[1416],"tags":[76876,3248,1011,27,479,2228,1468,2229,60,4474,3250,969],"class_list":{"0":"post-668752","1":"post","2":"type-post","3":"status-publish","4":"format-standard","5":"has-post-thumbnail","7":"category-rugby","8":"tag-cesar-rouge","9":"tag-dragons-catalans","10":"tag-fr","11":"tag-france","12":"tag-rugby","13":"tag-rugby-a-xiii","14":"tag-rugby-football","15":"tag-rugby-league","16":"tag-sports","17":"tag-super-league","18":"tag-toulouse-olympique-xiii","19":"tag-transfert"},"share_on_mastodon":{"url":"https:\/\/pubeurope.com\/@fr\/115907321051561255","error":""},"_links":{"self":[{"href":"https:\/\/www.europesays.com\/fr\/wp-json\/wp\/v2\/posts\/668752","targetHints":{"allow":["GET"]}}],"collection":[{"href":"https:\/\/www.europesays.com\/fr\/wp-json\/wp\/v2\/posts"}],"about":[{"href":"https:\/\/www.europesays.com\/fr\/wp-json\/wp\/v2\/types\/post"}],"author":[{"embeddable":true,"href":"https:\/\/www.europesays.com\/fr\/wp-json\/wp\/v2\/users\/2"}],"replies":[{"embeddable":true,"href":"https:\/\/www.europesays.com\/fr\/wp-json\/wp\/v2\/comments?post=668752"}],"version-history":[{"count":0,"href":"https:\/\/www.europesays.com\/fr\/wp-json\/wp\/v2\/posts\/668752\/revisions"}],"wp:featuredmedia":[{"embeddable":true,"href":"https:\/\/www.europesays.com\/fr\/wp-json\/wp\/v2\/media\/668753"}],"wp:attachment":[{"href":"https:\/\/www.europesays.com\/fr\/wp-json\/wp\/v2\/media?parent=668752"}],"wp:term":[{"taxonomy":"category","embeddable":true,"href":"https:\/\/www.europesays.com\/fr\/wp-json\/wp\/v2\/categories?post=668752"},{"taxonomy":"post_tag","embeddable":true,"href":"https:\/\/www.europesays.com\/fr\/wp-json\/wp\/v2\/tags?post=668752"}],"curies":[{"name":"wp","href":"https:\/\/api.w.org\/{rel}","templated":true}]}}