{"id":668756,"date":"2026-01-16T23:19:15","date_gmt":"2026-01-16T23:19:15","guid":{"rendered":"https:\/\/www.europesays.com\/fr\/668756\/"},"modified":"2026-01-16T23:19:15","modified_gmt":"2026-01-16T23:19:15","slug":"cyclisme-route-giro-tour-de-france-la-vuelta-les-compositions-de-visma","status":"publish","type":"post","link":"https:\/\/www.europesays.com\/fr\/668756\/","title":{"rendered":"Cyclisme. Route &#8211; Giro, Tour de France, La Vuelta&#8230; les compositions de Visma"},"content":{"rendered":"<p> Lire la suite de l&rsquo;article&#13;<\/p>\n<p>\u00a0<\/p>\n<p>&#13;<\/p>\n<p>Le <strong>Giro d&rsquo;Italia <\/strong>et le<strong> Tour de France<\/strong> font \u00e9videmment l&rsquo;objet de toutes les attentions, puisque <strong>Jonas Vingegaard<\/strong> tentera le doubl\u00e9 <strong>Giro<\/strong>&#8211;<strong>Tour <\/strong>cette ann\u00e9e et poss\u00e9dera deux compositions d&rsquo;\u00e9quipe solide autour de lui pour ces deux \u00e9ch\u00e9ances. La formation n\u00e9erlandaise visera autre chose sur<strong> La Vuelta<\/strong>, notamment les victoires d&rsquo;\u00e9tapes avec <strong>Wout Van Aert<\/strong> et <strong>Matthew Brennan<\/strong>, mais sans grandes ambitions pour le classement g\u00e9n\u00e9ral, puisque <strong>Vingegaard <\/strong>et <strong>Matteo Jorgenson<\/strong>\u00a0font l&rsquo;impasse, tout comme <strong>Simon Yates<\/strong>, qui a lui pris sa retraite.<\/p>\n<p>&#13;<\/p>\n<p>\u00a0<\/p>\n<p>&#13;<\/p>\n<p>*en gras = pr\u00e9sence officielle \/ pas de gras = pas encore de confirmation<\/p>\n<p>&#13;<br \/>\nGiro d&rsquo;Italia&#13;<\/p>\n<p>&#8211;\u00a0<strong>Jonas Vingegaard<\/strong>\u00a0(Danemark, 29 ans)<\/p>\n<p>&#13;<\/p>\n<p>&#8211; <strong>Sepp Kuss<\/strong> (\u00c9tats-Unis, 31 ans)<\/p>\n<p>&#13;<\/p>\n<p>&#8211; <strong>Davide Piganzoli <\/strong>(Italie, 23 ans)<\/p>\n<p>&#13;<\/p>\n<p>&#8211; <strong>Wilco Kelderman<\/strong> (Pays-Bas, 34 ans)<\/p>\n<p>&#13;<\/p>\n<p>&#8211; <strong>Victor Campenaerts<\/strong> (Belgique, 34 ans)<\/p>\n<p>&#13;<\/p>\n<p>&#8211; <strong>Bart Lemmen<\/strong> (Pays-Bas, 30 ans)<\/p>\n<p>&#13;<\/p>\n<p>&#8211; <strong>Timo Kielich<\/strong> (Belgique, 26 ans)<\/p>\n<p>&#13;<\/p>\n<p>&#8211; <strong>Edoardo Affini <\/strong>(Italie, 29 ans)<\/p>\n<p>&#13;<\/p>\n<p>\u00a0<\/p>\n<p>&#13;<br \/>\nTour de France&#13;<\/p>\n<p>&#8211;\u00a0<strong>Jonas Vingegaard<\/strong>\u00a0(Danemark, 29 ans)<\/p>\n<p>&#13;<\/p>\n<p>&#8211; <strong>Matteo Jorgenson<\/strong>\u00a0(\u00c9tats-Unis, 26 ans)<\/p>\n<p>&#13;<\/p>\n<p>&#8211; <strong>Sepp Kuss<\/strong> (\u00c9tats-Unis, 31 ans)<\/p>\n<p>&#13;<\/p>\n<p>&#8211; <strong>Ben Tulett\u00a0<\/strong>(Grande-Bretagne, 24 ans)<\/p>\n<p>&#13;<\/p>\n<p>&#8211; <strong>Bruno Armirail<\/strong>\u00a0(France, 31 ans)<\/p>\n<p>&#13;<\/p>\n<p>&#8211; <strong>Victor Campenaerts<\/strong> (Belgique, 34 ans)<\/p>\n<p>&#13;<\/p>\n<p>&#8211; <strong>Wout Van Aert <\/strong>(Belgique, 31 ans)<\/p>\n<p>&#13;<\/p>\n<p>&#8211; <strong>Christophe Laporte<\/strong> (France, 33 ans)<\/p>\n<p>&#13;<\/p>\n<p>\u00a0<\/p>\n<p>&#13;<br \/>\nLa Vuelta&#13;<\/p>\n<p>&#8211; <strong>Wout Van Aert <\/strong>(Belgique, 31 ans)<\/p>\n<p>&#13;<\/p>\n<p>&#8211; <strong>Matthew Brennan <\/strong>(Grande-Bretagne, 20 ans)<\/p>\n<p>&#13;<\/p>\n<p>&#8211; Edoardo Affini (Italie, 29 ans)<\/p>\n<p>&#13;<\/p>\n<p>&#8211; <strong>Per Strand Hagenes<\/strong> (Norv\u00e8ge, 22 ans)<\/p>\n<p>&#13;<\/p>\n<p>&#8211; Bruno Armirail\u00a0(France, 31 ans)<\/p>\n<p>&#13;<\/p>\n<p>&#8211; <strong>Steven Kruijswijk<\/strong> (Pays-Bas, 38 ans)<\/p>\n<p>&#13;<\/p>\n<p>&#8211; <strong>Jorgen Nordhagen<\/strong> (Norv\u00e8ge, 21 ans)<\/p>\n<p>&#13;<\/p>\n<p>&#8211; Sepp Kuss (\u00c9tats-Unis, 31 ans) ou\u00a0Ben Tulett\u00a0(Grande-Bretagne, 24 ans)<\/p>\n","protected":false},"excerpt":{"rendered":"Lire la suite de l&rsquo;article&#13; \u00a0 &#13; Le Giro d&rsquo;Italia et le Tour de France font \u00e9videmment l&rsquo;objet&hellip;\n","protected":false},"author":2,"featured_media":668757,"comment_status":"","ping_status":"","sticky":false,"template":"","format":"standard","meta":{"footnotes":""},"categories":[1411],"tags":[1154,207,211,1011,27,209,60,210,212,208,213],"class_list":{"0":"post-668756","1":"post","2":"type-post","3":"status-publish","4":"format-standard","5":"has-post-thumbnail","7":"category-cyclisme","8":"tag-cycling","9":"tag-cyclisme","10":"tag-ffc","11":"tag-fr","12":"tag-france","13":"tag-route","14":"tag-sports","15":"tag-tour-de-france","16":"tag-uci","17":"tag-velo","18":"tag-world-tour"},"share_on_mastodon":{"url":"https:\/\/pubeurope.com\/@fr\/115907341004863558","error":""},"_links":{"self":[{"href":"https:\/\/www.europesays.com\/fr\/wp-json\/wp\/v2\/posts\/668756","targetHints":{"allow":["GET"]}}],"collection":[{"href":"https:\/\/www.europesays.com\/fr\/wp-json\/wp\/v2\/posts"}],"about":[{"href":"https:\/\/www.europesays.com\/fr\/wp-json\/wp\/v2\/types\/post"}],"author":[{"embeddable":true,"href":"https:\/\/www.europesays.com\/fr\/wp-json\/wp\/v2\/users\/2"}],"replies":[{"embeddable":true,"href":"https:\/\/www.europesays.com\/fr\/wp-json\/wp\/v2\/comments?post=668756"}],"version-history":[{"count":0,"href":"https:\/\/www.europesays.com\/fr\/wp-json\/wp\/v2\/posts\/668756\/revisions"}],"wp:featuredmedia":[{"embeddable":true,"href":"https:\/\/www.europesays.com\/fr\/wp-json\/wp\/v2\/media\/668757"}],"wp:attachment":[{"href":"https:\/\/www.europesays.com\/fr\/wp-json\/wp\/v2\/media?parent=668756"}],"wp:term":[{"taxonomy":"category","embeddable":true,"href":"https:\/\/www.europesays.com\/fr\/wp-json\/wp\/v2\/categories?post=668756"},{"taxonomy":"post_tag","embeddable":true,"href":"https:\/\/www.europesays.com\/fr\/wp-json\/wp\/v2\/tags?post=668756"}],"curies":[{"name":"wp","href":"https:\/\/api.w.org\/{rel}","templated":true}]}}