{"id":668758,"date":"2026-01-16T23:20:13","date_gmt":"2026-01-16T23:20:13","guid":{"rendered":"https:\/\/www.europesays.com\/fr\/668758\/"},"modified":"2026-01-16T23:20:13","modified_gmt":"2026-01-16T23:20:13","slug":"ce-que-les-clubs-de-la-ligue-1-ont-depense-a-mi-mercato","status":"publish","type":"post","link":"https:\/\/www.europesays.com\/fr\/668758\/","title":{"rendered":"Ce que les clubs de la Ligue 1 ont d\u00e9pens\u00e9 \u00e0 mi-mercato"},"content":{"rendered":"<p><img fetchpriority=\"high\" decoding=\"async\" width=\"620\" height=\"413\" src=\"https:\/\/www.europesays.com\/fr\/wp-content\/uploads\/2026\/01\/Maillots-Ligue-1-1-620x413.jpeg\" alt=\"Ce que les clubs de la Ligue 1 ont d\u00e9pens\u00e9 \u00e0 mi-mercato\" class=\"wp-image-344500\"  \/>Un mercato qui tarde \u00e0 d\u00e9marrer en Ligue 1 du c\u00f4t\u00e9 des recrues.<\/p>\n<p>Gageons que la deuxi\u00e8me mi-temps sera de meilleure facture que la premi\u00e8re. Car \u00e0 ce stade du mois de janvier, \u00e0 la moiti\u00e9 du mercato de l\u2019hiver, le march\u00e9 des transferts dans le sens des arriv\u00e9es est atone en <a href=\"https:\/\/sportune.20minutes.fr\/ligue-1-l1\" target=\"_blank\" rel=\"noopener\">Ligue 1<\/a>. Au cumul, sept millions d\u2019euros d\u2019indemnit\u00e9s investies, par le biais de trois clubs : <a href=\"https:\/\/sportune.20minutes.fr\/fc-nantes\" target=\"_blank\" rel=\"noopener\">FC Nantes<\/a>, devant le <a href=\"https:\/\/sportune.20minutes.fr\/rc-lens\" target=\"_blank\" rel=\"noopener\">RC Lens<\/a>, l\u2019<a href=\"https:\/\/sportune.20minutes.fr\/ogc-nice-ogcn\" target=\"_blank\" rel=\"noopener\">OGC Nice<\/a> et l\u2019<a href=\"https:\/\/sportune.20minutes.fr\/olympique-lyonnais-ol\" target=\"_blank\" rel=\"noopener\">Olympique Lyonnais<\/a>.<\/p>\n<p>Et encore, deux de ces quatre op\u00e9rations ont \u00e9t\u00e9 boucl\u00e9es avant m\u00eame l\u2019ouverture officielle du march\u00e9, au premier jour de cette ann\u00e9e 2026 : Endrick \u00e0 l\u2019<a href=\"https:\/\/sportune.20minutes.fr\/olympique-lyonnais-ol\" target=\"_blank\" rel=\"noopener\">OL<\/a>, en pr\u00eat payant du <a href=\"https:\/\/sportune.20minutes.fr\/real-madrid\" target=\"_blank\" rel=\"noopener\">Real Madrid<\/a>, Amadou Haidara, au <a href=\"https:\/\/sportune.20minutes.fr\/rc-lens\" target=\"_blank\" rel=\"noopener\">RC Lens<\/a>, pour deux millions d\u2019euros et Deiver Machado pour un demi-million d\u2019euros au <a href=\"https:\/\/sportune.20minutes.fr\/fc-nantes\" target=\"_blank\" rel=\"noopener\">FC Nantes<\/a>.<\/p>\n<p>Des clubs sous la contrainte des droits TV<\/p>\n<p>Mais tout peut encore arriver d\u2019ici au terme de ce mercato d\u2019intersaison, fix\u00e9 pour les clubs de football professionnels fran\u00e7ais, au lundi 2 f\u00e9vrier. Beaucoup de rumeurs accompagnent la p\u00e9riode, mais les clubs de la <a href=\"https:\/\/sportune.20minutes.fr\/ligue-1-l1\" target=\"_blank\" rel=\"noopener\">Ligue 1<\/a>, \u00e0 l\u2019exception du <a href=\"https:\/\/sportune.20minutes.fr\/paris-saint-germain-psg\" target=\"_blank\" rel=\"noopener\">Paris Saint-Germain<\/a>, souffrent tous d\u2019un m\u00eame doute qui les ronge plus ou moins s\u00e9v\u00e8rement : le manque de visibilit\u00e9 sur les revenus tir\u00e9s des droits TV, si ce n\u2019est qu\u2019ils seront inf\u00e9rieurs aux derni\u00e8res saisons. Pas de quoi pousser \u00e0 la d\u00e9pense.<\/p>\n<p>Alors, pour se renforcer, la majorit\u00e9 recrute malin soit sous la forme d\u2019un pr\u00eat assorti ou non d\u2019une option d\u2019achat, soit des profils libres contractuellement.<\/p>\n<p>Ce que les clubs de la Ligue 1 ont d\u00e9pens\u00e9 \u00e0 mi-mercato d\u2019hiver<\/p>\n<p>Paris Saint\u2011Germain = 0 \u20ac<br \/>Olympique de Marseille = 0 \u20ac<br \/>RC Strasbourg = 0 \u20ac<br \/>Le Havre AC = 0 \u20ac<br \/>LOSC Lille = 0 \u20ac<br \/>Stade Rennais = 0 \u20ac<br \/>AS Monaco = 0 \u20ac<br \/>AJ Auxerre = 0 \u20ac<br \/>Angers SCO = 0 \u20ac<br \/>FC Lorient = 0 \u20ac<br \/>FC Metz = 0 \u20ac<br \/>Paris FC = 0 \u20ac<br \/>Toulouse FC = 0 \u20ac<br \/>Stade brestois 29 = 0 \u20ac<br \/>Olympique Lyonnais = 1 M\u20ac<br \/>OGC Nice = 1,5 M\u20ac<br \/>RC Lens = 2 M\u20ac<br \/>FC Nantes = 2,5 M\u20ac<\/p>\n","protected":false},"excerpt":{"rendered":"Un mercato qui tarde \u00e0 d\u00e9marrer en Ligue 1 du c\u00f4t\u00e9 des recrues. Gageons que la deuxi\u00e8me mi-temps&hellip;\n","protected":false},"author":2,"featured_media":668759,"comment_status":"","ping_status":"","sticky":false,"template":"","format":"standard","meta":{"footnotes":""},"categories":[1410],"tags":[4428,2266,3317,8113,462,63,1011,27,4447,66,2267,2268,241,149,93,2264,4448,60,4449,3087,4450,969],"class_list":{"0":"post-668758","1":"post","2":"type-post","3":"status-publish","4":"format-standard","5":"has-post-thumbnail","7":"category-football","8":"tag-aj-auxerre","9":"tag-as-monaco","10":"tag-fc-lorient","11":"tag-fc-metz","12":"tag-fc-nantes","13":"tag-football","14":"tag-fr","15":"tag-france","16":"tag-le-havre-ac","17":"tag-ligue-1","18":"tag-losc","19":"tag-ogc-nice","20":"tag-ol","21":"tag-om","22":"tag-psg","23":"tag-rc-lens","24":"tag-rc-strasbourg","25":"tag-sports","26":"tag-stade-brestois","27":"tag-stade-rennais","28":"tag-tfc","29":"tag-transfert"},"share_on_mastodon":{"url":"https:\/\/pubeurope.com\/@fr\/115907344901173935","error":""},"_links":{"self":[{"href":"https:\/\/www.europesays.com\/fr\/wp-json\/wp\/v2\/posts\/668758","targetHints":{"allow":["GET"]}}],"collection":[{"href":"https:\/\/www.europesays.com\/fr\/wp-json\/wp\/v2\/posts"}],"about":[{"href":"https:\/\/www.europesays.com\/fr\/wp-json\/wp\/v2\/types\/post"}],"author":[{"embeddable":true,"href":"https:\/\/www.europesays.com\/fr\/wp-json\/wp\/v2\/users\/2"}],"replies":[{"embeddable":true,"href":"https:\/\/www.europesays.com\/fr\/wp-json\/wp\/v2\/comments?post=668758"}],"version-history":[{"count":0,"href":"https:\/\/www.europesays.com\/fr\/wp-json\/wp\/v2\/posts\/668758\/revisions"}],"wp:featuredmedia":[{"embeddable":true,"href":"https:\/\/www.europesays.com\/fr\/wp-json\/wp\/v2\/media\/668759"}],"wp:attachment":[{"href":"https:\/\/www.europesays.com\/fr\/wp-json\/wp\/v2\/media?parent=668758"}],"wp:term":[{"taxonomy":"category","embeddable":true,"href":"https:\/\/www.europesays.com\/fr\/wp-json\/wp\/v2\/categories?post=668758"},{"taxonomy":"post_tag","embeddable":true,"href":"https:\/\/www.europesays.com\/fr\/wp-json\/wp\/v2\/tags?post=668758"}],"curies":[{"name":"wp","href":"https:\/\/api.w.org\/{rel}","templated":true}]}}