{"id":668764,"date":"2026-01-16T23:24:13","date_gmt":"2026-01-16T23:24:13","guid":{"rendered":"https:\/\/www.europesays.com\/fr\/668764\/"},"modified":"2026-01-16T23:24:13","modified_gmt":"2026-01-16T23:24:13","slug":"je-ne-suis-pas-dans-mon-pays-lea-star-academy-se-confie-sur-la-difficulte-detre-loin-de-ses-proches-en-suisse","status":"publish","type":"post","link":"https:\/\/www.europesays.com\/fr\/668764\/","title":{"rendered":"\u00ab\u00a0Je ne suis pas dans mon pays\u00a0\u00bb : L\u00e9a (Star Academy) se confie sur la difficult\u00e9 d&rsquo;\u00eatre loin de ses proches en Suisse"},"content":{"rendered":"<p>Dans la quotidienne de la Star Academy diffus\u00e9e ce vendredi 16 janvier, L\u00e9a, originaire de Suisse, s&rsquo;est confi\u00e9e sur son mal du pays, trois mois apr\u00e8s son arriv\u00e9e au ch\u00e2teau de Dammarie-les-Lys. <\/p>\n<p>Trois mois apr\u00e8s son arriv\u00e9e au ch\u00e2teau de Dammarie-les-Lys, L\u00e9a conna\u00eet enfin un peu de r\u00e9pit. En remportant la battle du top 3 lors du dernier prime, la candidate est devenue <a href=\"https:\/\/www.programme-tv.net\/news\/tv\/395565-star-academy-qui-est-l-eleve-immunise-pour-le-prime-du-samedi-17-janvier-et-qui-accede-a-la-demi-finale\/\" data-api-deeplink=\"teleloisirs:\/\/news\/395565\" target=\"_blank\" rel=\"noopener\">la premi\u00e8re demi-finaliste de la Star Academy 2025<\/a>. En attendant de d\u00e9couvrir qui elle affrontera lors de cette \u00e9tape d\u00e9cisive de la comp\u00e9tition, la jeune femme de 22 ans a pleinement profit\u00e9 de sa semaine au ch\u00e2teau de Dammarie-les-Lys. D&rsquo;autant plus que les candidats ont \u00e9t\u00e9 particuli\u00e8rement g\u00e2t\u00e9s. Apr\u00e8s avoir assist\u00e9 \u00e0 <a href=\"https:\/\/www.programme-tv.net\/news\/tv\/395898-sortie-tres-glamour-pour-les-eleves-de-la-star-academy-a-l-avant-premiere-de-la-serie-bridgerton-photos\/\" data-api-deeplink=\"teleloisirs:\/\/news\/395898\" target=\"_blank\" rel=\"noopener\">l&rsquo;avant-premi\u00e8re de la quatri\u00e8me saison de la s\u00e9rie Bridgerton<\/a> \u00e0 Paris, Ambre, Bastiaan, L\u00e9a, Victor et Sarah ont re\u00e7u <a href=\"https:\/\/www.programme-tv.net\/news\/tv\/395915-c-est-tellement-fou-les-acteurs-de-bridgerton-debarquent-au-chateau-de-la-star-academy-les-eleves-surexcites\/\" data-api-deeplink=\"teleloisirs:\/\/news\/395915\" target=\"_blank\" rel=\"noopener\">la visite de Luke Thompson et de Yerin Ha au ch\u00e2teau<\/a>. Lors d&rsquo;une masterclass organis\u00e9e par Marl\u00e8ne Schaff et diffus\u00e9e ce vendredi 16 janvier, les deux acteurs sont revenus sur leur parcours et leur exp\u00e9rience professionnelle, partageant leurs conseils avec les acad\u00e9miciens.<\/p>\n<p>R\u00e9sidant en Australie, Yerin Ha s&rsquo;est notamment confi\u00e9e sur les nombreux d\u00e9placements qu&rsquo;implique sa carri\u00e8re. \u00ab\u00a0J&rsquo;ai souvent \u00e9t\u00e9 loin de chez moi sur de longues p\u00e9riodes pour le travail. Alors, j&rsquo;ai facilement le mal du pays et je peux me sentir tr\u00e8s seule. C&rsquo;est une chance de pouvoir bien s&rsquo;entendre avec les gens avec qui l&rsquo;on travaille, et ce n&rsquo;est pas toujours le cas. Mais j&rsquo;ai eu de la chance sur Bridgerton. Mes coll\u00e8gues sont devenus ma famille, donc je n&rsquo;ai pas trop eu le mal du pays. Quand \u00e7a m&rsquo;arrivait, j&rsquo;allais dans un restaurant cor\u00e9en et je faisais comme si ma m\u00e8re avait cuisin\u00e9\u00a0\u00bb, a confi\u00e9 l&rsquo;actrice, qui interpr\u00e8te le r\u00f4le de Sophie Baek.<\/p>\n<p>Star Academy : L\u00e9a, loin de ses proches en Suisse, se confie sur son mal du pays<\/p>\n<p>Les confidences de Yerin Ha ont fait \u00e9cho aupr\u00e8s de L\u00e9a. Au confessionnal, la candidate originaire de Suisse s&rsquo;est confi\u00e9e sur son mal du pays. \u00ab\u00a0Les mots de Yerin r\u00e9sonnent en moi parce que je me sens un peu pareil. Je ne suis pas dans mon pays, \u00e7a fait trois mois que je ne suis pas rentr\u00e9e chez moi et, du coup, on s&rsquo;inspire de ce qu&rsquo;ils nous disent et on arrive \u00e0 cr\u00e9er des liens avec ce qu&rsquo;on vit nous\u00a0\u00bb, a expliqu\u00e9 la candidate, faisant le lien entre son exp\u00e9rience et celle de l&rsquo;actrice<\/p>\n","protected":false},"excerpt":{"rendered":"Dans la quotidienne de la Star Academy diffus\u00e9e ce vendredi 16 janvier, L\u00e9a, originaire de Suisse, s&rsquo;est confi\u00e9e&hellip;\n","protected":false},"author":2,"featured_media":668765,"comment_status":"","ping_status":"","sticky":false,"template":"","format":"standard","meta":{"footnotes":""},"categories":[1356],"tags":[244,58,59,1011,27,66789,5095,252,199,1364],"class_list":{"0":"post-668764","1":"post","2":"type-post","3":"status-publish","4":"format-standard","5":"has-post-thumbnail","7":"category-television","8":"tag-commentaire","9":"tag-divertissement","10":"tag-entertainment","11":"tag-fr","12":"tag-france","13":"tag-lu00e9a-star-academy-2025","14":"tag-star-academy","15":"tag-television","16":"tag-tf1","17":"tag-tv"},"share_on_mastodon":{"url":"https:\/\/pubeurope.com\/@fr\/115907360437336164","error":""},"_links":{"self":[{"href":"https:\/\/www.europesays.com\/fr\/wp-json\/wp\/v2\/posts\/668764","targetHints":{"allow":["GET"]}}],"collection":[{"href":"https:\/\/www.europesays.com\/fr\/wp-json\/wp\/v2\/posts"}],"about":[{"href":"https:\/\/www.europesays.com\/fr\/wp-json\/wp\/v2\/types\/post"}],"author":[{"embeddable":true,"href":"https:\/\/www.europesays.com\/fr\/wp-json\/wp\/v2\/users\/2"}],"replies":[{"embeddable":true,"href":"https:\/\/www.europesays.com\/fr\/wp-json\/wp\/v2\/comments?post=668764"}],"version-history":[{"count":0,"href":"https:\/\/www.europesays.com\/fr\/wp-json\/wp\/v2\/posts\/668764\/revisions"}],"wp:featuredmedia":[{"embeddable":true,"href":"https:\/\/www.europesays.com\/fr\/wp-json\/wp\/v2\/media\/668765"}],"wp:attachment":[{"href":"https:\/\/www.europesays.com\/fr\/wp-json\/wp\/v2\/media?parent=668764"}],"wp:term":[{"taxonomy":"category","embeddable":true,"href":"https:\/\/www.europesays.com\/fr\/wp-json\/wp\/v2\/categories?post=668764"},{"taxonomy":"post_tag","embeddable":true,"href":"https:\/\/www.europesays.com\/fr\/wp-json\/wp\/v2\/tags?post=668764"}],"curies":[{"name":"wp","href":"https:\/\/api.w.org\/{rel}","templated":true}]}}