{"id":668766,"date":"2026-01-16T23:25:11","date_gmt":"2026-01-16T23:25:11","guid":{"rendered":"https:\/\/www.europesays.com\/fr\/668766\/"},"modified":"2026-01-16T23:25:11","modified_gmt":"2026-01-16T23:25:11","slug":"ex-membre-des-enfoires-jean-jacques-goldman-balance-sur-coluche-quand-il-debarque-dans","status":"publish","type":"post","link":"https:\/\/www.europesays.com\/fr\/668766\/","title":{"rendered":"Ex-membre des Enfoir\u00e9s, Jean-Jacques Goldman balance sur Coluche : \u201cQuand il d\u00e9barque dans\u2026\u201d"},"content":{"rendered":"<p><strong>Jean-Jacques Goldman<\/strong> a tout vu, tout connu.<br \/>\nDans le monde de la musique en France, du moins, et plus largement<br \/>\ndu divertissement. <strong>Car, on l\u2019oublie, mais c\u2019est lui qui a<br \/>\nsign\u00e9 le c\u00e9l\u00e8bre hymne des Restos du c\u0153ur de Coluche en<br \/>\n1985.<\/strong> Soit un an avant la mort tragique de l\u2019humoriste<br \/>\nengag\u00e9. Toutefois, le chanteur et le cr\u00e9ateur de l\u2019asso venant en<br \/>\naide aux plus d\u00e9munis, n\u2019ont jamais \u00e9t\u00e9 vraiment tr\u00e8s proches. Et<br \/>\ncela m\u00eame si Goldman s\u2019est impos\u00e9 naturellement comme le leader des<br \/>\n<strong>Enfoir\u00e9s<\/strong>, la troupe des Restos, apr\u00e8s la mort de<br \/>\nColuche sur l\u2019impulsion de sa veuve, <strong>V\u00e9ronique<br \/>\nColucci<\/strong>.<\/p>\n<p>Jean-Jacques Goldman : chanteur ultime des ann\u00e9es 80 en<br \/>\nFrance<\/p>\n<p>C\u2019est \u00e0 partir du d\u00e9but des ann\u00e9es 80 que Jean-Jacques Goldman<br \/>\ndevient une star de la chanson fran\u00e7aise. <strong>Ses chansons<br \/>\nf\u00e9d\u00e9ratrices, aux refrains aussi ent\u00eatants qu\u2019efficaces, bousculent<br \/>\nl\u2019industrie musicale.<\/strong> Le personnage aussi, puisqu\u2019il n\u2019y<br \/>\nen a pas. Le chanteur se veut vrai, sans artifice ni direction<br \/>\nartistique pompeuse. <a href=\"https:\/\/www.melty.fr\/people\/jean-jacques-goldman-honnete-fait-cette-mise-au-point-des-gens-qui-suivent-des-moutons-2289364.html\" target=\"_blank\" rel=\"noopener\"><br \/>\nD\u2019une rare simplicit\u00e9, celui-ci devient la nouvelle idole<\/a> des<br \/>\njeunes renvoyant au placard un <strong>Johnny Hallyday<\/strong><br \/>\nessor\u00e9\u2026<\/p>\n<p><strong>Ainsi, plus de 40 ans plus tard, Jean-Jacques Goldman<br \/>\nappara\u00eet comme le chanteur fran\u00e7ais ultime des 80\u2019s.<\/strong><br \/>\nDevant les <strong>Patrick Bruel<\/strong>, <strong>Marc<br \/>\nLavoine<\/strong> et consorts\u2026 Car la notori\u00e9t\u00e9 de l\u2019interpr\u00e8te<br \/>\nd\u2019Il suffira d\u2019un signe n\u2019a jamais faibli. Il s\u2019est retir\u00e9<br \/>\nde la vie m\u00e9diatique apr\u00e8s un ultime album, Chansons pour les<br \/>\npieds, en 2001. 25 ans que celui-ci qui est r\u00e9guli\u00e8rement la<br \/>\npersonnalit\u00e9 pr\u00e9f\u00e9r\u00e9e des Fran\u00e7ais n\u2019a pas fait de disque.<\/p>\n<p>Coluche fonde Les Resto du coeur un an avant sa mort<br \/>\naccidentelle<\/p>\n<p>Goldman est un chanteur engag\u00e9. La preuve ? Il a compos\u00e9 le<br \/>\nc\u00e9l\u00e8bre hymne des Restos du c\u0153ur, association fond\u00e9e par <a href=\"https:\/\/www.melty.fr\/people\/presque-40-ans-la-mort-de-coluche-en-moto-ce-chauffeur-balance-sur-la-tragedie-tres-grave-2227388.html\" target=\"_blank\" rel=\"noopener\"><br \/>\nColuche un an avant sa mort accidentelle en moto<\/a>.<br \/>\n<strong>La Chanson des Restos, comme d\u00a0\u00bbautres \u0153uvres de<br \/>\nl\u2019artiste, est devenue un tube qui traverse les \u00e2ges.<\/strong> En<br \/>\nplus d\u2019un titre f\u00e9d\u00e9rateur qui interpelle encore aujourd\u2019hui. Car,<br \/>\nsi Coluche est d\u00e9c\u00e9d\u00e9 il y a 40 ans cette ann\u00e9e, Les Restos, eux,<br \/>\nsont plus que jamais d\u2019actualit\u00e9.<\/p>\n<p><strong>Au d\u00e9part, ce n\u2019est pas Coluche qui fait appel \u00e0 Goldman<br \/>\npour la chanson.<\/strong> On lui sugg\u00e8re le nom du chanteur car<br \/>\ncelui-ci est une v\u00e9ritable star, en plus d\u2019une machine \u00e0 tubes,<br \/>\ndepuis une poign\u00e9e d\u2019ann\u00e9es \u00e0 l\u2019\u00e9poque. Ainsi, <strong>Michel<br \/>\nColucci<\/strong>, de son vrai nom, demande \u00e0 Jean-Jacques Goldman<br \/>\nde lui composer et d&rsquo;\u00e9crire une chanson engag\u00e9e. Une sorte d\u2019appel,<br \/>\nen musique, rappelant celui de l\u2019<strong>Abb\u00e9 Pierre<\/strong> lors<br \/>\ndu tristement c\u00e9l\u00e8bre Hiver 1954.<\/p>\n<p>Jean-Jacques Goldman, ses rares<br \/>\nconfidences sur le d\u00e9funt Coluche<\/p>\n<p>Forc\u00e9ment, la Goldman Touch op\u00e8re directement. La<br \/>\nChanson des restos, sortie quelques mois avant la mort de<br \/>\nColuche, fait un tabac. <strong>Ses paroles sont simples mais<br \/>\nchocs, touchantes mais faciles \u00e0 retenir.<\/strong> Un peu l\u2019ADN de<br \/>\ntout le r\u00e9pertoire musical de Goldman, en somme. Une fois dans les<br \/>\nbacs, le single se vend \u00e0 plus de <strong>500 000<br \/>\nexemplaires<\/strong>. Coluche trouve ici son slogan pour Les<br \/>\nRestos. Goldman, lui, assoit d\u00e9finitivement sa stature de star.<\/p>\n<p>Dans un documentaire consacr\u00e9 aux 40 ans des Restos du c\u0153ur,<br \/>\nJean-Jacques Goldman l\u00e8ve le voile sur la gen\u00e8se d\u2019un tel morceau<br \/>\net sur sa relation avec Coluche : \u201cJe l\u2019avais crois\u00e9 mais je<br \/>\npeux pas dire que je le connaissais.\u201d L\u2019artiste rench\u00e9rit avec<br \/>\nun brin de malice face cam\u00e9ra : \u201cD\u2019ailleurs, je ne sais pas si<br \/>\nje l\u2019ai jamais connu. <strong>Coluche, quand il d\u00e9barque dans une<br \/>\nloge et quand il parle, il a un pouvoir de conviction,<br \/>\nd&rsquo;entra\u00eenement.<\/strong> C&rsquo;\u00e9tait un chef, quoi.\u201d Concernant<br \/>\nl\u2019hymne des Restos, JJG affirme : \u201cDonc, tu dis oui.\u201d Un<br \/>\npeu plus tard, dans le m\u00eame docu, il raconte comment Coluche lui a<br \/>\nfait un pr\u00e9sent particulier avant de mourir : \u201cIl m\u2019a<br \/>\nt\u00e9l\u00e9phon\u00e9, un jour, il me dit : \u2018Est-ce que t\u2019es chez toi<br \/>\n?\u2019 [&#8230;] Une demi-heure apr\u00e8s, il est l\u00e0, avec une<br \/>\nhousse de guitare. \u2018Bah tiens, c\u2019est un cadeau pour te<br \/>\nremercier pour La Chanson des Restos\u2019 [&#8230;]\u201d C\u2019est la<br \/>\n<strong>Gibson<\/strong> de Goldman, sur laquelle il a trop saign\u00e9,<br \/>\nqui a d\u00fb \u00eatre jalouse d\u2019une telle marque d&rsquo;affection !<\/p>\n","protected":false},"excerpt":{"rendered":"Jean-Jacques Goldman a tout vu, tout connu. Dans le monde de la musique en France, du moins, et&hellip;\n","protected":false},"author":2,"featured_media":668767,"comment_status":"","ping_status":"","sticky":false,"template":"","format":"standard","meta":{"footnotes":""},"categories":[1355],"tags":[905,58,59,1011,27,61777,7195,1361,873,65861,729],"class_list":{"0":"post-668766","1":"post","2":"type-post","3":"status-publish","4":"format-standard","5":"has-post-thumbnail","7":"category-musique","8":"tag-a-la-une-melty","9":"tag-divertissement","10":"tag-entertainment","11":"tag-fr","12":"tag-france","13":"tag-has_video","14":"tag-jean-jacques-goldman","15":"tag-music","16":"tag-musique","17":"tag-trend","18":"tag-yout_video"},"share_on_mastodon":{"url":"https:\/\/pubeurope.com\/@fr\/115907364423160195","error":""},"_links":{"self":[{"href":"https:\/\/www.europesays.com\/fr\/wp-json\/wp\/v2\/posts\/668766","targetHints":{"allow":["GET"]}}],"collection":[{"href":"https:\/\/www.europesays.com\/fr\/wp-json\/wp\/v2\/posts"}],"about":[{"href":"https:\/\/www.europesays.com\/fr\/wp-json\/wp\/v2\/types\/post"}],"author":[{"embeddable":true,"href":"https:\/\/www.europesays.com\/fr\/wp-json\/wp\/v2\/users\/2"}],"replies":[{"embeddable":true,"href":"https:\/\/www.europesays.com\/fr\/wp-json\/wp\/v2\/comments?post=668766"}],"version-history":[{"count":0,"href":"https:\/\/www.europesays.com\/fr\/wp-json\/wp\/v2\/posts\/668766\/revisions"}],"wp:featuredmedia":[{"embeddable":true,"href":"https:\/\/www.europesays.com\/fr\/wp-json\/wp\/v2\/media\/668767"}],"wp:attachment":[{"href":"https:\/\/www.europesays.com\/fr\/wp-json\/wp\/v2\/media?parent=668766"}],"wp:term":[{"taxonomy":"category","embeddable":true,"href":"https:\/\/www.europesays.com\/fr\/wp-json\/wp\/v2\/categories?post=668766"},{"taxonomy":"post_tag","embeddable":true,"href":"https:\/\/www.europesays.com\/fr\/wp-json\/wp\/v2\/tags?post=668766"}],"curies":[{"name":"wp","href":"https:\/\/api.w.org\/{rel}","templated":true}]}}