{"id":668780,"date":"2026-01-16T23:32:14","date_gmt":"2026-01-16T23:32:14","guid":{"rendered":"https:\/\/www.europesays.com\/fr\/668780\/"},"modified":"2026-01-16T23:32:14","modified_gmt":"2026-01-16T23:32:14","slug":"vingt-ans-apres-il-na-plus-le-meme-corps-sa-corpulence-de-bete-de-somme-surentrainee-au-combat-prete-et-dispo-pour-jouer-avec-la-mort-a-fondu-comme-neige-au-soleil","status":"publish","type":"post","link":"https:\/\/www.europesays.com\/fr\/668780\/","title":{"rendered":"\u00ab\u00a0Vingt ans apr\u00e8s, il n\u2019a plus le m\u00eame corps, sa corpulence de b\u00eate de somme surentra\u00een\u00e9e au combat, pr\u00eate et dispo pour jouer avec la mort, a fondu comme neige au soleil\u00a0\u00bb"},"content":{"rendered":"<p>                     <img loading=\"lazy\" decoding=\"async\" src=\"https:\/\/www.europesays.com\/fr\/wp-content\/uploads\/2026\/01\/2c9685b_ftp-1-3fnykxlpcnlk-412175-3453694.jpg\" alt=\"\u00ab Confluence Shadows \u00bb, Wickliffe, Kentucky, 2024, Josh Chaney.\"   width=\"664\" height=\"443\"\/>    \u00ab Confluence Shadows \u00bb, Wickliffe, Kentucky, 2024, Josh Chaney.  JOSH CHANEY                 <\/p>\n<p class=\"article__paragraph  \">Il n\u2019est pas assez couvert. Malgr\u00e9 le soleil d\u2019hiver suffisamment fort pour que l\u2019immense croix dans son dos complote une ombre de g\u00e9ant affam\u00e9 sur l\u2019herbe br\u00fbl\u00e9e par le gel, il a froid. Son treillis est trop l\u00e9ger. C\u2019est un treillis d\u2019\u00e9t\u00e9. Un de ceux qu\u2019il portait en Irak en\u00a02003, quand il vivait dans un tank, soldat s\u00e9dat\u00e9 sous il ne sait toujours pas quelles drogues, oblig\u00e9 \u00e0 tout faire pour tuer le moins possible, \u00e0 voir mourir ses amis les uns apr\u00e8s les autres.<\/p>\n<p class=\"article__paragraph  \">C\u2019est un de ceux qu\u2019il a gard\u00e9s et qu\u2019il porte r\u00e9guli\u00e8rement parce qu\u2019il n\u2019a pas d\u2019autre choix que de se souvenir, parce que le tr\u00e9fonds de son \u00e2me a le dessin de cet imprim\u00e9 camouflage dans lequel il a v\u00e9cu les pires ann\u00e9es de sa vie, celles qui ont condamn\u00e9 toutes les autres. Il les porte encore parce qu\u2019il ne se sent \u00e0 sa place nulle part ailleurs que dans les souvenirs horribles de la guerre. C\u2019est son seul pays. Car l\u2019autre, l\u2019officiel, les Etats-Unis, ne fait vraiment pas grand-chose pour qu\u2019il se sente am\u00e9ricain ces temps-ci.<\/p>\n<p class=\"article__paragraph  \">Le pantalon ne tient plus sur sa taille. Vingt ans apr\u00e8s, il n\u2019a plus le m\u00eame corps, sa corpulence de b\u00eate de somme surentra\u00een\u00e9e au combat, pr\u00eate et dispo pour jouer avec la mort, a fondu comme neige au soleil. Il l\u2019a habill\u00e9 d\u2019une ceinture paillet\u00e9e, de ses colliers, deux minimum, de ses bagues aussi, \u00e0 tous les doigts, avec des visages sculpt\u00e9s, parce que lui n\u2019a plus de visage et a tous les visages de l\u2019humanit\u00e9 \u00e0 la fois. Le sien est recouvert de tatouages de toutes les couleurs, sur le nez, le front, le cr\u00e2ne, les joues.<\/p>\n<p class=\"reading-mode-only \"><strong>Il vous reste 61.17% de cet article \u00e0 lire. La suite est r\u00e9serv\u00e9e aux abonn\u00e9s.<\/strong><\/p>\n","protected":false},"excerpt":{"rendered":"\u00ab Confluence Shadows \u00bb, Wickliffe, Kentucky, 2024, Josh Chaney. JOSH CHANEY Il n\u2019est pas assez couvert. Malgr\u00e9 le&hellip;\n","protected":false},"author":2,"featured_media":668781,"comment_status":"","ping_status":"","sticky":false,"template":"","format":"standard","meta":{"footnotes":""},"categories":[5],"tags":[11,1011,27,14,12,28],"class_list":{"0":"post-668780","1":"post","2":"type-post","3":"status-publish","4":"format-standard","5":"has-post-thumbnail","7":"category-international","8":"tag-actualites","9":"tag-fr","10":"tag-france","11":"tag-international","12":"tag-news","13":"tag-world"},"share_on_mastodon":{"url":"https:\/\/pubeurope.com\/@fr\/115907391991914634","error":""},"_links":{"self":[{"href":"https:\/\/www.europesays.com\/fr\/wp-json\/wp\/v2\/posts\/668780","targetHints":{"allow":["GET"]}}],"collection":[{"href":"https:\/\/www.europesays.com\/fr\/wp-json\/wp\/v2\/posts"}],"about":[{"href":"https:\/\/www.europesays.com\/fr\/wp-json\/wp\/v2\/types\/post"}],"author":[{"embeddable":true,"href":"https:\/\/www.europesays.com\/fr\/wp-json\/wp\/v2\/users\/2"}],"replies":[{"embeddable":true,"href":"https:\/\/www.europesays.com\/fr\/wp-json\/wp\/v2\/comments?post=668780"}],"version-history":[{"count":0,"href":"https:\/\/www.europesays.com\/fr\/wp-json\/wp\/v2\/posts\/668780\/revisions"}],"wp:featuredmedia":[{"embeddable":true,"href":"https:\/\/www.europesays.com\/fr\/wp-json\/wp\/v2\/media\/668781"}],"wp:attachment":[{"href":"https:\/\/www.europesays.com\/fr\/wp-json\/wp\/v2\/media?parent=668780"}],"wp:term":[{"taxonomy":"category","embeddable":true,"href":"https:\/\/www.europesays.com\/fr\/wp-json\/wp\/v2\/categories?post=668780"},{"taxonomy":"post_tag","embeddable":true,"href":"https:\/\/www.europesays.com\/fr\/wp-json\/wp\/v2\/tags?post=668780"}],"curies":[{"name":"wp","href":"https:\/\/api.w.org\/{rel}","templated":true}]}}