{"id":668782,"date":"2026-01-16T23:33:14","date_gmt":"2026-01-16T23:33:14","guid":{"rendered":"https:\/\/www.europesays.com\/fr\/668782\/"},"modified":"2026-01-16T23:33:14","modified_gmt":"2026-01-16T23:33:14","slug":"cette-nouvelle-facon-denqueter-sur-dominique-pelicot-peut-changer-beaucoup-de-choses","status":"publish","type":"post","link":"https:\/\/www.europesays.com\/fr\/668782\/","title":{"rendered":"Cette nouvelle fa\u00e7on d\u2019enqu\u00eater sur Dominique Pelicot peut changer beaucoup de choses"},"content":{"rendered":"<p>        <img decoding=\"async\" loading=\"lazy\" src=\"https:\/\/www.europesays.com\/fr\/wp-content\/uploads\/2026\/01\/4699e2a_upload-1-h6xg8jrtuqgw-afp-20260116-92yh7cq-v2-highres-filesfrancejusticeinvestigationassault.jpeg\"  width=\"728\" height=\"409\" alt=\"Ce croquis d\u2019audience, r\u00e9alis\u00e9 au tribunal d\u2019Avignon, dans le sud-est de la France, le 25\u00a0novembre 2024, montre l\u2019accus\u00e9 Dominique Pelicot (en haut \u00e0 droite) lors de son proc\u00e8s.\"\/>  <\/p>\n<p>BENOIT PEYRUCQ \/ AFP<\/p>\n<p>Ce croquis d\u2019audience, r\u00e9alis\u00e9 au tribunal d\u2019Avignon, dans le sud-est de la France, le 25\u00a0novembre 2024, montre l\u2019accus\u00e9 Dominique Pelicot (en haut \u00e0 droite) lors de son proc\u00e8s.<\/p>\n<p class=\"asset asset-text\">Dominique Pelicot n\u2019en a pas fini avec la justice. Le p\u00f4le cold cases de Nanterre enqu\u00eate d\u00e9sormais sur les \u00ab\u00a0parcours criminels\u00a0\u00bb du principal condamn\u00e9 <a href=\"https:\/\/www.huffingtonpost.fr\/international\/article\/en-allemagne-cette-condamnation-de-justice-rappelle-etrangement-l-affaire-mazan_258440.html\" target=\"_blank\" rel=\"noopener\">des viols de Mazan<\/a>, mais aussi du tueur en s\u00e9rie Fran\u00e7ois V\u00e9rove, <a href=\"https:\/\/www.huffingtonpost.fr\/culture\/article\/insoupconnable-l-affaire-du-grele-france-2-revient-sur-l-histoire-hors-du-commun-du-policier-tueur-en-serie-clx1_239839.html\" target=\"_blank\" rel=\"noopener\">surnomm\u00e9 \u00ab\u00a0Le Gr\u00eal\u00e9\u00a0\u00bb<\/a>, a indiqu\u00e9 ce vendredi 16\u00a0janvier le parquet de Nanterre.<\/p>\n<p class=\"asset asset-text\">Les investigations sur ces \u00ab\u00a0parcours criminels\u00a0\u00bb, destin\u00e9es \u00e0 identifier d\u2019autres victimes potentielles, ont \u00e9t\u00e9 d\u00e9clench\u00e9es lundi 12\u00a0janvier, a pr\u00e9cis\u00e9 le minist\u00e8re public, <a href=\"https:\/\/www.rtl.fr\/actu\/justice-faits-divers\/info-rtl-dominique-pelicot-un-parcours-criminel-ouvert-au-pole-cold-case-a-la-recherche-d-autres-victimes-7900589069\" target=\"_blank\" rel=\"noopener\" title=\"Nouvelle fen\u00eatre\">confirmant une information de RTL<\/a>.<\/p>\n<p class=\"asset asset-text\">D\u00e9j\u00e0 ce week-end sur BFMTV, dans l\u2019\u00e9mission judiciaire Affaire suivante, <a href=\"https:\/\/www.bfmtv.com\/police-justice\/un-parcours-criminel-ouvert-au-sujet-de-dominique-pelicot-au-pole-cold-cases_AN-202601160668.html\" target=\"_blank\" rel=\"noopener\" title=\"Nouvelle fen\u00eatre\">deux magistrats \u00e9voquaient cette information<\/a>.<\/p>\n<p class=\"asset asset-text\">\u00ab\u00a0Le parcours criminel de Dominique Pelicot s\u2019inscrit dans l\u2019information judiciaire qui a \u00e9t\u00e9 ouverte \u00e0 l\u2019origine. En 2015, la juge d\u2019instruction Nathalie Turquey est saisie de deux enqu\u00eates qui sont rapproch\u00e9es (deux cold cases dans lesquels est soup\u00e7onn\u00e9 Dominique Pelicot, NDLR), et r\u00e9cup\u00e8re ce dossier. Et le parcours criminel s\u2019inscrit dans le cadre de cette information judiciaire\u00a0\u00bb, indiquait ainsi Marie-C\u00e9line Lawrysz.<\/p>\n<p class=\"asset asset-text\"><a href=\"https:\/\/www.huffingtonpost.fr\/france\/article\/dominique-pelicot-a-ecrit-un-livre-mais-ne-sait-pas-encore-s-il-sera-publie_257637.html\" target=\"_blank\" rel=\"noopener\">Dominique Pelicot<\/a> a \u00e9t\u00e9 condamn\u00e9 en 2024 \u00e0 20\u00a0ans de r\u00e9clusion pour avoir drogu\u00e9 sa femme Gis\u00e8le afin de la violer et de la livrer \u00e0 des dizaines d\u2019inconnus dans leur maison de Mazan, entre 2011 et 2020.<\/p>\n<p class=\"asset asset-text\">Ancien gendarme et ex-policier, Fran\u00e7ois V\u00e9rove, tueur en s\u00e9rie surnomm\u00e9 \u00ab\u00a0Le Gr\u00eal\u00e9\u00a0\u00bb, s\u2019est lui donn\u00e9 la mort en septembre\u00a02021 alors qu\u2019il \u00e9tait convoqu\u00e9 par des enqu\u00eateurs.<\/p>\n<p>    \u00ab\u00a0On inverse le raisonnement\u00a0\u00bb    <\/p>\n<p class=\"asset asset-text\">Ces deux nouvelles proc\u00e9dures portent \u00e0 15 le nombre de parcours criminels \u00e9tudi\u00e9s par le p\u00f4le d\u00e9di\u00e9 aux crimes s\u00e9riels ou non \u00e9lucid\u00e9s, inaugur\u00e9 en 2022, qui permettent aux magistrats de reconstituer la vie de tueurs ou de mis en cause suspect\u00e9s d\u2019avoir commis plusieurs crimes pour tenter d\u2019identifier de nouvelles victimes. Parmi ces parcours \u00e9tudi\u00e9s, on trouve notamment ceux de Michel Fourniret et Monique Olivier, Francis Heaulme ou encore Nordahl Lelandais, note RTL.<\/p>\n<p class=\"asset asset-text\">\u00ab\u00a0On inverse le raisonnement, on ne part plus des faits, nous allons \u00e9tudier le parcours de vie d\u2019un individu, tous les lieux fr\u00e9quent\u00e9s par ce dernier, les dates auxquelles les lieux ont \u00e9t\u00e9 occup\u00e9s par cet individu, dans la mesure o\u00f9 l\u2019on peut, peut-\u00eatre, rapprocher des faits non \u00e9lucid\u00e9s commis \u00e0 ces dates-l\u00e0 et dans des lieux fr\u00e9quent\u00e9s par ces individus \u00e0 ce moment-l\u00e0\u00a0\u00bb, d\u00e9taillait encore Marie-C\u00e9line Lawrysz sur BFMTV dimanche.<\/p>\n<p class=\"asset asset-text\">Outre sa condamnation pour les viols de son ex-femme Gis\u00e8le, \u00e0 Mazan, Dominique Pelicot est mis en examen pour <a href=\"https:\/\/www.huffingtonpost.fr\/justice\/article\/dominique-pelicot-interroge-dans-deux-cold-case-dans-lesquels-il-est-le-principal-suspect_245506.html\" target=\"_blank\" rel=\"noopener\">deux crimes sur lesquels enqu\u00eate le p\u00f4le<\/a>\u00a0: un viol suivi d\u2019un meurtre \u00e0 Paris en 1991 et une tentative de viol \u00e0 Villeparisis (Seine-et-Marne) en 1999.<\/p>\n<p class=\"asset asset-text\">Il reconna\u00eet partiellement les faits dans le second dossier apr\u00e8s avoir \u00e9t\u00e9 confondu par son ADN, mais nie toute implication concernant le viol et le meurtre de 1991. Si aucune trace ADN n\u2019a \u00e9t\u00e9 retrouv\u00e9e dans ce dossier, les modes op\u00e9ratoires entre les deux affaires pr\u00e9sentent des similitudes.<\/p>\n<p class=\"asset asset-text\">\u00ab\u00a0Je (me) r\u00e9jouis (de l\u2019ouverture de ce parcours, ndlr) mais je m\u2019\u00e9tonne que cela n\u2019ait pas \u00e9t\u00e9 fait depuis longtemps\u00a0\u00bb, a r\u00e9agi aupr\u00e8s de l\u2019AFP Me Florence Rault, avocate des parties civiles dans les deux cold cases. \u00ab\u00a0Je voudrais que l\u2019on avance dans ces dossiers qui sont quand m\u00eame ouverts depuis maintenant des dizaines d\u2019ann\u00e9es\u00a0\u00bb, a-t-elle ajout\u00e9, soulignant que \u00ab\u00a0Dominique Pelicot a \u00e9t\u00e9 mis en examen en 2022, nous sommes en 2026\u00a0\u00bb.<\/p>\n","protected":false},"excerpt":{"rendered":"BENOIT PEYRUCQ \/ AFP Ce croquis d\u2019audience, r\u00e9alis\u00e9 au tribunal d\u2019Avignon, dans le sud-est de la France, le&hellip;\n","protected":false},"author":2,"featured_media":668783,"comment_status":"","ping_status":"","sticky":false,"template":"","format":"standard","meta":{"footnotes":""},"categories":[4],"tags":[11,1011,27,303,12,11218,25],"class_list":{"0":"post-668782","1":"post","2":"type-post","3":"status-publish","4":"format-standard","5":"has-post-thumbnail","7":"category-france","8":"tag-actualites","9":"tag-fr","10":"tag-france","11":"tag-justice","12":"tag-news","13":"tag-proces-des-viols-de-mazan","14":"tag-republique-francaise"},"share_on_mastodon":{"url":"https:\/\/pubeurope.com\/@fr\/115907395893276489","error":""},"_links":{"self":[{"href":"https:\/\/www.europesays.com\/fr\/wp-json\/wp\/v2\/posts\/668782","targetHints":{"allow":["GET"]}}],"collection":[{"href":"https:\/\/www.europesays.com\/fr\/wp-json\/wp\/v2\/posts"}],"about":[{"href":"https:\/\/www.europesays.com\/fr\/wp-json\/wp\/v2\/types\/post"}],"author":[{"embeddable":true,"href":"https:\/\/www.europesays.com\/fr\/wp-json\/wp\/v2\/users\/2"}],"replies":[{"embeddable":true,"href":"https:\/\/www.europesays.com\/fr\/wp-json\/wp\/v2\/comments?post=668782"}],"version-history":[{"count":0,"href":"https:\/\/www.europesays.com\/fr\/wp-json\/wp\/v2\/posts\/668782\/revisions"}],"wp:featuredmedia":[{"embeddable":true,"href":"https:\/\/www.europesays.com\/fr\/wp-json\/wp\/v2\/media\/668783"}],"wp:attachment":[{"href":"https:\/\/www.europesays.com\/fr\/wp-json\/wp\/v2\/media?parent=668782"}],"wp:term":[{"taxonomy":"category","embeddable":true,"href":"https:\/\/www.europesays.com\/fr\/wp-json\/wp\/v2\/categories?post=668782"},{"taxonomy":"post_tag","embeddable":true,"href":"https:\/\/www.europesays.com\/fr\/wp-json\/wp\/v2\/tags?post=668782"}],"curies":[{"name":"wp","href":"https:\/\/api.w.org\/{rel}","templated":true}]}}