{"id":668793,"date":"2026-01-16T23:42:15","date_gmt":"2026-01-16T23:42:15","guid":{"rendered":"https:\/\/www.europesays.com\/fr\/668793\/"},"modified":"2026-01-16T23:42:15","modified_gmt":"2026-01-16T23:42:15","slug":"toulon-josee-massi-annonce-sa-candidature","status":"publish","type":"post","link":"https:\/\/www.europesays.com\/fr\/668793\/","title":{"rendered":"Toulon : Jos\u00e9e Massi annonce sa candidature"},"content":{"rendered":"<p>        <a href=\"https:\/\/www.tv83.info\/wp-content\/uploads\/2026\/01\/AFFICHE-JOSEE-MASSI-scaled.jpg\" data-caption=\"\" target=\"_blank\" rel=\"noopener\"><img loading=\"lazy\" decoding=\"async\" width=\"696\" height=\"994\" class=\"entry-thumb td-modal-image\" src=\"https:\/\/www.europesays.com\/fr\/wp-content\/uploads\/2026\/01\/AFFICHE-JOSEE-MASSI-696x994.jpg\"   alt=\"\" title=\"JOSEE MASSI\"\/><\/a><br \/>\n        <a href=\"https:\/\/www.tv83.info\/wp-content\/uploads\/2026\/01\/Photo-officielle-Josee-Massi-RVB.jpg\" target=\"_blank\" rel=\"noopener\"><img fetchpriority=\"high\" decoding=\"async\" class=\"size-medium wp-image-98462\" src=\"https:\/\/www.europesays.com\/fr\/wp-content\/uploads\/2026\/01\/Photo-officielle-Josee-Massi-RVB-200x300.jpg\" alt=\"\" width=\"200\" height=\"300\"  \/><\/a>Jos\u00e9e Massi<\/p>\n<p>\u00ab\u00a0Mon parti, c\u2019est Toulon\u00a0\u00bb<br \/>Un maire qui agit, une ville qui avance<\/p>\n<p>Maire depuis Mai 2023, Jos\u00e9e Massi candidate \u00e0 l\u2019\u00e9lection municipale de Toulon afin de poursuivre et d\u2019amplifier la transformation engag\u00e9e de la ville.<\/p>\n<p>Toulonnaise de coeur, issue du quartier de Bon Rencontre, Jos\u00e9e Massi a consacr\u00e9 son parcours \u00e0 l\u2019action de terrain, \u00e0 l\u2019enfance, \u00e0 l\u2019insertion et \u00e0 la cr\u00e9ation d\u2019emplois associatifs, toujours au plus pr\u00e8s des r\u00e9alit\u00e9s locales.<\/p>\n<p>Depuis 2014, successivement adjointe, puis premi\u00e8re adjointe au maire, elle ma\u00eetrise en profondeur les dossier de la ville et s\u2019appuie sur le bilan solide de la majorit\u00e9 municipale pour proposer un projet ancr\u00e9 dans le r\u00e9el et tourn\u00e9 vers l\u2019avenir.<\/p>\n<p>\u00ab\u00a0Toulon a chang\u00e9 : ses quartiers, ses \u00e9coles, ses espaces verts, sa s\u00e9curit\u00e9, son attractivit\u00e9. Les finances sont saines. Ce bilan, je l\u2019assume pleinement\u00a0\u00bb<\/p>\n<p>Sa candidature s\u2019inscrit dans une logique de continuit\u00e9 active et responsable, tout en portant de nouvelles ambitions pour r\u00e9pondre aux attentes des Toulonnaises et des Toulonnais.<\/p>\n<p>\u00ab\u00a0Je veux \u00eatre un maire \u00e0 l\u2019\u00e9coute, un maire de proximit\u00e9 et un maire d\u2019action\u00a0\u00bb<\/p>\n<p>Jos\u00e9e Massi souhaite aller encore plus loin pour construire un Toulon toujours plus s\u00fbr, plus solidaire, plus vert et plus dynamique \u00e9conomiquement, davantage tourn\u00e9 vers sa mer, ses quartiers, sa base navale et la qualit\u00e9 de vie de ses habitants.<\/p>\n<p>Elle propose une gouvernance ouverte avec une \u00e9quipe renouvel\u00e9e int\u00e9grant des profils issus de la soci\u00e9t\u00e9 civile et une participation citoyenne renforc\u00e9e \u00e0 travers la d\u00e9marche Toulon &amp; Vous.<\/p>\n<p>\u00ab\u00a0Ma candidature est sans \u00e9tiquette, mais pas sans convictions. Je veux rassembler toutes celles et ceux qui croient en un Toulon encore plus juste, plus entreprenant et plus apais\u00e9\u00a0\u00bb<\/p>\n<p>Jos\u00e9e Massi<br \/>Maire de Toulon<br \/>www.joseemassi.com<br \/>\u00a0<\/p>\n<p><a href=\"https:\/\/www.restosducoeur.org\/associations-departementales\/les-restos-du-coeur-du-var\/\" target=\"_blank\" rel=\"noopener\"><img decoding=\"async\" style=\"height:70px;width:140px\" src=\"https:\/\/www.europesays.com\/fr\/wp-content\/uploads\/2025\/04\/restos-du-coeur.jpg\"\/><\/a>        <\/p>\n","protected":false},"excerpt":{"rendered":"Jos\u00e9e Massi \u00ab\u00a0Mon parti, c\u2019est Toulon\u00a0\u00bbUn maire qui agit, une ville qui avance Maire depuis Mai 2023, Jos\u00e9e&hellip;\n","protected":false},"author":2,"featured_media":668794,"comment_status":"","ping_status":"","sticky":false,"template":"","format":"standard","meta":{"footnotes":""},"categories":[9619],"tags":[1111,11,1777,674,1011,27,12,882,25,2310],"class_list":{"0":"post-668793","1":"post","2":"type-post","3":"status-publish","4":"format-standard","5":"has-post-thumbnail","7":"category-toulon","8":"tag-actu","9":"tag-actualites","10":"tag-eu","11":"tag-europe","12":"tag-fr","13":"tag-france","14":"tag-news","15":"tag-provence-alpes-cote-dazur","16":"tag-republique-francaise","17":"tag-toulon"},"share_on_mastodon":{"url":"https:\/\/pubeurope.com\/@fr\/115907431315250831","error":""},"_links":{"self":[{"href":"https:\/\/www.europesays.com\/fr\/wp-json\/wp\/v2\/posts\/668793","targetHints":{"allow":["GET"]}}],"collection":[{"href":"https:\/\/www.europesays.com\/fr\/wp-json\/wp\/v2\/posts"}],"about":[{"href":"https:\/\/www.europesays.com\/fr\/wp-json\/wp\/v2\/types\/post"}],"author":[{"embeddable":true,"href":"https:\/\/www.europesays.com\/fr\/wp-json\/wp\/v2\/users\/2"}],"replies":[{"embeddable":true,"href":"https:\/\/www.europesays.com\/fr\/wp-json\/wp\/v2\/comments?post=668793"}],"version-history":[{"count":0,"href":"https:\/\/www.europesays.com\/fr\/wp-json\/wp\/v2\/posts\/668793\/revisions"}],"wp:featuredmedia":[{"embeddable":true,"href":"https:\/\/www.europesays.com\/fr\/wp-json\/wp\/v2\/media\/668794"}],"wp:attachment":[{"href":"https:\/\/www.europesays.com\/fr\/wp-json\/wp\/v2\/media?parent=668793"}],"wp:term":[{"taxonomy":"category","embeddable":true,"href":"https:\/\/www.europesays.com\/fr\/wp-json\/wp\/v2\/categories?post=668793"},{"taxonomy":"post_tag","embeddable":true,"href":"https:\/\/www.europesays.com\/fr\/wp-json\/wp\/v2\/tags?post=668793"}],"curies":[{"name":"wp","href":"https:\/\/api.w.org\/{rel}","templated":true}]}}