{"id":668797,"date":"2026-01-16T23:44:15","date_gmt":"2026-01-16T23:44:15","guid":{"rendered":"https:\/\/www.europesays.com\/fr\/668797\/"},"modified":"2026-01-16T23:44:15","modified_gmt":"2026-01-16T23:44:15","slug":"replay-boulogne-mhsc-montpellier-prolonge-sa-mauvaise-serie-avec-une-nouvelle-defaite","status":"publish","type":"post","link":"https:\/\/www.europesays.com\/fr\/668797\/","title":{"rendered":"REPLAY Boulogne-MHSC\u00a0: Montpellier prolonge sa mauvaise s\u00e9rie avec une nouvelle d\u00e9faite"},"content":{"rendered":"<p>\n                                                                    Publi\u00e9 le 16\/01\/2026 \u00e0 19:19<br \/>\n                                                                            , mis \u00e0 jour<\/p>\n<p>                                                                                                    \u00e0 22:34<\/p>\n<p>\n            Midi Libre\n    <\/p>\n<p class=\"article-full__chapo \">\n                                                                Montpellier a retrouv\u00e9 ses d\u00e9mons au stade de la Lib\u00e9ration face \u00e0 Boulogne-sur-Mer lors de la 19e journ\u00e9e de Ligue 2, ce vendredi 16\u00a0janvier (1-0).<br \/>Flamboyant la semaine pass\u00e9 en Coupe de France, Montpellier a retrouv\u00e9 son visage de Ligue 2\u00a0: timor\u00e9 et peu inspir\u00e9.<br \/>Avec la possession (60\u00a0%) mais sans id\u00e9e pour inqui\u00e9ter le gardien adverse, Montpellier s\u2019est fait surprendre sur le seul tir cadr\u00e9 des locaux.<br \/>Les entrants ont tent\u00e9 de r\u00e9veiller l\u2019\u00e9quipe \u00e0 l\u2019image de Chennahi dont la frappe a pris le poteau mais Montpellier a \u00e9t\u00e9 trop tendre pour esp\u00e9rer briser sa s\u00e9rie de 5 rencontres sans succ\u00e8s.<br \/>Prochain match vendredi prochain \u00e0 Bastia, contre la lanterne rouge et sans droit \u00e0 l\u2019erreur.\n                            <\/p>\n<p>Montpellier a deux visages<\/p>\n<p><strong>Un match \u00e0 revivre ici\u00a0:<\/strong><\/p>\n","protected":false},"excerpt":{"rendered":"Publi\u00e9 le 16\/01\/2026 \u00e0 19:19 , mis \u00e0 jour \u00e0 22:34 Midi Libre Montpellier a retrouv\u00e9 ses d\u00e9mons&hellip;\n","protected":false},"author":2,"featured_media":668798,"comment_status":"","ping_status":"","sticky":false,"template":"","format":"standard","meta":{"footnotes":""},"categories":[9599],"tags":[1111,11,1777,674,63,1011,27,7089,2208,12,2680,25,517],"class_list":{"0":"post-668797","1":"post","2":"type-post","3":"status-publish","4":"format-standard","5":"has-post-thumbnail","7":"category-montpellier","8":"tag-actu","9":"tag-actualites","10":"tag-eu","11":"tag-europe","12":"tag-football","13":"tag-fr","14":"tag-france","15":"tag-herault","16":"tag-montpellier","17":"tag-news","18":"tag-occitanie","19":"tag-republique-francaise","20":"tag-sport"},"share_on_mastodon":{"url":"https:\/\/pubeurope.com\/@fr\/115907439035928119","error":""},"_links":{"self":[{"href":"https:\/\/www.europesays.com\/fr\/wp-json\/wp\/v2\/posts\/668797","targetHints":{"allow":["GET"]}}],"collection":[{"href":"https:\/\/www.europesays.com\/fr\/wp-json\/wp\/v2\/posts"}],"about":[{"href":"https:\/\/www.europesays.com\/fr\/wp-json\/wp\/v2\/types\/post"}],"author":[{"embeddable":true,"href":"https:\/\/www.europesays.com\/fr\/wp-json\/wp\/v2\/users\/2"}],"replies":[{"embeddable":true,"href":"https:\/\/www.europesays.com\/fr\/wp-json\/wp\/v2\/comments?post=668797"}],"version-history":[{"count":0,"href":"https:\/\/www.europesays.com\/fr\/wp-json\/wp\/v2\/posts\/668797\/revisions"}],"wp:featuredmedia":[{"embeddable":true,"href":"https:\/\/www.europesays.com\/fr\/wp-json\/wp\/v2\/media\/668798"}],"wp:attachment":[{"href":"https:\/\/www.europesays.com\/fr\/wp-json\/wp\/v2\/media?parent=668797"}],"wp:term":[{"taxonomy":"category","embeddable":true,"href":"https:\/\/www.europesays.com\/fr\/wp-json\/wp\/v2\/categories?post=668797"},{"taxonomy":"post_tag","embeddable":true,"href":"https:\/\/www.europesays.com\/fr\/wp-json\/wp\/v2\/tags?post=668797"}],"curies":[{"name":"wp","href":"https:\/\/api.w.org\/{rel}","templated":true}]}}