{"id":668799,"date":"2026-01-16T23:46:25","date_gmt":"2026-01-16T23:46:25","guid":{"rendered":"https:\/\/www.europesays.com\/fr\/668799\/"},"modified":"2026-01-16T23:46:25","modified_gmt":"2026-01-16T23:46:25","slug":"un-appel-a-temoins-lance-pour-retrouver-le-conducteur-en-fuite","status":"publish","type":"post","link":"https:\/\/www.europesays.com\/fr\/668799\/","title":{"rendered":"un appel \u00e0 t\u00e9moins lanc\u00e9 pour retrouver le conducteur en fuite"},"content":{"rendered":"<p class=\"article__intro\">Ce mercredi 14 janvier, un enfant de 5 ans a \u00e9t\u00e9 percut\u00e9 par une voiture, pr\u00e8s d&rsquo;une \u00e9cole de Darn\u00e9tal (Seine-Maritime). Le conducteur a ensuite pris la fuite. Ce vendredi, la police de Rouen a lanc\u00e9 un appel \u00e0 t\u00e9moins pour \u00e9claircir les circonstances des faits et retrouver le mis en cause.<\/p>\n<p>\n      La Quotidienne Soci\u00e9t\u00e9\n    <\/p>\n<p>\n      De la vie quotidienne aux grands enjeux, recevez tous les jours les sujets qui font la soci\u00e9t\u00e9 locale, comme la justice, l\u2019\u00e9ducation, la sant\u00e9 et la famille.\n    <\/p>\n<p>    France T\u00e9l\u00e9visions utilise votre adresse e-mail afin de vous envoyer la newsletter \u00ab\u00a0La Quotidienne Soci\u00e9t\u00e9\u00a0\u00bb. Vous pouvez vous d\u00e9sinscrire \u00e0 tout moment via le lien en bas de cette newsletter. <a target=\"_blank\" href=\"https:\/\/www.francetelevisions.fr\/groupe\/confidentialite\/politique-de-confidentialite\/politique-de-confidentialite-de-france-televisions-6503\" rel=\"noopener\">Notre politique de confidentialit\u00e9<\/a><\/p>\n<p>C&rsquo;est un accident dont l&rsquo;issue aurait pu \u00eatre dramatique. Ce mercredi, un petit gar\u00e7on de 5 ans a \u00e9t\u00e9 renvers\u00e9 par une voiture alors qu&rsquo;il traversait un passage pi\u00e9ton, accompagn\u00e9 de son grand-p\u00e8re, \u00e0 hauteur du 40, rue Pierre Lefebvre \u00e0 Darn\u00e9tal, pr\u00e8s de l&rsquo;\u00e9cole \u00e9l\u00e9mentaire Georges Cl\u00e9menceau.<\/p>\n<\/p>\n<p>Le gar\u00e7onnet a \u00e9t\u00e9 rapidement pris en charge par les secours. La mairie a par la suite pr\u00e9cis\u00e9 que ses jours n&rsquo;\u00e9taient heureusement pas compt\u00e9s. Mais l&rsquo;automobiliste mis en cause ne s&rsquo;est pas arr\u00eat\u00e9 apr\u00e8s les faits.<\/p>\n<p>Une enqu\u00eate est en cours pour identifier le mis en cause. Ce vendredi 16 janvier, la police de Seine-Maritime a publi\u00e9, sur X, un appel \u00e0 t\u00e9moins afin d&rsquo;\u00e9claircir les circonstances de l&rsquo;accident, survenu \u00e0 8h25.<\/p>\n<blockquote class=\"twitter-tweet\">\n<p dir=\"ltr\" lang=\"fr\"><a href=\"https:\/\/twitter.com\/hashtag\/Appel%C3%80T%C3%A9moin?src=hash&amp;ref_src=twsrc%5Etfw\" target=\"_blank\" rel=\"noopener\">#Appel\u00c0T\u00e9moin<\/a> | Recherche de t\u00e9moins d&rsquo;un accident grave la circulation survenu le 14\/01 \u00e0 08h25 \u00e0 hauteur du 40 rue Pierre LEFEBVRE \u00e0 <a href=\"https:\/\/twitter.com\/hashtag\/Darn%C3%A9tal?src=hash&amp;ref_src=twsrc%5Etfw\" target=\"_blank\" rel=\"noopener\">#Darn\u00e9tal<\/a>.<br \/>Un v\u00e9hicule aurait percut\u00e9 un jeune gar\u00e7on de 5 ans qui traversait le passage pour pi\u00e9ton<br \/>\u260e\ufe0f 02 32 81 25 70 ou 25 00<br \/>Merci de vos RT\ud83d\udd01 <a href=\"https:\/\/t.co\/FDefD7Tjbb\">pic.twitter.com\/FDefD7Tjbb<\/a><\/p>\n<p>\u2014 Police nationale 76 (@PoliceNat76) <a href=\"https:\/\/twitter.com\/PoliceNat76\/status\/2012166056480063543?ref_src=twsrc%5Etfw\" target=\"_blank\" rel=\"noopener\">January 16, 2026<\/a><\/p><\/blockquote>\n<p>Toute personne ayant \u00e9t\u00e9 t\u00e9moin des faits ou disposant d&rsquo;informations suppl\u00e9mentaires est ainsi invit\u00e9e \u00e0 contacter <strong>l&rsquo;H\u00f4tel de police de Rouen au 02 32 81 25 70 (en semaine) ou au 02 32 81 25 00<\/strong>.<\/p>\n<p>  <script async src=\"https:\/\/platform.twitter.com\/widgets.js\" charset=\"utf-8\"><\/script><\/p>\n","protected":false},"excerpt":{"rendered":"Ce mercredi 14 janvier, un enfant de 5 ans a \u00e9t\u00e9 percut\u00e9 par une voiture, pr\u00e8s d&rsquo;une \u00e9cole&hellip;\n","protected":false},"author":2,"featured_media":668800,"comment_status":"","ping_status":"","sticky":false,"template":"","format":"standard","meta":{"footnotes":""},"categories":[9587],"tags":[1111,11,1777,674,1011,27,12,5161,25,9590],"class_list":{"0":"post-668799","1":"post","2":"type-post","3":"status-publish","4":"format-standard","5":"has-post-thumbnail","7":"category-rouen","8":"tag-actu","9":"tag-actualites","10":"tag-eu","11":"tag-europe","12":"tag-fr","13":"tag-france","14":"tag-news","15":"tag-normandie","16":"tag-republique-francaise","17":"tag-rouen"},"share_on_mastodon":{"url":"https:\/\/pubeurope.com\/@fr\/115907446976747130","error":""},"_links":{"self":[{"href":"https:\/\/www.europesays.com\/fr\/wp-json\/wp\/v2\/posts\/668799","targetHints":{"allow":["GET"]}}],"collection":[{"href":"https:\/\/www.europesays.com\/fr\/wp-json\/wp\/v2\/posts"}],"about":[{"href":"https:\/\/www.europesays.com\/fr\/wp-json\/wp\/v2\/types\/post"}],"author":[{"embeddable":true,"href":"https:\/\/www.europesays.com\/fr\/wp-json\/wp\/v2\/users\/2"}],"replies":[{"embeddable":true,"href":"https:\/\/www.europesays.com\/fr\/wp-json\/wp\/v2\/comments?post=668799"}],"version-history":[{"count":0,"href":"https:\/\/www.europesays.com\/fr\/wp-json\/wp\/v2\/posts\/668799\/revisions"}],"wp:featuredmedia":[{"embeddable":true,"href":"https:\/\/www.europesays.com\/fr\/wp-json\/wp\/v2\/media\/668800"}],"wp:attachment":[{"href":"https:\/\/www.europesays.com\/fr\/wp-json\/wp\/v2\/media?parent=668799"}],"wp:term":[{"taxonomy":"category","embeddable":true,"href":"https:\/\/www.europesays.com\/fr\/wp-json\/wp\/v2\/categories?post=668799"},{"taxonomy":"post_tag","embeddable":true,"href":"https:\/\/www.europesays.com\/fr\/wp-json\/wp\/v2\/tags?post=668799"}],"curies":[{"name":"wp","href":"https:\/\/api.w.org\/{rel}","templated":true}]}}