{"id":668801,"date":"2026-01-16T23:47:24","date_gmt":"2026-01-16T23:47:24","guid":{"rendered":"https:\/\/www.europesays.com\/fr\/668801\/"},"modified":"2026-01-16T23:47:24","modified_gmt":"2026-01-16T23:47:24","slug":"grenoble-snobes-par-la-mairie-sur-ce-projet-des-habitants-sagacent-on-ne-comprend-pas","status":"publish","type":"post","link":"https:\/\/www.europesays.com\/fr\/668801\/","title":{"rendered":"Grenoble. Snob\u00e9s par la mairie sur ce projet, des habitants s&rsquo;agacent : \u00ab\u00a0On ne comprend pas\u00a0\u00bb"},"content":{"rendered":"<p>                    Par<br \/>\n        <strong><br \/>\n            <a href=\"https:\/\/actu.fr\/auteur\/julien-sournies\" title=\"Consulter tous les articles de Julien Sournies\" target=\"_blank\" rel=\"noopener\">Julien Sournies<\/a><br \/>\n                    <\/strong><\/p>\n<p>        Publi\u00e9 le<\/p>\n<p>            16 janv. 2026 \u00e0 16h47        <\/p>\n<p>La frustration est de plus en plus palpable. Depuis presque deux ans, les habitants du quartier Saint-Bruno, \u00e0 <a href=\"https:\/\/actu.fr\/grenoble\/\" target=\"_blank\" rel=\"noopener\">Grenoble<\/a> (<a href=\"https:\/\/actu.fr\/auvergne-rhone-alpes\/isere_38\" target=\"_blank\" rel=\"noopener\">Is\u00e8re<\/a>), militent pour l\u2019implantation d\u2019un <a href=\"https:\/\/actu.fr\/auvergne-rhone-alpes\/grenoble_38185\/grenoble-les-habitants-de-ce-quartier-se-mobilisent-pour-creer-un-centre-de-sante_62270395.html\" target=\"_blank\" rel=\"noopener\">\u00ab\u2009centre de sant\u00e9 communautaire\u2009\u00bb<\/a> dans leur secteur, particuli\u00e8rement impact\u00e9 par le <strong>manque de m\u00e9decins<\/strong>. Seulement, malgr\u00e9 la cr\u00e9ation d\u2019une p\u00e9tition en ce sens et des courriers distribu\u00e9s \u00e0 la mairie, ces habitants n\u2019arrivent toujours pas \u00e0 obtenir gain de cause aupr\u00e8s de la municipalit\u00e9.<br \/>Dans le cadre de son Plan municipal de sant\u00e9, o\u00f9 il est question de l\u2019ouverture d\u2019un centre de sant\u00e9 hors des quartiers prioritaires de la ville, la municipalit\u00e9 aurait finalement <strong>cibl\u00e9 un autre quartier<\/strong>.<\/p>\n<p>Un projet secondaire\u2009?<\/p>\n<p class=\" wall-content\">En d\u00e9cembre dernier, le collectif citoyen \u00ab\u2009Des m\u00e9decins pour Grenoble\u2009\u00bb annon\u00e7ait en effet que la Ville avait choisi le quartier Flaubert pour son projet de cr\u00e9ation d\u2019un centre de sant\u00e9. \u00ab\u2009Nous ne comprenons pas. Ni un habitant, ni un m\u00e9decin n\u2019est mobilis\u00e9 \u00e0 ce jour. Quels sont les \u00e9l\u00e9ments objectifs qui justifient ce projet \u00e0 <strong>deux stations de tram<\/strong> des centres de sant\u00e9 de la Villeneuve\u2009?\u2009\u00bb, s\u2019enquit am\u00e8rement l\u2019association Centre de sant\u00e9 Saint-Bruno.<\/p>\n<p class=\" wall-content\">Si elle reconna\u00eet que \u00ab\u2009plusieurs centres de sant\u00e9 sont n\u00e9cessaires \u00e0 Grenoble\u2009\u00bb, l\u2019association d\u00e9plore un certain manque de consid\u00e9ration de la mairie devant son projet.<\/p>\n<p class=\" wall-content\">\u00ab\u2009La municipalit\u00e9 nous affirme que notre projet est class\u00e9 en <strong>seconde position<\/strong> sans aucune garantie pour une r\u00e9alisation au cours du prochain mandat\u2009\u00bb, s\u2019exasp\u00e8re le collectif, lequel rappelle par ailleurs les <a href=\"https:\/\/actu.fr\/auvergne-rhone-alpes\/grenoble_38185\/grenoble-on-en-sait-plus-sur-le-projet-des-habitants-de-ce-quartier-pour-attirer-les-medecins_63457954.html\" target=\"_blank\" rel=\"noopener\">d\u00e9marches engag\u00e9es pour racheter l\u2019Espace Saint-Bruno<\/a> afin d\u2019y installer le fameux centre de sant\u00e9.<\/p>\n<p>    <img   decoding=\"async\" loading=\"lazy\" src=\"https:\/\/www.europesays.com\/fr\/wp-content\/uploads\/2025\/11\/espace-saint-bruno-960x634.png\" alt=\"D'apr\u00e8s l'association d'habitants d\u00e9fendant le projet de centre de sant\u00e9 dans le quartier Berriat, un accord a \u00e9t\u00e9 trouv\u00e9 pour que la structure s'installe \u00e0 l'Espace Saint-Bruno. \" width=\"960\" height=\"634\"\/><br \/>\n    L\u2019association d\u2019habitants d\u00e9fendant le projet de centre de sant\u00e9 dans le quartier Berriat souhaite l\u2019installer au sein de l\u2019Espace Saint-Bruno. (\u00a9Capture Google Street View)<\/p>\n<blockquote class=\"ac-article-quote wall-content\">\n<p>L\u2019achat de l\u2019Espace Saint-Bruno est largement finan\u00e7able [&#8230;] Sans compter que la cr\u00e9ation d\u2019un Centre de sant\u00e9 dans ce b\u00e2timent embl\u00e9matique serait un \u00e9l\u00e9ment important d\u2019un r\u00e9am\u00e9nagement de la place, projet affich\u00e9 de la Municipalit\u00e9.\n<\/p>\n<p>    <strong>Association Centre de sant\u00e9 Saint-Bruno<\/strong>\n            <\/p><\/blockquote>\n<p>Le collectif interpelle \u00c9ric Piolle<\/p>\n<p class=\" wall-content\">Face \u00e0 l\u2019absence de r\u00e9ponse de la mairie \u00e0 ses griefs, l\u2019association a ainsi demand\u00e9 un nouveau rendez-vous avec le maire \u00c9ric Piolle, en l\u2019appelant notamment \u00e0 \u00ab\u2009inverser l\u2019ordre des priorit\u00e9s\u2009\u00bb.<\/p>\n<p>Votre r\u00e9gion, votre actu !<\/p>\n<p>Recevez chaque jour les infos qui comptent pour vous.<\/p>\n<p>\t<a href=\"https:\/\/actu.fr\/newsletter\" class=\"ac-btn ac-btn--corner ac-btn--medium ac-btn--blue800\" target=\"_blank\" rel=\"noopener\">S&rsquo;incrire<\/a><\/p>\n<p class=\" wall-content\">\u00ab\u2009La densit\u00e9 et les caract\u00e9ristiques de la population de notre quartier, la possibilit\u00e9 d\u2019acheter l\u2019Espace Saint-Bruno et des co\u00fbts de travaux coh\u00e9rents avec la pr\u00e9vision budg\u00e9taire, le soutien et l\u2019implication des habitants, la constitution de notre association, la motivation du tissu associatif pour ce projet et les d\u00e9marches engag\u00e9es aupr\u00e8s de nombreux partenaires, justifient que le centre de sant\u00e9 \u00e0 Berriat-Saint-Bruno soit r\u00e9alis\u00e9 en premier\u2009\u00bb, estime le collectif.<\/p>\n<p class=\" wall-content\">Et celui-ci de conclure\u2009: \u00ab\u2009Il n\u2019est pas trop tard pour que la municipalit\u00e9 prenne une d\u00e9cision construite sur des \u00e9l\u00e9ments objectifs et conformes \u00e0 l\u2019ambition qu\u2019elle a initialement affich\u00e9e.\u2009\u00bb<\/p>\n<p class=\" wall-content\">Contact\u00e9e par notre r\u00e9daction, la Ville de Grenoble indique qu\u2019elle communiquera publiquement des informations suppl\u00e9mentaires \u00e0 ce sujet \u00ab\u2009dans les prochains jours\u2009\u00bb.<\/p>\n<p>Laurence Ruffin favorable \u00e0 un centre de sant\u00e9 \u00e0 Saint-Bruno<\/p>\n<p class=\" wall-content\">En attendant que la situation se d\u00e9cante ou non pour ces habitants inquiets, Laurence Ruffin, candidate de la liste \u00ab\u2009Oui Grenoble\u2009\u00bb \u00e0 la mairie de la capitale des Alpes, s\u2019est prononc\u00e9e sur le sujet, apportant son soutien \u00e0 la cr\u00e9ation d\u2019un centre de sant\u00e9 dans le quartier Saint-Bruno si elle est \u00e9lue en mars prochain.<\/p>\n<p class=\" wall-content\">\u00ab\u2009La sant\u00e9 est une priorit\u00e9 pour nous, parce que c\u2019est dans le top\u00a03 des pr\u00e9occupations des Grenoblois\u2009\u00bb, explique-t-elle dans une vid\u00e9o publi\u00e9e sur ses r\u00e9seaux sociaux. Et celle-ci d\u2019\u00e9largir sa proposition\u2009: \u00ab\u2009Nous souhaitons d\u00e9velopper dans <strong>chaque secteur de la ville<\/strong> un centre de sant\u00e9 avec des m\u00e9decins salari\u00e9s et des \u00e9quipes pluridisciplinaires pour permettre d\u2019avoir un m\u00e9decin traitant.\u2009\u00bb<\/p>\n<p class=\" wall-content\">Personnalisez votre actualit\u00e9 en ajoutant vos villes et m\u00e9dias en favori avec <a href=\"https:\/\/moncompte.actu.fr\" title=\"D\u00e9couvez Mon Actu\" rel=\"nofollow noopener\" data-trk=\"{&quot;cta&quot;:{&quot;action&quot;:&quot;https:\\\/\\\/moncompte.actu.fr&quot;,&quot;category&quot;:&quot;mon compte&quot;,&quot;from&quot;:&quot;article footer&quot;,&quot;name&quot;:&quot;Mon actu&quot;,&quot;type&quot;:&quot;cta&quot;}}\" target=\"_blank\">Mon Actu<\/a>.<\/p>\n","protected":false},"excerpt":{"rendered":"Par Julien Sournies Publi\u00e9 le 16 janv. 2026 \u00e0 16h47 La frustration est de plus en plus palpable.&hellip;\n","protected":false},"author":2,"featured_media":668802,"comment_status":"","ping_status":"","sticky":false,"template":"","format":"standard","meta":{"footnotes":""},"categories":[9566],"tags":[1111,11,2430,1777,674,1011,27,2731,2673,12,25,71,104],"class_list":{"0":"post-668801","1":"post","2":"type-post","3":"status-publish","4":"format-standard","5":"has-post-thumbnail","7":"category-grenoble","8":"tag-actu","9":"tag-actualites","10":"tag-auvergne-rhone-alpes","11":"tag-eu","12":"tag-europe","13":"tag-fr","14":"tag-france","15":"tag-grenoble","16":"tag-medecins","17":"tag-news","18":"tag-republique-francaise","19":"tag-sante","20":"tag-societe"},"share_on_mastodon":{"url":"https:\/\/pubeurope.com\/@fr\/115907450909096601","error":""},"_links":{"self":[{"href":"https:\/\/www.europesays.com\/fr\/wp-json\/wp\/v2\/posts\/668801","targetHints":{"allow":["GET"]}}],"collection":[{"href":"https:\/\/www.europesays.com\/fr\/wp-json\/wp\/v2\/posts"}],"about":[{"href":"https:\/\/www.europesays.com\/fr\/wp-json\/wp\/v2\/types\/post"}],"author":[{"embeddable":true,"href":"https:\/\/www.europesays.com\/fr\/wp-json\/wp\/v2\/users\/2"}],"replies":[{"embeddable":true,"href":"https:\/\/www.europesays.com\/fr\/wp-json\/wp\/v2\/comments?post=668801"}],"version-history":[{"count":0,"href":"https:\/\/www.europesays.com\/fr\/wp-json\/wp\/v2\/posts\/668801\/revisions"}],"wp:featuredmedia":[{"embeddable":true,"href":"https:\/\/www.europesays.com\/fr\/wp-json\/wp\/v2\/media\/668802"}],"wp:attachment":[{"href":"https:\/\/www.europesays.com\/fr\/wp-json\/wp\/v2\/media?parent=668801"}],"wp:term":[{"taxonomy":"category","embeddable":true,"href":"https:\/\/www.europesays.com\/fr\/wp-json\/wp\/v2\/categories?post=668801"},{"taxonomy":"post_tag","embeddable":true,"href":"https:\/\/www.europesays.com\/fr\/wp-json\/wp\/v2\/tags?post=668801"}],"curies":[{"name":"wp","href":"https:\/\/api.w.org\/{rel}","templated":true}]}}