{"id":668803,"date":"2026-01-16T23:48:18","date_gmt":"2026-01-16T23:48:18","guid":{"rendered":"https:\/\/www.europesays.com\/fr\/668803\/"},"modified":"2026-01-16T23:48:18","modified_gmt":"2026-01-16T23:48:18","slug":"pro-d2-grenoble-simpose-dans-un-festival-offensif-contre-agen-et-se-rapproche-du-top-6","status":"publish","type":"post","link":"https:\/\/www.europesays.com\/fr\/668803\/","title":{"rendered":"Pro D2 \u2013 Grenoble s\u2019impose dans un festival offensif contre Agen, et se rapproche du top 6"},"content":{"rendered":"<p>\n                Port\u00e9 par un virevoltant Hugo Trouilloud et la fus\u00e9e Raffaele Costa Storti, Grenoble s\u2019impose contre Agen, lors de la 17e journ\u00e9e de Pro D2 dans un festival offensif (45-36), ce vendredi au stade des Alpes. Les Is\u00e9rois se rapprochent de leurs adversaires du soir au classement et du top 6.\n            <\/p>\n<p>Du jeu, des courses et un festival offensif entre Grenoble et Agen. <a href=\"https:\/\/www.rugbyrama.fr\/resultats\/rugby\/pro-d2\/phase-reguliere\/rencontre\/55604\/grenoble-agen\/direct\" target=\"_self\" rel=\"noopener\">Les Is\u00e9rois se sont largement impos\u00e9s contre les Agenais<\/a> (45-36), \u00e0 l\u2019occasion de la 17e journ\u00e9e de Pro D2. Une victoire qui permet aux Grenoblois de se rapprocher du top 6. Onze essais ont \u00e9t\u00e9 inscrits dans la rencontre.<\/p>\n<p>Grenoble met le paquet<\/p>\n<p>Les hommes de Jeff Dubois n\u2019ont pas perdu de temps face \u00e0 Agen. Hugo Trouilloud en t\u00eate. Parti de ses 22 m\u00e8tres, l\u2019arri\u00e8re a parcouru plus de quarante m\u00e8tres, \u00e9vitant les plaquages adverses.\u00a0La premi\u00e8re offensive grenobloise a ensuite \u00e9t\u00e9 conclue quelques instants plus tard par le talonneur Bastien Soury (3&prime;). Malgr\u00e9 le carton jaune re\u00e7u par Antonin Berruyer (9&prime;), les Is\u00e9rois ont continu\u00e9 de dominer des Agenais trop indisciplin\u00e9s. Mais sans accro\u00eetre le score, \u00e0 cause d\u2019une impatience r\u00e9p\u00e9t\u00e9e dans les zones de marque.<\/p>\n<p>Les Is\u00e9rois ont malgr\u00e9 tout r\u00e9ussi \u00e0 doubler\u00a0la mise, sur un nouvel exploit individuel. Raffaele Costa Storti a jou\u00e9 un coup franc rapidement dans ses 22 m\u00e8tres, pour envoyer le ballon le plus loin possible. Au sprint, sur cent m\u00e8tres, l\u2019ailier portugais a rattrap\u00e9, puis d\u00e9pos\u00e9 ses adversaires pour aplatir dans l\u2019en-but (26&prime;). Apr\u00e8s un essai agenais de Patelesio Fatuloa Tomkinson (34&prime;), Raffaele Costa Storti s\u2019est offert un doubl\u00e9, sur une nouvelle perc\u00e9e tout terrain d\u2019Hugo Trouilloud, l\u2019homme de ce premier acte (39&prime;).<\/p>\n<p>Sept essais en 30 minutes<\/p>\n<p>Au retour des vestiaires, le staff agenais a d\u00e9cid\u00e9 de provoquer un changement en rempla\u00e7ant cinq joueurs simultan\u00e9ment. R\u00e9sultat imm\u00e9diat avec l\u2019essai de Loris Tolot en bout de ligne pour entamer un retour (48&prime;). Mais les espoirs du SUA ont rapidement \u00e9t\u00e9 douch\u00e9s par deux essais coup sur coup de Romain Trouilloud (53&prime;) et Barnab\u00e9 Couilloud (58&prime;), dans une seconde mi-temps au rythme effr\u00e9n\u00e9. Les deux formations ont laiss\u00e9 de nombreux espaces dans leur d\u00e9fense.<\/p>\n<p>Sur un group\u00e9 p\u00e9n\u00e9trant d\u2019\u00e9cole, Luca Tabarot a de nouveau relanc\u00e9 sa formation (63&prime;). Malgr\u00e9 une nouvelle inf\u00e9riorit\u00e9 num\u00e9rique, apr\u00e8s le carton jaune de Brandon Nansen (66&prime;), les Is\u00e9rois sont all\u00e9s chercher le bonus offensif sur une contre-attaque \u00e9clair de Raffaele Costa Storti (68&prime;), auteur d\u2019un tripl\u00e9. Mais les hommes de Jeff Dubois ont craqu\u00e9 en fin de rencontre. Dorian Bellot (76&prime;), puis Dylan Cazemajou (79&prime;) ont g\u00e2ch\u00e9 la f\u00eate au stade des Alpes, en inscrivant les 10e et 11e essais de la rencontre.<\/p>\n<p>Ce succ\u00e8s rapporte quatre points aux Grenoblois, qui reviennent \u00e0 deux longueurs d\u2019Agen, 7e au classement. La semaine prochaine, le FCG reste \u00e0 domicile et accueillera le leader Vannes. Les Agenais recevront, eux, Colomiers, qui occupe la 3e place de Pro D2.<\/p>\n","protected":false},"excerpt":{"rendered":"Port\u00e9 par un virevoltant Hugo Trouilloud et la fus\u00e9e Raffaele Costa Storti, Grenoble s\u2019impose contre Agen, lors de&hellip;\n","protected":false},"author":2,"featured_media":668804,"comment_status":"","ping_status":"","sticky":false,"template":"","format":"standard","meta":{"footnotes":""},"categories":[9566],"tags":[1111,11,2430,1777,674,1011,27,2731,12,2308,25,68796],"class_list":{"0":"post-668803","1":"post","2":"type-post","3":"status-publish","4":"format-standard","5":"has-post-thumbnail","7":"category-grenoble","8":"tag-actu","9":"tag-actualites","10":"tag-auvergne-rhone-alpes","11":"tag-eu","12":"tag-europe","13":"tag-fr","14":"tag-france","15":"tag-grenoble","16":"tag-news","17":"tag-pro-d2","18":"tag-republique-francaise","19":"tag-rugby-u00e0-xv"},"share_on_mastodon":{"url":"https:\/\/pubeurope.com\/@fr\/115907454832815006","error":""},"_links":{"self":[{"href":"https:\/\/www.europesays.com\/fr\/wp-json\/wp\/v2\/posts\/668803","targetHints":{"allow":["GET"]}}],"collection":[{"href":"https:\/\/www.europesays.com\/fr\/wp-json\/wp\/v2\/posts"}],"about":[{"href":"https:\/\/www.europesays.com\/fr\/wp-json\/wp\/v2\/types\/post"}],"author":[{"embeddable":true,"href":"https:\/\/www.europesays.com\/fr\/wp-json\/wp\/v2\/users\/2"}],"replies":[{"embeddable":true,"href":"https:\/\/www.europesays.com\/fr\/wp-json\/wp\/v2\/comments?post=668803"}],"version-history":[{"count":0,"href":"https:\/\/www.europesays.com\/fr\/wp-json\/wp\/v2\/posts\/668803\/revisions"}],"wp:featuredmedia":[{"embeddable":true,"href":"https:\/\/www.europesays.com\/fr\/wp-json\/wp\/v2\/media\/668804"}],"wp:attachment":[{"href":"https:\/\/www.europesays.com\/fr\/wp-json\/wp\/v2\/media?parent=668803"}],"wp:term":[{"taxonomy":"category","embeddable":true,"href":"https:\/\/www.europesays.com\/fr\/wp-json\/wp\/v2\/categories?post=668803"},{"taxonomy":"post_tag","embeddable":true,"href":"https:\/\/www.europesays.com\/fr\/wp-json\/wp\/v2\/tags?post=668803"}],"curies":[{"name":"wp","href":"https:\/\/api.w.org\/{rel}","templated":true}]}}