{"id":668807,"date":"2026-01-16T23:50:16","date_gmt":"2026-01-16T23:50:16","guid":{"rendered":"https:\/\/www.europesays.com\/fr\/668807\/"},"modified":"2026-01-16T23:50:16","modified_gmt":"2026-01-16T23:50:16","slug":"un-transfert-a-66-me-rennes-ne-va-pas-tenir","status":"publish","type":"post","link":"https:\/\/www.europesays.com\/fr\/668807\/","title":{"rendered":"Un transfert \u00e0 66 ME, Rennes ne va pas tenir"},"content":{"rendered":"<p><b>Du haut de ses 20 ans seulement, J\u00e9r\u00e9my Jacquet est d\u00e9j\u00e0 devenu un taulier du Stade Rennais. Le d\u00e9fenseur central fran\u00e7ais s\u00e9duit au-del\u00e0 de la Bretagne. Chelsea et le Bayern Munich veulent le recruter cet hiver, y compris pour un prix XXL.<\/b><\/p>\n<p>Il y a un an, J\u00e9r\u00e9my Jacquet arpentait les terrains de Ligue 2 sous le maillot de Clermont et il \u00e9tait un inconnu pour les grands clubs europ\u00e9ens. <a href=\"https:\/\/www.foot01.com\/rennes\" target=\"_self\" rel=\"noopener\">Rennes<\/a> mettait fin \u00e0 son pr\u00eat en Auvergne dans la foul\u00e9e et le rapatriait en Bretagne pour assurer son maintien. Depuis, les recruteurs ne jurent que par lui. Solide et mature pour son \u00e2ge (20 ans), le d\u00e9fenseur central fran\u00e7ais ne quitte jamais le onze rennais cette saison (sauf suspension). Jacquet est appel\u00e9 \u00e0 faire une grande carri\u00e8re dans un avenir proche. Reste \u00e0 savoir quand il quittera la Ligue 1.Chelsea pr\u00eat \u00e0 offrir le jackpot pour JacquetLe d\u00e9part pourrait survenir d\u00e8s cet hiver. En effet, le Bayern Munich et Chelsea entendent recruter le jeune fran\u00e7ais au plus vite. Les Blues ont besoin d&rsquo;un vrai renfort en d\u00e9fense apr\u00e8s la grave blessure de Levi Colwill l&rsquo;\u00e9t\u00e9 dernier. Comme le relate le site Chelsea News notamment, J\u00e9r\u00e9my Jacquet risque de co\u00fbter 66 millions d&rsquo;euros au <a href=\"https:\/\/www.foot01.com\/mercato\" title=\"Mercato\" target=\"_blank\" rel=\"noopener\">mercato<\/a> hivernal. Une somme \u00e9norme de la part de Rennes qui a deux explications : dissuader les candidats pour janvier et atteindre le prix de vente de J\u00e9r\u00e9my Doku par le pass\u00e9.L&rsquo;ailier belge avait \u00e9t\u00e9 vendu plus de 60 millions d&rsquo;euros \u00e0 Manchester City en 2023. Tr\u00e8s d\u00e9pensier au <a href=\"https:\/\/www.foot01.com\/mercato\" title=\"Mercato\" target=\"_blank\" rel=\"noopener\">mercato<\/a>, Chelsea n&rsquo;est pas effray\u00e9 par ce prix et pr\u00e9pare une offre en ce sens. Les Londoniens ne doivent pas r\u00e9fl\u00e9chir trop longtemps avec le Bayern \u00e0 l&rsquo;aff\u00fbt. Surpuissant cette saison, le leader de Bundesliga a de nombreux atouts et peut faire de J\u00e9r\u00e9my Jacquet son patron de la d\u00e9fense pendant pr\u00e8s d&rsquo;une d\u00e9cennie.<img decoding=\"async\" src=\"https:\/\/www.europesays.com\/fr\/wp-content\/uploads\/2025\/11\/37631909.png\" alt=\"J. Jacquet\" class=\"w-16 h-16 object-cover rounded-full\"\/><\/p>\n<p>J. Jacquet<\/p>\n<p><img decoding=\"async\" src=\"https:\/\/www.europesays.com\/fr\/wp-content\/uploads\/2025\/09\/fr.png\" alt=\"France\" class=\"w-6 h-4 object-cover\"\/>France \u2022 \u00c2ge 20 \u2022 D\u00e9fenseur<\/p>\n","protected":false},"excerpt":{"rendered":"Du haut de ses 20 ans seulement, J\u00e9r\u00e9my Jacquet est d\u00e9j\u00e0 devenu un taulier du Stade Rennais. Le&hellip;\n","protected":false},"author":2,"featured_media":668808,"comment_status":"","ping_status":"","sticky":false,"template":"","format":"standard","meta":{"footnotes":""},"categories":[2821],"tags":[1111,11,829,1777,674,1011,27,1434,12,584,25],"class_list":{"0":"post-668807","1":"post","2":"type-post","3":"status-publish","4":"format-standard","5":"has-post-thumbnail","7":"category-rennes","8":"tag-actu","9":"tag-actualites","10":"tag-bretagne","11":"tag-eu","12":"tag-europe","13":"tag-fr","14":"tag-france","15":"tag-mercato","16":"tag-news","17":"tag-rennes","18":"tag-republique-francaise"},"share_on_mastodon":{"url":"https:\/\/pubeurope.com\/@fr\/115907462733525039","error":""},"_links":{"self":[{"href":"https:\/\/www.europesays.com\/fr\/wp-json\/wp\/v2\/posts\/668807","targetHints":{"allow":["GET"]}}],"collection":[{"href":"https:\/\/www.europesays.com\/fr\/wp-json\/wp\/v2\/posts"}],"about":[{"href":"https:\/\/www.europesays.com\/fr\/wp-json\/wp\/v2\/types\/post"}],"author":[{"embeddable":true,"href":"https:\/\/www.europesays.com\/fr\/wp-json\/wp\/v2\/users\/2"}],"replies":[{"embeddable":true,"href":"https:\/\/www.europesays.com\/fr\/wp-json\/wp\/v2\/comments?post=668807"}],"version-history":[{"count":0,"href":"https:\/\/www.europesays.com\/fr\/wp-json\/wp\/v2\/posts\/668807\/revisions"}],"wp:featuredmedia":[{"embeddable":true,"href":"https:\/\/www.europesays.com\/fr\/wp-json\/wp\/v2\/media\/668808"}],"wp:attachment":[{"href":"https:\/\/www.europesays.com\/fr\/wp-json\/wp\/v2\/media?parent=668807"}],"wp:term":[{"taxonomy":"category","embeddable":true,"href":"https:\/\/www.europesays.com\/fr\/wp-json\/wp\/v2\/categories?post=668807"},{"taxonomy":"post_tag","embeddable":true,"href":"https:\/\/www.europesays.com\/fr\/wp-json\/wp\/v2\/tags?post=668807"}],"curies":[{"name":"wp","href":"https:\/\/api.w.org\/{rel}","templated":true}]}}