{"id":668809,"date":"2026-01-16T23:51:20","date_gmt":"2026-01-16T23:51:20","guid":{"rendered":"https:\/\/www.europesays.com\/fr\/668809\/"},"modified":"2026-01-16T23:51:20","modified_gmt":"2026-01-16T23:51:20","slug":"jusqua-600-tracteurs-mardi-devant-le-parlement-europeen-les-agriculteurs-promettent-le-calme","status":"publish","type":"post","link":"https:\/\/www.europesays.com\/fr\/668809\/","title":{"rendered":"jusqu\u2019\u00e0 600 tracteurs mardi devant le Parlement europ\u00e9en, les agriculteurs promettent le calme"},"content":{"rendered":"<p>D\u2019autres manifestants seront \u00e0 pied et ils viendront, en cars bien souvent, de pays d\u2019Europe, notamment de Belgique, Pologne, R\u00e9publique tch\u00e8que, Slovaquie, Roumanie, Autriche et Bulgarie. Il semble qu\u2019une importante d\u00e9l\u00e9gation italienne \u2013 plus de 1\u00a0000 manifestants \u2013 soit attendue. Un vol charter aurait m\u00eame \u00e9t\u00e9 r\u00e9serv\u00e9 pour les acheminer \u00e0 Strasbourg. Au total, pr\u00e8s de 3\u00a0000 agriculteurs devraient donc se rassembler vers 10\u00a0h place de Bordeaux \u00e0 Strasbourg, puis se diriger pour 10\u00a0h\u00a030 vers le Parlement europ\u00e9en tout proche.<\/p>\n<p>Leur espoir est que les eurod\u00e9put\u00e9s votent, mercredi, la saisine de la Cour de justice europ\u00e9enne pour retarder la ratification de cet accord avec le Mercosur. Ils seront donc l\u00e0 deux jours et l\u00e8veront le camp dans l\u2019apr\u00e8s-midi mercredi.<\/p>\n<p>  Pas de remorques de fumier<\/p>\n<p>\u00c9videmment, face \u00e0 une telle manifestation, les forces de l\u2019ordre sont mobilis\u00e9es. Gendarmes mobiles, CRS, drones survolant les cort\u00e8ges et quelques v\u00e9hicules blind\u00e9s Centaure seront de la partie. D\u2019apr\u00e8s nos informations, la FNSEA s\u2019est engag\u00e9e \u00e0 ce qu\u2019aucun tracteur ne tra\u00eene derri\u00e8re lui une remorque remplie de fumier (ou autre mati\u00e8re puante et salissante). Tout contrevenant serait refoul\u00e9.<\/p>\n<p>L\u2019horaire de rassemblement a \u00e9t\u00e9 choisi pour perturber le moins possible les trajets matinaux domicile-travail des Alsaciens (notamment sur les autoroutes, o\u00f9 aucune op\u00e9ration escargot ne semble programm\u00e9e), mais aux entr\u00e9es nord, sud et ouest de la ville, la circulation sera n\u00e9anmoins difficile. En ville, la circulation des tramways ne devrait pas \u00eatre entrav\u00e9e.<\/p>\n<p>Les agriculteurs ont annonc\u00e9 une manifestation dans le calme. L\u2019objectif est d\u2019afficher le m\u00e9contentement de la profession en faisant nombre.<\/p>\n<p>La pr\u00e9fecture devrait prendre un arr\u00eat\u00e9 autorisant le recours au survol du rassemblement par des drones op\u00e9r\u00e9s par la police (et interdisant les autres drones). La navigation sur l\u2019Ill et les canaux aux abords du Parlement devrait logiquement \u00eatre interdite, tout comme la circulation et le stationnement dans la zone la plus concern\u00e9e.<\/p>\n<p>En raison de toute cette agitation, les organisateurs d\u2019une importante c\u00e9r\u00e9monie de v\u0153ux mardi soir \u00e0 18\u00a0h au Palais de la musique et des congr\u00e8s (PMC), place de Bordeaux, ont pr\u00e9f\u00e9r\u00e9 la reporter \u00e0 une date ult\u00e9rieure.<\/p>\n","protected":false},"excerpt":{"rendered":"D\u2019autres manifestants seront \u00e0 pied et ils viendront, en cars bien souvent, de pays d\u2019Europe, notamment de Belgique,&hellip;\n","protected":false},"author":2,"featured_media":668810,"comment_status":"","ping_status":"","sticky":false,"template":"","format":"standard","meta":{"footnotes":""},"categories":[2820],"tags":[1111,11,327,2389,2649,9671,33,2880,1777,674,107,1011,27,775,21426,12,25,801,640,2879],"class_list":{"0":"post-668809","1":"post","2":"type-post","3":"status-publish","4":"format-standard","5":"has-post-thumbnail","7":"category-strasbourg","8":"tag-actu","9":"tag-actualites","10":"tag-agriculture","11":"tag-alsace","12":"tag-bas-rhin","13":"tag-conflit-social","14":"tag-economie","15":"tag-edition-strasbourg","16":"tag-eu","17":"tag-europe","18":"tag-fil-info","19":"tag-fr","20":"tag-france","21":"tag-grand-est","22":"tag-mercosur","23":"tag-news","24":"tag-republique-francaise","25":"tag-social","26":"tag-strasbourg","27":"tag-strasbourg-ville"},"share_on_mastodon":{"url":"https:\/\/pubeurope.com\/@fr\/115907466569723626","error":""},"_links":{"self":[{"href":"https:\/\/www.europesays.com\/fr\/wp-json\/wp\/v2\/posts\/668809","targetHints":{"allow":["GET"]}}],"collection":[{"href":"https:\/\/www.europesays.com\/fr\/wp-json\/wp\/v2\/posts"}],"about":[{"href":"https:\/\/www.europesays.com\/fr\/wp-json\/wp\/v2\/types\/post"}],"author":[{"embeddable":true,"href":"https:\/\/www.europesays.com\/fr\/wp-json\/wp\/v2\/users\/2"}],"replies":[{"embeddable":true,"href":"https:\/\/www.europesays.com\/fr\/wp-json\/wp\/v2\/comments?post=668809"}],"version-history":[{"count":0,"href":"https:\/\/www.europesays.com\/fr\/wp-json\/wp\/v2\/posts\/668809\/revisions"}],"wp:featuredmedia":[{"embeddable":true,"href":"https:\/\/www.europesays.com\/fr\/wp-json\/wp\/v2\/media\/668810"}],"wp:attachment":[{"href":"https:\/\/www.europesays.com\/fr\/wp-json\/wp\/v2\/media?parent=668809"}],"wp:term":[{"taxonomy":"category","embeddable":true,"href":"https:\/\/www.europesays.com\/fr\/wp-json\/wp\/v2\/categories?post=668809"},{"taxonomy":"post_tag","embeddable":true,"href":"https:\/\/www.europesays.com\/fr\/wp-json\/wp\/v2\/tags?post=668809"}],"curies":[{"name":"wp","href":"https:\/\/api.w.org\/{rel}","templated":true}]}}