{"id":668811,"date":"2026-01-16T23:52:22","date_gmt":"2026-01-16T23:52:22","guid":{"rendered":"https:\/\/www.europesays.com\/fr\/668811\/"},"modified":"2026-01-16T23:52:22","modified_gmt":"2026-01-16T23:52:22","slug":"le-planning-familial-de-strasbourg-de-nouveau-vise-par-des-messages-anti-avortement","status":"publish","type":"post","link":"https:\/\/www.europesays.com\/fr\/668811\/","title":{"rendered":"Le Planning familial de Strasbourg de nouveau vis\u00e9 par des messages anti-avortement"},"content":{"rendered":"\n<p class=\"c-chapo \">\n  La structure du Bas-Rhin avait d\u00e9j\u00e0 \u00e9t\u00e9 tagu\u00e9e, notamment en mars 2024, apr\u00e8s l\u2019inscription de l\u2019IVG dans la Constitution.\n<\/p>\n<p>      lire plus tard<\/p>\n<p id=\"dialog__title\" class=\"dialog__title\">Pour sauvegarder cet article, connectez-vous ou cr\u00e9ez un compte franceinfo<\/p>\n<p class=\"dialog__description\">Sans paiement. Sans abonnement.<\/p>\n<p>        Fermer la fen\u00eatre d\u2019activation des notifications France Info<\/p>\n<p>      cr\u00e9er votre compte<\/p>\n<p>      se connecter<\/p>\n<p>      :<\/p>\n<p>        Fermer la fen\u00eatre de pr\u00e9sentation<\/p>\n<p>    Publi\u00e9 le 16\/01\/2026 23:23<\/p>\n<p>        Temps de lecture : 1min<\/p>\n<p>    <img decoding=\"async\"  alt=\"L'int\u00e9rieur du planning familial de Strasbourg (Bas-Rhin) (EMILIE POU \/ RADIO FRANCE)\" width=\"432\" height=\"243\" src=\"https:\/\/www.europesays.com\/fr\/wp-content\/uploads\/2026\/01\/1200x680-696ab9ca3ce57186930104.jpeg\" fetchpriority=\"high\"\/><\/p>\n<p>      L&rsquo;int\u00e9rieur du planning familial de Strasbourg (Bas-Rhin) (EMILIE POU \/ RADIO FRANCE)<\/p>\n<p>Ce n&rsquo;est pas la premi\u00e8re fois que le Planning familial de Strasbourg est pris pour cible. Vendredi\u00a016 janvier, les \u00e9quipes de l&rsquo;association ont d\u00e9couvert la porte de leur local recouverte de messages qui \u00ab\u00a0contenaient de fausses informations sur l&rsquo;avortement et attaquaient les m\u00e9decins de l&rsquo;association\u00a0\u00bb, indique le Planning familial dans un communiqu\u00e9 consult\u00e9 par <a href=\"https:\/\/www.francebleu.fr\/infos\/faits-divers-justice\/le-planning-familial-de-strasbourg-a-nouveau-vise-par-des-messages-anti-avortement-6384706\" target=\"_blank\" rel=\"noopener\" data-tooltip-url=\"https:\/\/www.francebleu.fr\/infos\/faits-divers-justice\/le-planning-familial-de-strasbourg-a-nouveau-vise-par-des-messages-anti-avortement-6384706\">ICI Alsace<\/a>.<\/p>\n<p>L&rsquo;association rappelle qu&rsquo;elle est la cible d&rsquo;une \u00ab\u00a0s\u00e9rie d&rsquo;attaques\u00a0\u00bb anti-avortement depuis plusieurs ann\u00e9es. En mars 2024, Aurore Berg\u00e9, ministre charg\u00e9e de l&rsquo;\u00c9galit\u00e9 entre les femmes et les hommes, avait d\u00e9nonc\u00e9 une attaque du planning familial sur franceinfo. En mars 2023, des inscriptions anti-avortement avaient \u00e9t\u00e9 tagu\u00e9es \u00e0 deux reprises sur la porte des locaux strasbourgeois.<\/p>\n<p>Ces attaques \u00ab\u00a0visent \u00e0 menacer nos \u00e9quipes b\u00e9n\u00e9voles et salari\u00e9es, \u00e0 d\u00e9sinformer et \u00e0 intimider les publics que nous recevons, et \u00e0 entraver leurs acc\u00e8s \u00e0 leurs droits et aux services de sant\u00e9 sexuelle et reproductive offerts par notre association\u00a0\u00bb, d\u00e9nonce le Planning familial du Bas-Rhin.<\/p>\n<p>\u00ab\u00a0Ces attaques et ces entraves sont inacceptables. Le droit \u00e0 l\u2019avortement est un droit constitutionnel. Chaque femme est libre de disposer de son corps librement\u00a0\u00bb, ajoute l&rsquo;association qui \u00ab\u00a0continuera \u00e0 accueillir inconditionnellement toute personne\u00a0: femmes, jeunes, personnes vuln\u00e9rables, communaut\u00e9s minoris\u00e9es, dans ses locaux pour que chacun.e puisse acc\u00e9der \u00e0 ses droits, exercer ses choix librement, et \u00eatre soutenu.e par nos \u00e9quipes dans un espace s\u00e9curis\u00e9 et non-jugeant\u00a0\u00bb.<\/p>\n","protected":false},"excerpt":{"rendered":"La structure du Bas-Rhin avait d\u00e9j\u00e0 \u00e9t\u00e9 tagu\u00e9e, notamment en mars 2024, apr\u00e8s l\u2019inscription de l\u2019IVG dans la&hellip;\n","protected":false},"author":2,"featured_media":668812,"comment_status":"","ping_status":"","sticky":false,"template":"","format":"standard","meta":{"footnotes":""},"categories":[2820],"tags":[1111,11,1777,674,1011,27,775,12,25,640],"class_list":{"0":"post-668811","1":"post","2":"type-post","3":"status-publish","4":"format-standard","5":"has-post-thumbnail","7":"category-strasbourg","8":"tag-actu","9":"tag-actualites","10":"tag-eu","11":"tag-europe","12":"tag-fr","13":"tag-france","14":"tag-grand-est","15":"tag-news","16":"tag-republique-francaise","17":"tag-strasbourg"},"share_on_mastodon":{"url":"https:\/\/pubeurope.com\/@fr\/115907470577002592","error":""},"_links":{"self":[{"href":"https:\/\/www.europesays.com\/fr\/wp-json\/wp\/v2\/posts\/668811","targetHints":{"allow":["GET"]}}],"collection":[{"href":"https:\/\/www.europesays.com\/fr\/wp-json\/wp\/v2\/posts"}],"about":[{"href":"https:\/\/www.europesays.com\/fr\/wp-json\/wp\/v2\/types\/post"}],"author":[{"embeddable":true,"href":"https:\/\/www.europesays.com\/fr\/wp-json\/wp\/v2\/users\/2"}],"replies":[{"embeddable":true,"href":"https:\/\/www.europesays.com\/fr\/wp-json\/wp\/v2\/comments?post=668811"}],"version-history":[{"count":0,"href":"https:\/\/www.europesays.com\/fr\/wp-json\/wp\/v2\/posts\/668811\/revisions"}],"wp:featuredmedia":[{"embeddable":true,"href":"https:\/\/www.europesays.com\/fr\/wp-json\/wp\/v2\/media\/668812"}],"wp:attachment":[{"href":"https:\/\/www.europesays.com\/fr\/wp-json\/wp\/v2\/media?parent=668811"}],"wp:term":[{"taxonomy":"category","embeddable":true,"href":"https:\/\/www.europesays.com\/fr\/wp-json\/wp\/v2\/categories?post=668811"},{"taxonomy":"post_tag","embeddable":true,"href":"https:\/\/www.europesays.com\/fr\/wp-json\/wp\/v2\/tags?post=668811"}],"curies":[{"name":"wp","href":"https:\/\/api.w.org\/{rel}","templated":true}]}}