{"id":668813,"date":"2026-01-16T23:53:12","date_gmt":"2026-01-16T23:53:12","guid":{"rendered":"https:\/\/www.europesays.com\/fr\/668813\/"},"modified":"2026-01-16T23:53:12","modified_gmt":"2026-01-16T23:53:12","slug":"les-produits-preferes-des-regions-ensoleillees","status":"publish","type":"post","link":"https:\/\/www.europesays.com\/fr\/668813\/","title":{"rendered":"les produits pr\u00e9f\u00e9r\u00e9s des r\u00e9gions ensoleill\u00e9es"},"content":{"rendered":"<p><strong>Le climat a\u00a0une influence directe sur la fa\u00e7on dont on prend soin de soi. Dans les r\u00e9gions o\u00f9 le soleil brille presque toute l\u2019ann\u00e9e, comme sur les c\u00f4tes m\u00e9diterran\u00e9ennes ou en Am\u00e9rique du Sud, la routine beaut\u00e9 ne ressemble pas du tout \u00e0\u00a0celle des pays plus froids. L\u00e0-bas, l\u2019objectif est double\u00a0: prot\u00e9ger sa peau de la chaleur tout en c\u00e9l\u00e9brant une culture du corps d\u00e9complex\u00e9e et rayonnante.<\/strong><\/p>\n<p>Contenu propos\u00e9 avec Nice-Presse Stories. La r\u00e9daction de Nice-Presse n\u2019a pas particip\u00e9 \u00e0\u00a0sa r\u00e9alisation.<\/p>\n<p><strong>L\u2019art de l\u2019hydratation gourmande<\/strong><\/p>\n<p>Dans les pays chauds, l\u2019hydratation n\u2019est pas une option, c\u2019est une n\u00e9cessit\u00e9. Le sel de mer, le chlore et l\u2019exposition prolong\u00e9e aux rayons UV ont tendance \u00e0\u00a0ass\u00e9cher l\u2019\u00e9piderme tr\u00e8s rapidement. Mais au lieu de choisir des textures lourdes ou collantes, les habitants de ces r\u00e9gions privil\u00e9gient des cr\u00e8mes qui p\u00e9n\u00e8trent instantan\u00e9ment et laissent un fini satin\u00e9 sur la\u00a0peau.<\/p>\n<p>C\u2019est d\u2019ailleurs cette approche que l\u2019on retrouve dans l\u2019esprit des soins venus du Br\u00e9sil. Pour retrouver cette ambiance estivale \u00e0\u00a0la maison, on peut facilement d\u00e9nicher les c\u00e9l\u00e8bres <a href=\"http:\/\/notino.fr\" target=\"_blank\" rel=\"noopener\"><strong>produits de la marque br\u00e9silienne Sol de Janeiro sur notino.fr<\/strong><\/a> afin de profiter de leurs textures onctueuses et de leurs parfums iconiques. Ces soins sont parfaits pour nourrir le corps tout en laissant une odeur de vacances qui dure toute la journ\u00e9e, m\u00eame en plein c\u0153ur de l\u2019hiver.<\/p>\n<p><strong>La protection solaire comme geste quotidien<\/strong><\/p>\n<p>Dans une ville ensoleill\u00e9e, on ne met pas de la cr\u00e8me solaire uniquement pour aller \u00e0\u00a0la plage. C\u2019est un geste qui fait partie de l\u2019hygi\u00e8ne de base, au m\u00eame titre que le brossage des dents. Les formules ont d\u2019ailleurs beaucoup \u00e9volu\u00e9\u00a0: elles sont d\u00e9sormais transparentes, matifiantes et servent souvent de base de maquillage. L\u2019id\u00e9e est de prot\u00e9ger les tissus du vieillissement pr\u00e9matur\u00e9 sans pour autant avoir le visage blanc ou brillant.<\/p>\n<p>Les cheveux aussi demandent une attention particuli\u00e8re sous le soleil. Les huiles protectrices et les sprays anti-UV sont des indispensables pour \u00e9viter que la fibre capillaire ne devienne cassante ou que la couleur ne vire. En vaporisant un voile protecteur avant de sortir, on garde une chevelure souple et brillante, m\u00eame apr\u00e8s une journ\u00e9e pass\u00e9e en ext\u00e9rieur.<\/p>\n<p><strong>Des parfums qui respirent le grand\u00a0air<\/strong><\/p>\n<p>L\u2019odorat est aussi tr\u00e8s marqu\u00e9 par le soleil. Dans les r\u00e9gions chaudes, on d\u00e9laisse souvent les parfums trop capiteux ou orientaux qui peuvent devenir ent\u00eatants avec la chaleur. On leur pr\u00e9f\u00e8re des eaux fra\u00eeches, des brumes parfum\u00e9es ou des senteurs hesp\u00e9rid\u00e9es \u00e0\u00a0base de citron, de bergamote ou de fleurs exotiques. Ce sont des fragrances qui apportent une sensation de propre et de l\u00e9g\u00e8ret\u00e9 imm\u00e9diate.<\/p>\n<p>Ces brumes sont d\u2019ailleurs tr\u00e8s populaires car elles peuvent \u00eatre vaporis\u00e9es plusieurs fois par jour sur le corps et les cheveux pour un petit coup de frais. Elles ne sont pas seulement un accessoire de mode, elles font partie int\u00e9grante du confort quotidien. C\u2019est une mani\u00e8re de rester frais et dynamique malgr\u00e9 les temp\u00e9ratures qui grimpent.<\/p>\n<p><strong>Une beaut\u00e9 tourn\u00e9e vers l\u2019\u00e9clat naturel<\/strong><\/p>\n<p>Enfin, dans les r\u00e9gions ensoleill\u00e9es, on cherche moins \u00e0\u00a0camoufler qu\u2019\u00e0 sublimer. Le maquillage se fait plus l\u00e9ger\u00a0: on mise sur des enlumineurs, des huiles iris\u00e9es et des bronzers pour souligner le h\u00e2le naturel de la peau. Le but est d\u2019avoir ce fameux teint \u00ab\u00a0glowy\u00a0\u00bb qui donne l\u2019impression de revenir de vacances, quelle que soit la saison.<\/p>\n<p><a href=\"https:\/\/www.nice.fr\/lieux\/musee-massena\/\" target=\"_blank\" rel=\"noopener\"><img loading=\"lazy\" decoding=\"async\" width=\"300\" height=\"300\" src=\"data:image\/svg+xml,%3Csvg%20xmlns=\" http:=\"\" alt=\"\" class=\"wp-image-263195\" data-lazy-src=\"https:\/\/www.europesays.com\/fr\/wp-content\/uploads\/2026\/01\/VILLA-MASSENA-300x300-9-25-nicepress.jpg\"\/><\/a><\/p>\n<p>Adopter les habitudes des pays du soleil, c\u2019est avant tout apprendre \u00e0\u00a0chouchouter son corps avec des produits sensoriels qui font du bien au moral. En misant sur des ingr\u00e9dients nourrissants et des parfums solaires, on transforme sa salle de bain en une petite escale exotique. C\u2019est une excellente fa\u00e7on de garder le sourire et une peau \u00e9clatante tout au long de l\u2019ann\u00e9e.<\/p>\n","protected":false},"excerpt":{"rendered":"Le climat a\u00a0une influence directe sur la fa\u00e7on dont on prend soin de soi. Dans les r\u00e9gions o\u00f9&hellip;\n","protected":false},"author":2,"featured_media":668814,"comment_status":"","ping_status":"","sticky":false,"template":"","format":"standard","meta":{"footnotes":""},"categories":[2819],"tags":[1111,11,1777,674,1011,27,12,2401,882,25],"class_list":{"0":"post-668813","1":"post","2":"type-post","3":"status-publish","4":"format-standard","5":"has-post-thumbnail","7":"category-nice","8":"tag-actu","9":"tag-actualites","10":"tag-eu","11":"tag-europe","12":"tag-fr","13":"tag-france","14":"tag-news","15":"tag-nice","16":"tag-provence-alpes-cote-dazur","17":"tag-republique-francaise"},"share_on_mastodon":{"url":"https:\/\/pubeurope.com\/@fr\/115907475101851317","error":""},"_links":{"self":[{"href":"https:\/\/www.europesays.com\/fr\/wp-json\/wp\/v2\/posts\/668813","targetHints":{"allow":["GET"]}}],"collection":[{"href":"https:\/\/www.europesays.com\/fr\/wp-json\/wp\/v2\/posts"}],"about":[{"href":"https:\/\/www.europesays.com\/fr\/wp-json\/wp\/v2\/types\/post"}],"author":[{"embeddable":true,"href":"https:\/\/www.europesays.com\/fr\/wp-json\/wp\/v2\/users\/2"}],"replies":[{"embeddable":true,"href":"https:\/\/www.europesays.com\/fr\/wp-json\/wp\/v2\/comments?post=668813"}],"version-history":[{"count":0,"href":"https:\/\/www.europesays.com\/fr\/wp-json\/wp\/v2\/posts\/668813\/revisions"}],"wp:featuredmedia":[{"embeddable":true,"href":"https:\/\/www.europesays.com\/fr\/wp-json\/wp\/v2\/media\/668814"}],"wp:attachment":[{"href":"https:\/\/www.europesays.com\/fr\/wp-json\/wp\/v2\/media?parent=668813"}],"wp:term":[{"taxonomy":"category","embeddable":true,"href":"https:\/\/www.europesays.com\/fr\/wp-json\/wp\/v2\/categories?post=668813"},{"taxonomy":"post_tag","embeddable":true,"href":"https:\/\/www.europesays.com\/fr\/wp-json\/wp\/v2\/tags?post=668813"}],"curies":[{"name":"wp","href":"https:\/\/api.w.org\/{rel}","templated":true}]}}