{"id":668815,"date":"2026-01-16T23:54:22","date_gmt":"2026-01-16T23:54:22","guid":{"rendered":"https:\/\/www.europesays.com\/fr\/668815\/"},"modified":"2026-01-16T23:54:22","modified_gmt":"2026-01-16T23:54:22","slug":"que-faire-a-nice-ce-week-end-du-16-17-et-18-janvier-2026","status":"publish","type":"post","link":"https:\/\/www.europesays.com\/fr\/668815\/","title":{"rendered":"Que faire \u00e0 Nice ce week-end du 16, 17 et 18 janvier 2026 ?"},"content":{"rendered":"<p><strong>Vous ne savez pas quoi faire ce week-end du 16, 17 et 18 janvier \u00e0 Nice ? Que vous soyez fan de th\u00e9\u00e2tre, de sport ou de concerts, la ville propose un programme vari\u00e9 pour tous les go\u00fbts, de vendredi \u00e0 dimanche.<\/strong><\/p>\n<p><strong>Vendredi 16 janvier 2026<\/strong><\/p>\n<p><strong>Concert : Mohabet par <\/strong><strong>Kapana Trio <\/strong><strong>et duo Giuglaris Navard<\/strong><\/p>\n<p><strong>Mohabet,<\/strong> ou \u00ab\u00a0conversation\u00a0\u00bb (au sens large) en bulgare, est le mot souvent utilis\u00e9 par les musiciens pour exprimer leur intention de jouer ensemble, passer un bon moment, r\u00e9jouir le public, le faire danser. C\u2019est dans cet esprit que ce concert r\u00e9unit deux groupes : <strong>Kapana Trio<\/strong>, et son r\u00e9pertoire de musique de Bulgarie jou\u00e9 sur des instruments de ce pays, et <strong>le duo Giuglaris Navard<\/strong>, qui vient \u00e9largir ce voyage musical dans les Balkans.<\/p>\n<p><strong>Lieu : <\/strong>l\u2019Espace Magnan, 31, rue Louis de Coppet, 06100 Nice\u00a0<br \/><strong>Horaire :<\/strong> \u00e0 19h30<\/p>\n<p><strong>Volley : Nice \u2013 Narbonne un duel pour la qualif<\/strong><\/p>\n<p>Le Nice Volley Ball re\u00e7oit ce soir \u00e0 la salle Palmeira un adversaire direct \u00e0 la qualification pour les playoffs, Narbonne. S\u00e9par\u00e9s par un seul point au classement, les deux \u00e9quipes vont se livrer un duel sans merci.<\/p>\n<p><strong>Lieu : <\/strong>salle Giamarchi Palmeira, 11 Bd Victor Hugo, 06000 Nice<br \/><strong>Horaire :<\/strong> 20 heures<\/p>\n<p><strong>Jeu : l\u2019Op\u00e9ra se transforme en escape game g\u00e9ant\u00a0<\/strong><\/p>\n<p>Plongez au c\u0153ur de <a href=\"http:\/\/www.nicepremium.fr\/culture-loisirs\/frequentation-record-pour-lopera-de-nice-avec-casse-noisette\/\" target=\"_blank\" data-type=\"link\" data-id=\"www.nicepremium.fr\/culture-loisirs\/frequentation-record-pour-lopera-de-nice-avec-casse-noisette\/\" rel=\"noreferrer noopener\">l\u2019Op\u00e9ra Nice C\u00f4te d\u2019Azur<\/a> pour une nouvelle aventure avecLe Comte de Monte-Cristo ! Apr\u00e8s le succ\u00e8s des Trois Mousquetaires, <strong>L\u2019\u00c9v\u00e9nement Clef <\/strong>vous invite \u00e0 d\u00e9couvrir son nouvel escape game immersif inspir\u00e9 du chef-d\u2019\u0153uvre d\u2019Alexandre Dumas. Dans les couloirs feutr\u00e9s et les salons dor\u00e9s de l\u2019Op\u00e9ra Nice C\u00f4te d\u2019Azur, devenez les t\u00e9moins, ou les complices, de ce grand retour. Choisirez-vous la voie de la vengeance implacable ou celle de la justice et du pardon ?<\/p>\n<p><strong>Lieu : <\/strong>l\u2019op\u00e9ra Nice C\u00f4te d\u2019Azur, 4-6 Rue Saint-Fran\u00e7ois de Paule, 06300 Nice<br \/><strong>Horaire :<\/strong> \u00e0 18 heures puis \u00e0 20h30<\/p>\n<p><strong>Samedi 17 janvier 2026<\/strong><\/p>\n<p><strong>Rugby : Nissa Rugby re\u00e7oit Bourgoin\u00a0<\/strong><\/p>\n<p>Deux \u00e9quipes aux trajectoires oppos\u00e9es cette saison s\u2019affronteront au <a href=\"https:\/\/www.nicepremium.fr\/actualites\/conseil-municipal-un-nouveau-stade-pour-nissa-rugby-aux-arboras-en-2029\/\" target=\"_blank\" data-type=\"link\" data-id=\"https:\/\/www.nicepremium.fr\/actualites\/conseil-municipal-un-nouveau-stade-pour-nissa-rugby-aux-arboras-en-2029\/\" rel=\"noreferrer noopener\">stade Marcel-Volot<\/a>. D\u2019un c\u00f4t\u00e9 <a href=\"https:\/\/www.nicepremium.fr\/sports\/rugby\/\" target=\"_blank\" data-type=\"link\" data-id=\"https:\/\/www.nicepremium.fr\/sports\/rugby\/\" rel=\"noreferrer noopener\"><strong>Nissa Rugby<\/strong><\/a> joue le podium de ce championnat de Nationale, de l\u2019autre Bourgoin lutte pour sa survie. L\u2019entr\u00e9e au stade est gratuite si vous t\u00e9l\u00e9chargez votre billet en amont sur <a href=\"https:\/\/shop.nissarugby.fr\/?fbclid=IwY2xjawPXKxBleHRuA2FlbQIxMABicmlkETBHUlA4MlFkdHl4dTI3dXd0c3J0YwZhcHBfaWQQMjIyMDM5MTc4ODIwMDg5MgABHuXznzj8JGApchJBweCl9n0gM8di7KVtFNGYJpXDUdChBJxmrn9SVZVCeoV4_aem__O1AqpliKGhMGiRoGcK8BQ\" target=\"_blank\" rel=\"noopener\">le site de la billetterie du club<\/a>.\u00a0<\/p>\n<p><strong>Lieu : <\/strong>Stade Marcel Volot, 247 Bd du Mercantour, 06200 Nice<br \/><strong>Horaire :<\/strong> d\u00e9but de la rencontre \u00e0 18 heures<\/p>\n<p><strong>Culture : venez vous essayer \u00e0 la dict\u00e9e en Nissart<\/strong><\/p>\n<p>Christine Bovari, professeure de <a href=\"https:\/\/www.nicepremium.fr\/actualites\/baccalaureat-en-nissart-2024-celebration-des-laureats-a-nice\/\" target=\"_blank\" data-type=\"link\" data-id=\"https:\/\/www.nicepremium.fr\/actualites\/baccalaureat-en-nissart-2024-celebration-des-laureats-a-nice\/\" rel=\"noreferrer noopener\">Nissart<\/a> au coll\u00e8ge Port Lympia dictera <strong>la 24e \u00e9dition de la Dictada Occitana en Nissart<\/strong>. Le but de cette op\u00e9ration \u00e9tant de redonner ses lettres de noblesse au Nissart qui est plus connu pour son oralit\u00e9 que pour ses \u00e9crits. Un \u00e9v\u00e9nement gratuit et ouvert \u00e0 tous, avec des remises de prix et de cadeaux \u00e0 tous les participants.<\/p>\n<p><strong>Lieu :<\/strong> Palais des Rois de Sardaigne, 10, rue de la Pr\u00e9fecture<br \/><strong>Horaire :<\/strong> \u00e0 13 heures<\/p>\n<p><strong>Exposition : Caroline Rivalan, Contre-envo\u00fbtement<\/strong><\/p>\n<p>Depuis bient\u00f4t deux ans, <strong>Caroline Rivalan<\/strong> \u00e9crit un projet sp\u00e9cifique pour le Narcissio, revisitant et approfondissant les th\u00e8mes qui lui sont propres. Contre-envo\u00fbtement \u00e9voque l\u2019\u0153uvre de Victor Brauner, r\u00e9alis\u00e9e dans les ann\u00e9es 40 en r\u00e9action \u00e0 la mont\u00e9e du fascisme et de la guerre. Attention, c\u2019est le dernier jour pour admirer cette exposition.<\/p>\n<p><strong>Lieu : <\/strong>le Narcissio, 16 rue Parmentier 06100 Nice\u00a0<br \/><strong>Horaire :<\/strong> de 15 heures \u00e0 18 heures<\/p>\n<p><strong>Dimanche 18 janvier 2026<\/strong><\/p>\n<p><strong>Festival : les plages du Rire reviennent \u00e0 Nice<\/strong><\/p>\n<p>Au c\u0153ur du <a href=\"https:\/\/www.nicepremium.fr\/culture-loisirs\/nice-met-a-lhonneur-lindependance-ukrainienne-au-theatre-de-verdure\/\" target=\"_blank\" data-type=\"link\" data-id=\"https:\/\/www.nicepremium.fr\/culture-loisirs\/nice-met-a-lhonneur-lindependance-ukrainienne-au-theatre-de-verdure\/\" rel=\"noreferrer noopener\">Th\u00e9\u00e2tre de Verdure<\/a> les ni\u00e7ois et touristes pourront assister \u00e0 des spectacles d\u2019humour et \u00e0 des one-man-show hilarants \u00e0 l\u2019occasion de cette nouvelle \u00e9dition des<strong><a href=\"https:\/\/www.nicepremium.fr\/culture-loisirs\/plages-du-rire-2024\/\" target=\"_blank\" data-type=\"link\" data-id=\"https:\/\/www.nicepremium.fr\/culture-loisirs\/plages-du-rire-2024\/\" rel=\"noreferrer noopener\"> Plages du Rire<\/a><\/strong>. Au programme de ce dimanche, <strong>Thomas Angelvy<\/strong> jouera un spectacle humoristique \u00e0 la fois moderne et percutant. Attention il ne reste que quelques places !<\/p>\n<p><strong>Lieu : <\/strong>conservatoire Pierre Cochereau, 127 avenue de Brancolar, 06100 Nice<br \/><strong>Horaire :<\/strong> \u00e0 20h30<\/p>\n<p><strong>Concours : saut et dressage<\/strong><\/p>\n<p>Pour sa deuxi\u00e8me manche, <strong>le Challenge d\u2019Hiver au Club Hippique de Nice<\/strong> permet aux cavaliers de se qualifier pour le \u00ab\u00a0Generali Open 2026\u00a0\u00bb (Championnats de France) et de valider par la voie de la comp\u00e9tition les Galops F\u00e9d\u00e9raux. Quatre manches HUNTER &amp; DRESSAGE sont au programme de ce Challenge d\u2019Hiver 2025-2026. L\u2019entr\u00e9e est gratuite.<\/p>\n<p><strong>Lieu : <\/strong>club hippique de Nice, 8 boulevard des Jardiniers, 06200 Nice<br \/><strong>Horaire :<\/strong> de 7h45 \u00e0 17 heures<\/p>\n<p><strong>Spectacle : les <\/strong><strong>Rencontres Musicales du Negresco<\/strong><\/p>\n<p>Pour sa 14e \u00e9dition, les Rencontres Musicales du Negresco offriront un dernier concert dans le salon Mass\u00e9na de <a href=\"https:\/\/www.nicepremium.fr\/lifestyle\/le-negresco-un-lieu-prise-pour-les-dejeuner-daffaires-en-france\/\" target=\"_blank\" data-type=\"link\" data-id=\"https:\/\/www.nicepremium.fr\/lifestyle\/le-negresco-un-lieu-prise-pour-les-dejeuner-daffaires-en-france\/\" rel=\"noreferrer noopener\">l\u2019h\u00f4tel Negresco<\/a>. Un concert plac\u00e9 sous la direction artistique de Nicolas Bringuier, en faveur des enfants malades via <a href=\"https:\/\/annuaire-entreprises.data.gouv.fr\/entreprise\/classicazur-924052848\" target=\"_blank\" data-type=\"link\" data-id=\"https:\/\/annuaire-entreprises.data.gouv.fr\/entreprise\/classicazur-924052848\" rel=\"noreferrer noopener\">l\u2019association Classicazur<\/a>.\u00a0<\/p>\n<p><strong>Lieu : <\/strong>h\u00f4tel Negresco, 37 promenade des Anglais, 06000 Nice<br \/><strong>Horaire :<\/strong> \u00e0 17h30.<\/p>\n<p><strong>NicePremium est un m\u00e9dia local ind\u00e9pendant et gratuit.<\/strong><br \/>Pour nous aider \u00e0 continuer, vous pouvez soutenir notre travail \u00e0 partir de 5 \u20ac par mois.<\/p>\n<p><a class=\"np-soutien-btn\" href=\"https:\/\/www.nicepremium.fr\/faire-un-don\/\" target=\"_blank\" rel=\"noopener\">Soutenir NicePremium<\/a><\/p>\n","protected":false},"excerpt":{"rendered":"Vous ne savez pas quoi faire ce week-end du 16, 17 et 18 janvier \u00e0 Nice ? Que&hellip;\n","protected":false},"author":2,"featured_media":304648,"comment_status":"","ping_status":"","sticky":false,"template":"","format":"standard","meta":{"footnotes":""},"categories":[2819],"tags":[1111,11,1777,674,1011,27,12,2401,882,25],"class_list":{"0":"post-668815","1":"post","2":"type-post","3":"status-publish","4":"format-standard","5":"has-post-thumbnail","7":"category-nice","8":"tag-actu","9":"tag-actualites","10":"tag-eu","11":"tag-europe","12":"tag-fr","13":"tag-france","14":"tag-news","15":"tag-nice","16":"tag-provence-alpes-cote-dazur","17":"tag-republique-francaise"},"share_on_mastodon":{"url":"https:\/\/pubeurope.com\/@fr\/115907478301581738","error":""},"_links":{"self":[{"href":"https:\/\/www.europesays.com\/fr\/wp-json\/wp\/v2\/posts\/668815","targetHints":{"allow":["GET"]}}],"collection":[{"href":"https:\/\/www.europesays.com\/fr\/wp-json\/wp\/v2\/posts"}],"about":[{"href":"https:\/\/www.europesays.com\/fr\/wp-json\/wp\/v2\/types\/post"}],"author":[{"embeddable":true,"href":"https:\/\/www.europesays.com\/fr\/wp-json\/wp\/v2\/users\/2"}],"replies":[{"embeddable":true,"href":"https:\/\/www.europesays.com\/fr\/wp-json\/wp\/v2\/comments?post=668815"}],"version-history":[{"count":0,"href":"https:\/\/www.europesays.com\/fr\/wp-json\/wp\/v2\/posts\/668815\/revisions"}],"wp:featuredmedia":[{"embeddable":true,"href":"https:\/\/www.europesays.com\/fr\/wp-json\/wp\/v2\/media\/304648"}],"wp:attachment":[{"href":"https:\/\/www.europesays.com\/fr\/wp-json\/wp\/v2\/media?parent=668815"}],"wp:term":[{"taxonomy":"category","embeddable":true,"href":"https:\/\/www.europesays.com\/fr\/wp-json\/wp\/v2\/categories?post=668815"},{"taxonomy":"post_tag","embeddable":true,"href":"https:\/\/www.europesays.com\/fr\/wp-json\/wp\/v2\/tags?post=668815"}],"curies":[{"name":"wp","href":"https:\/\/api.w.org\/{rel}","templated":true}]}}