{"id":668818,"date":"2026-01-16T23:57:18","date_gmt":"2026-01-16T23:57:18","guid":{"rendered":"https:\/\/www.europesays.com\/fr\/668818\/"},"modified":"2026-01-16T23:57:18","modified_gmt":"2026-01-16T23:57:18","slug":"bordeaux-nouvelle-capitale-de-lhumour","status":"publish","type":"post","link":"https:\/\/www.europesays.com\/fr\/668818\/","title":{"rendered":"Bordeaux, nouvelle capitale de l\u2019humour\u00a0?"},"content":{"rendered":"<p>Pas une semaine sans qu\u2019ils n\u2019emplissent les salles de spectacles\u00a0: les humoristes sont partout et r\u00e8gnent actuellement sur le spectacle vivant. Dans l\u2019immensit\u00e9 des Z\u00e9niths comme dans l\u2019arri\u00e8re-salle de restaurants ou de bars branch\u00e9s, les rois de la vanne font carton plein. \u00c0 Pau, P\u00e9rigueux, La\u00a0Rochelle, Bayonne et ailleurs, les lieux proposant du stand-up se multiplient depuis la sortie de la crise du Covid.<\/p>\n<p>\u00c0 Bordeaux, on en d\u00e9nombre actuellement plus d\u2019une vingtaine, dont certains d\u00e9j\u00e0 bien plus install\u00e9s dans les habitudes d\u2019un public avide de rires&#8230;<\/p>\n<p>Pas une semaine sans qu\u2019ils n\u2019emplissent les salles de spectacles\u00a0: les humoristes sont partout et r\u00e8gnent actuellement sur le spectacle vivant. Dans l\u2019immensit\u00e9 des Z\u00e9niths comme dans l\u2019arri\u00e8re-salle de restaurants ou de bars branch\u00e9s, les rois de la vanne font carton plein. \u00c0 Pau, P\u00e9rigueux, La\u00a0Rochelle, Bayonne et ailleurs, les lieux proposant du stand-up se multiplient depuis la sortie de la crise du Covid.<\/p>\n<p>\u00c0 Bordeaux, on en d\u00e9nombre actuellement plus d\u2019une vingtaine, dont certains d\u00e9j\u00e0 bien plus install\u00e9s dans les habitudes d\u2019un public avide de rires d\u00e9complex\u00e9s. Rendez-vous hebdo, mensuels ou occasionnels, on se presse aux soir\u00e9es du Gina Bordeaux, du Black Cat, du Wash Bar, du Gav\u00e9 Style, du Colin\u2019s, de l\u2019Engrenage\u2026 La capitale d\u2019Aquitaine ne manque ni d\u2019atouts\u00a0ni d\u2019attraits. Et de grands noms de la sc\u00e8ne viennent y poser leurs marques.<\/p>\n<p>Les stars s\u2019engagent<\/p>\n<p>Mi 2025, le com\u00e9dien et metteur en sc\u00e8ne Alexis Michalik a rachet\u00e9 le Th\u00e9\u00e2tre des Salini\u00e8res et rebattu les cartes du th\u00e9\u00e2tre priv\u00e9 \u00e0 Bordeaux. Au m\u00eame moment, J\u00e9r\u00e9my Ferrari et son associ\u00e9 Micka\u00ebl Dion ont pris \u2013 pour neuf ans &#8211; <a href=\"https:\/\/www.sudouest.fr\/gironde\/avoir-un-lieu-ca-fait-vraiment-partie-de-mes-reves-de-gosse-jeremy-ferrari-investit-bordeaux-26051717.php\" target=\"_blank\" rel=\"follow noopener\">la g\u00e9rance de l\u2019historique Th\u00e9\u00e2tre F\u00e9mina<\/a>. \u00ab\u00a0C\u2019est une premi\u00e8re pour nous, qui g\u00e9rons \u00e0 360\u00b0 la carri\u00e8re de nos artistes\u00a0\u00bb, explique Micka\u00ebl Dion, directeur g\u00e9n\u00e9ral de Dark Smile. \u00ab\u00a0Outre des travaux d\u2019am\u00e9lioration du th\u00e9\u00e2tre \u00e9tal\u00e9s sur sept ans, nous comptons proposer davantage de coproductions de certaines dates et maintenir un accueil multiculturel au F\u00e9mina, o\u00f9 la pr\u00e9sence des humoristes est d\u00e9j\u00e0 importante.\u00a0\u00bb<\/p>\n<p>        <img decoding=\"async\" id=\"27313831\" src=\"https:\/\/www.europesays.com\/fr\/wp-content\/uploads\/2026\/01\/sudouest-photo-1-35198398-1600.jpg\" alt=\"J\u00e9r\u00e9my Ferrari devant le th\u00e9\u00e2tre F\u00e9mina en septembre 2025.\" itemprop=\"contentURL\"\/><\/p>\n<p>    J\u00e9r\u00e9my Ferrari devant le th\u00e9\u00e2tre F\u00e9mina en septembre 2025.<\/p>\n<p>Laurent Theillet \/ Sud Ouest<\/p>\n<p>Pour jouer \u00e0 fond la carte humour, J\u00e9r\u00e9my Ferrari et Dark Smile ont un autre projet\u00a0: la cr\u00e9ation d\u2019un comedy-club, \u00e0 deux pas du th\u00e9\u00e2tre F\u00e9mina. \u00ab\u00a0Nous avons une programmatrice et ouvrirons d\u2019ici l\u2019automne. Nous sommes encore en qu\u00eate de l\u2019endroit id\u00e9al pour implanter un vrai lieu de vie autour du stand-up, selon le mod\u00e8le parisien\u00a0: trois ou quatre sessions du mercredi au dimanche, avec une activit\u00e9 restaurant en compl\u00e9ment.\u00a0\u00bb<\/p>\n<p>\u00ab\u00a0P\u00e9pites \u00e9mergentes\u00a0\u00bb<\/p>\n<p>\u00c0 un jet de pierre de la gare Saint-Jean, le ch\u00e2teau Descas en impose architecturalement. D\u00e9but janvier, son concessionnaire, Paradox\u2019Hall, <a href=\"https:\/\/www.sudouest.fr\/gironde\/bordeaux\/maxime-gasteuil-dans-l-aventure-du-theatre-descas-a-bordeaux-27307538.php\" target=\"_blank\" rel=\"follow noopener\">a officiellement confi\u00e9 la direction artistique de son th\u00e9\u00e2tre \u00e0 1,618 Prod<\/a>, soci\u00e9t\u00e9 fond\u00e9e il y a un an par l\u2019humoriste girondin Maxime Gasteuil, avec Benjamin Demay, Magali Faure et Fanny de la Croix. C\u2019est un th\u00e9\u00e2tre cossu, fort de 600 si\u00e8ges\u00a0; une jauge interm\u00e9diaire qui fait d\u00e9faut \u00e0 Bordeaux. 1,618 Prod compte y proposer quelque 80 spectacles d\u2019ici \u00e0 deux ans. Son premier temps fort sera une soir\u00e9e, mardi 17\u00a0mars, r\u00e9unissant Waly Dia, Alexis Le Rossignol, Laurie Peret, G\u00e9r\u00e9my Cr\u00e9deville, Philippine Delaire\u2026<\/p>\n<p>Mais l\u2019id\u00e9e de lancer, dans d\u2019autres espaces du ch\u00e2teau, un comedy-club titille d\u00e9j\u00e0 l\u2019\u00e9quipe de Maxime Gasteuil. \u00ab\u00a0Plut\u00f4t comme rampe de lancement pour les p\u00e9pites \u00e9mergentes, ou sc\u00e8ne de rodage pour les artistes d\u00e9j\u00e0 confirm\u00e9s\u00a0\u00bb, pr\u00e9cise Fanny de la Croix, jusqu\u2019\u00e0 l\u2019an dernier aux commandes du festival les Fous Rires de Bordeaux.<\/p>\n<p>        <img decoding=\"async\" id=\"27442554\" src=\"https:\/\/www.europesays.com\/fr\/wp-content\/uploads\/2026\/01\/1768607836_289_3840-x-2160-1.jpg\" alt=\"\u00ab\u00a0La Cour du mic\u00a0\u00bb marquera le lancement de la nouvelle programmation du Ch\u00e2teau Th\u00e9\u00e2tre Descas.\" itemprop=\"contentURL\"\/><\/p>\n<p>    \u00ab\u00a0La Cour du mic\u00a0\u00bb marquera le lancement de la nouvelle programmation du Ch\u00e2teau Th\u00e9\u00e2tre Descas.<\/p>\n<p>1,618 Prod<\/p>\n<p>    Kev Adams arrive<\/p>\n<p>La rumeur bruissait depuis des mois, et la nouvelle est d\u00e9sormais officielle\u00a0: Kev Adams d\u00e9barque\u00a0\u00e0 Bordeaux\u00a0! En avril, il y ouvrira son 5e Fridge Comedy Club (apr\u00e8s Paris, Montpellier, Bruxelles et Rouen), dans l\u2019hypercentre et en partenariat avec l\u2019Empire, que dirige depuis 2010 le bordelais Max Gonzalez. \u00ab\u00a0J\u2019ai rencontr\u00e9 Kev en 2017 sur des tournages et on a tout de suite sympathis\u00e9. Pour le film Netflix \u00ab\u00a0Happy New Year\u00a0\u00bb, avec Kev et Camille Lellouche, une sc\u00e8ne avait \u00e9t\u00e9 tourn\u00e9 chez moi, sous l\u2019enseigne fictive Empire Comedy Club. Apr\u00e8s quoi, j\u2019ai commenc\u00e9 \u00e0 y pr\u00e9senter des plateaux de stand-up\u00a0\u00bb, explique Max Gonzalez, 36\u00a0ans.<\/p>\n<p>        <img decoding=\"async\" id=\"27442651\" src=\"https:\/\/www.europesays.com\/fr\/wp-content\/uploads\/2026\/01\/max-et-kevadams.jpg\" alt=\"Le Bordelais Max Gonzalez et l\u2019humoriste et acteur Kev Adams, associ\u00e9s dans l\u2019aventure du Fridge Bordeaux qui ouvrira ses portes en avril rue de la Devise.\" itemprop=\"contentURL\"\/><\/p>\n<p>    Le Bordelais Max Gonzalez et l\u2019humoriste et acteur Kev Adams, associ\u00e9s dans l\u2019aventure du Fridge Bordeaux qui ouvrira ses portes en avril rue de la Devise.<\/p>\n<p>Fridge<\/p>\n<p>        <img decoding=\"async\" id=\"25979952\" src=\"https:\/\/www.europesays.com\/fr\/wp-content\/uploads\/2026\/01\/20250918141038-davt2347.jpg\" alt=\"Alexis Michalik a rachet\u00e9 le Th\u00e9\u00e2tre des Salini\u00e8res\u00a0en septembre dernier.\" itemprop=\"contentURL\"\/><\/p>\n<p>    Alexis Michalik a rachet\u00e9 le Th\u00e9\u00e2tre des Salini\u00e8res\u00a0en septembre dernier.<\/p>\n<p>Thierry David \/ SO<\/p>\n<p>Associ\u00e9s, ils ouvriront donc le Fridge Bordeaux\u00a0: soit un lieu design\u00e9 par l\u2019architecte Sophie Bougnoux, avec un restaurant de 70 couverts, un espace bar et une salle d\u00e9di\u00e9e au comedy-club. Dix sessions hebdomadaires y sont annonc\u00e9es, du mercredi au samedi. \u00ab\u00a0On veut faire \u00e9merger de nouveaux stand-uppeurs et les aider \u00e0 se professionnaliser. La plupart se font d\u2019abord rep\u00e9rer avec des vid\u00e9os sur Insta\u00a0\u00bb, poursuit-il. \u00ab\u00a0Le Fridge, c\u2019est un vivier de 400 artistes. Ici, comme \u00e0 Paris, les artistes locaux partageront la sc\u00e8ne avec des stars comme Kev, David Voinson, Nash ou Paul Mirabel\u00a0\u00bb.<\/p>\n","protected":false},"excerpt":{"rendered":"Pas une semaine sans qu\u2019ils n\u2019emplissent les salles de spectacles\u00a0: les humoristes sont partout et r\u00e8gnent actuellement sur&hellip;\n","protected":false},"author":2,"featured_media":668819,"comment_status":"","ping_status":"","sticky":false,"template":"","format":"standard","meta":{"footnotes":""},"categories":[2817],"tags":[1111,11,1997,1777,674,1011,27,12,2219,25],"class_list":{"0":"post-668818","1":"post","2":"type-post","3":"status-publish","4":"format-standard","5":"has-post-thumbnail","7":"category-bordeaux","8":"tag-actu","9":"tag-actualites","10":"tag-bordeaux","11":"tag-eu","12":"tag-europe","13":"tag-fr","14":"tag-france","15":"tag-news","16":"tag-nouvelle-aquitaine","17":"tag-republique-francaise"},"share_on_mastodon":{"url":"","error":""},"_links":{"self":[{"href":"https:\/\/www.europesays.com\/fr\/wp-json\/wp\/v2\/posts\/668818","targetHints":{"allow":["GET"]}}],"collection":[{"href":"https:\/\/www.europesays.com\/fr\/wp-json\/wp\/v2\/posts"}],"about":[{"href":"https:\/\/www.europesays.com\/fr\/wp-json\/wp\/v2\/types\/post"}],"author":[{"embeddable":true,"href":"https:\/\/www.europesays.com\/fr\/wp-json\/wp\/v2\/users\/2"}],"replies":[{"embeddable":true,"href":"https:\/\/www.europesays.com\/fr\/wp-json\/wp\/v2\/comments?post=668818"}],"version-history":[{"count":0,"href":"https:\/\/www.europesays.com\/fr\/wp-json\/wp\/v2\/posts\/668818\/revisions"}],"wp:featuredmedia":[{"embeddable":true,"href":"https:\/\/www.europesays.com\/fr\/wp-json\/wp\/v2\/media\/668819"}],"wp:attachment":[{"href":"https:\/\/www.europesays.com\/fr\/wp-json\/wp\/v2\/media?parent=668818"}],"wp:term":[{"taxonomy":"category","embeddable":true,"href":"https:\/\/www.europesays.com\/fr\/wp-json\/wp\/v2\/categories?post=668818"},{"taxonomy":"post_tag","embeddable":true,"href":"https:\/\/www.europesays.com\/fr\/wp-json\/wp\/v2\/tags?post=668818"}],"curies":[{"name":"wp","href":"https:\/\/api.w.org\/{rel}","templated":true}]}}