{"id":668820,"date":"2026-01-16T23:58:13","date_gmt":"2026-01-16T23:58:13","guid":{"rendered":"https:\/\/www.europesays.com\/fr\/668820\/"},"modified":"2026-01-16T23:58:13","modified_gmt":"2026-01-16T23:58:13","slug":"de-nouveaux-jeux-installes-place-ferdinand-buisson","status":"publish","type":"post","link":"https:\/\/www.europesays.com\/fr\/668820\/","title":{"rendered":"de nouveaux jeux install\u00e9s place Ferdinand-Buisson"},"content":{"rendered":"<p>Un baby-foot, une table de ping-pong et un jeu d\u2019\u00e9checs assorti de tabourets ont \u00e9t\u00e9 install\u00e9s mercredi&#8230;<\/p>\n<p>Un baby-foot, une table de ping-pong et un jeu d\u2019\u00e9checs assorti de tabourets ont \u00e9t\u00e9 install\u00e9s mercredi 14\u00a0janvier sur la place Ferdinand-Buisson, dans le quartier Belcier, \u00e0 Bordeaux. Con\u00e7us pour une installation ext\u00e9rieure permanente, ces \u00e9quipements viennent compl\u00e9ter ceux d\u00e9j\u00e0 en place depuis plusieurs ann\u00e9es\u00a0: deux terrains de p\u00e9tanque et une aire de jeux pour enfants.<\/p>\n","protected":false},"excerpt":{"rendered":"Un baby-foot, une table de ping-pong et un jeu d\u2019\u00e9checs assorti de tabourets ont \u00e9t\u00e9 install\u00e9s mercredi&#8230; Un&hellip;\n","protected":false},"author":2,"featured_media":668821,"comment_status":"","ping_status":"","sticky":false,"template":"","format":"standard","meta":{"footnotes":""},"categories":[2817],"tags":[1111,11,1997,1777,674,1011,27,12,2219,25],"class_list":{"0":"post-668820","1":"post","2":"type-post","3":"status-publish","4":"format-standard","5":"has-post-thumbnail","7":"category-bordeaux","8":"tag-actu","9":"tag-actualites","10":"tag-bordeaux","11":"tag-eu","12":"tag-europe","13":"tag-fr","14":"tag-france","15":"tag-news","16":"tag-nouvelle-aquitaine","17":"tag-republique-francaise"},"share_on_mastodon":{"url":"https:\/\/pubeurope.com\/@fr\/115907494185504850","error":""},"_links":{"self":[{"href":"https:\/\/www.europesays.com\/fr\/wp-json\/wp\/v2\/posts\/668820","targetHints":{"allow":["GET"]}}],"collection":[{"href":"https:\/\/www.europesays.com\/fr\/wp-json\/wp\/v2\/posts"}],"about":[{"href":"https:\/\/www.europesays.com\/fr\/wp-json\/wp\/v2\/types\/post"}],"author":[{"embeddable":true,"href":"https:\/\/www.europesays.com\/fr\/wp-json\/wp\/v2\/users\/2"}],"replies":[{"embeddable":true,"href":"https:\/\/www.europesays.com\/fr\/wp-json\/wp\/v2\/comments?post=668820"}],"version-history":[{"count":0,"href":"https:\/\/www.europesays.com\/fr\/wp-json\/wp\/v2\/posts\/668820\/revisions"}],"wp:featuredmedia":[{"embeddable":true,"href":"https:\/\/www.europesays.com\/fr\/wp-json\/wp\/v2\/media\/668821"}],"wp:attachment":[{"href":"https:\/\/www.europesays.com\/fr\/wp-json\/wp\/v2\/media?parent=668820"}],"wp:term":[{"taxonomy":"category","embeddable":true,"href":"https:\/\/www.europesays.com\/fr\/wp-json\/wp\/v2\/categories?post=668820"},{"taxonomy":"post_tag","embeddable":true,"href":"https:\/\/www.europesays.com\/fr\/wp-json\/wp\/v2\/tags?post=668820"}],"curies":[{"name":"wp","href":"https:\/\/api.w.org\/{rel}","templated":true}]}}