{"id":668825,"date":"2026-01-17T00:01:10","date_gmt":"2026-01-17T00:01:10","guid":{"rendered":"https:\/\/www.europesays.com\/fr\/668825\/"},"modified":"2026-01-17T00:01:10","modified_gmt":"2026-01-17T00:01:10","slug":"loperation-hauts-de-france-propres-revient-les-6-7-et-8-mars","status":"publish","type":"post","link":"https:\/\/www.europesays.com\/fr\/668825\/","title":{"rendered":"L&rsquo;op\u00e9ration Hauts-de-France Propres revient les 6, 7 et 8 mars"},"content":{"rendered":"<p>Les 6, 7 et 8 mars, les Hauts-de-France se mobilisent \u00e0 nouveau pour l\u2019une des plus grandes op\u00e9rations citoyennes de protection de l\u2019environnement. Hauts-de-France Propres, c\u2019est bien plus qu\u2019un ramassage de d\u00e9chets : c\u2019est un \u00e9lan collectif, un engagement concret et un message fort pour les g\u00e9n\u00e9rations futures.\n<\/p>\n<p>                                Des milliers de citoyens d\u00e9j\u00e0 engag\u00e9s\u2026 et vous ?<\/p>\n<p>Chaque ann\u00e9e, la mobilisation grandit. La derni\u00e8re \u00e9dition a rassembl\u00e9 96 000 participants, d\u00e9ploy\u00e9s sur plus de 2 000 points de ramassage, permettant de collecter plus de 9 000 m\u00b3 de d\u00e9chets \u00e0 travers toute la r\u00e9gion.<\/p>\n<p>Ces chiffres t\u00e9moignent d\u2019une chose essentielle : lorsque nous agissons ensemble, l\u2019impact est immense. En 2026, relevons le d\u00e9fi et allons encore plus loin.<\/p>\n<p>Un week-end pour nettoyer et prot\u00e9ger nos espaces naturels<\/p>\n<p>Durant trois jours, les b\u00e9n\u00e9voles interviendront sur les bords de routes, chemins, rivi\u00e8res, espaces verts et zones naturelles.<br \/>Un geste simple, concret, mais essentiel pour am\u00e9liorer durablement notre cadre de vie.<\/p>\n<p><strong>Pour rejoindre le mouvement c&rsquo;est simple !<\/strong><\/p>\n<ul>\n<li>Organisez votre propre ramassage, ou rejoignez une action existante pr\u00e8s de chez vous.<\/li>\n<li>Toutes les informations sont disponibles sur <a href=\"https:\/\/www.hautsdefrance-propres.fr\/\" target=\"_blank\" rel=\"noopener\">hautsdefrance-propres.fr<\/a><\/li>\n<li>Il ne vous restera plus qu\u2019\u00e0 enfiler vos gants, attraper un sac et rejoindre le mouvement !<\/li>\n<\/ul>\n<p>Un geste simple, un impact durable<\/p>\n<p>Du mat\u00e9riel de ramassage sera mis \u00e0 disposition dans la limite des stocks, mais chacun peut aussi venir avec son propre \u00e9quipement.<br \/>Chaque d\u00e9chet ramass\u00e9 est un pas de plus vers :<\/p>\n<ul>\n<li>un environnement plus sain,<\/li>\n<li>une biodiversit\u00e9 mieux prot\u00e9g\u00e9e,<\/li>\n<li>un cadre de vie plus agr\u00e9able pour tous.<\/li>\n<li>Un petit geste individuel, un immense b\u00e9n\u00e9fice collectif.<\/li>\n<\/ul>\n<p>Une mobilisation citoyenne et \u00e9ducative<\/p>\n<p>Hauts-de-France Propres est aussi une formidable action de sensibilisation. En participant, chacun prend conscience de l\u2019impact de ses comportements et devient acteur du changement.<\/p>\n<p>Les \u00e9coles, coll\u00e8ges et lyc\u00e9es sont pleinement impliqu\u00e9s. Ces actions de terrain permettent aux plus jeunes de d\u00e9couvrir, comprendre et adopter les valeurs de l\u2019\u00e9co-citoyennet\u00e9, aujourd\u2019hui et pour demain.<\/p>\n<p>Une \u00e9cologie concr\u00e8te, populaire et f\u00e9d\u00e9ratrice<\/p>\n<p>Soutenue par la R\u00e9gion Hauts-de-France, en partenariat avec les f\u00e9d\u00e9rations de chasse et de p\u00eache, cette mobilisation incarne une \u00e9cologie de terrain, accessible \u00e0 tous et profond\u00e9ment humaine.<\/p>\n<p>\u00ab C\u2019est une d\u00e9marche citoyenne, interg\u00e9n\u00e9rationnelle, qui rassemble urbains et ruraux autour d\u2019un m\u00eame objectif \u00bb, souligne Xavier Bertrand. \u00ab Cette op\u00e9ration fait du bien \u00e0 la nature des Hauts-de-France. \u00bb<\/p>\n<p>\u00ab Elle prouve que nous sommes capables d\u2019agir ensemble pour la biodiversit\u00e9, quelles que soient nos diff\u00e9rences \u00bb, ajoute Jean-Michel Taccoen, conseiller r\u00e9gional d\u00e9l\u00e9gu\u00e9.<\/p>\n<p>Les 6, 7 et 8 mars 2026, relevons le d\u00e9fi ensemble<\/p>\n<p>Trois jours. Un objectif commun. Une r\u00e9gion mobilis\u00e9e. Hauts-de-France Propres, c\u2019est l\u2019occasion de montrer que l\u2019engagement collectif peut r\u00e9ellement changer les choses.<\/p>\n<p>Rejoignez le mouvement et agissez pour l\u2019environnement !<\/p>\n","protected":false},"excerpt":{"rendered":"Les 6, 7 et 8 mars, les Hauts-de-France se mobilisent \u00e0 nouveau pour l\u2019une des plus grandes op\u00e9rations&hellip;\n","protected":false},"author":2,"featured_media":668826,"comment_status":"","ping_status":"","sticky":false,"template":"","format":"standard","meta":{"footnotes":""},"categories":[2815],"tags":[1111,11,23527,436,1777,674,1011,27,811,1307,12,25,28208,11280],"class_list":{"0":"post-668825","1":"post","2":"type-post","3":"status-publish","4":"format-standard","5":"has-post-thumbnail","7":"category-lille","8":"tag-actu","9":"tag-actualites","10":"tag-developpement-durable","11":"tag-environnement","12":"tag-eu","13":"tag-europe","14":"tag-fr","15":"tag-france","16":"tag-hauts-de-france","17":"tag-lille","18":"tag-news","19":"tag-republique-francaise","20":"tag-rev3","21":"tag-territoire"},"share_on_mastodon":{"url":"https:\/\/pubeurope.com\/@fr\/115907505926465320","error":""},"_links":{"self":[{"href":"https:\/\/www.europesays.com\/fr\/wp-json\/wp\/v2\/posts\/668825","targetHints":{"allow":["GET"]}}],"collection":[{"href":"https:\/\/www.europesays.com\/fr\/wp-json\/wp\/v2\/posts"}],"about":[{"href":"https:\/\/www.europesays.com\/fr\/wp-json\/wp\/v2\/types\/post"}],"author":[{"embeddable":true,"href":"https:\/\/www.europesays.com\/fr\/wp-json\/wp\/v2\/users\/2"}],"replies":[{"embeddable":true,"href":"https:\/\/www.europesays.com\/fr\/wp-json\/wp\/v2\/comments?post=668825"}],"version-history":[{"count":0,"href":"https:\/\/www.europesays.com\/fr\/wp-json\/wp\/v2\/posts\/668825\/revisions"}],"wp:featuredmedia":[{"embeddable":true,"href":"https:\/\/www.europesays.com\/fr\/wp-json\/wp\/v2\/media\/668826"}],"wp:attachment":[{"href":"https:\/\/www.europesays.com\/fr\/wp-json\/wp\/v2\/media?parent=668825"}],"wp:term":[{"taxonomy":"category","embeddable":true,"href":"https:\/\/www.europesays.com\/fr\/wp-json\/wp\/v2\/categories?post=668825"},{"taxonomy":"post_tag","embeddable":true,"href":"https:\/\/www.europesays.com\/fr\/wp-json\/wp\/v2\/tags?post=668825"}],"curies":[{"name":"wp","href":"https:\/\/api.w.org\/{rel}","templated":true}]}}