{"id":668833,"date":"2026-01-17T00:05:14","date_gmt":"2026-01-17T00:05:14","guid":{"rendered":"https:\/\/www.europesays.com\/fr\/668833\/"},"modified":"2026-01-17T00:05:14","modified_gmt":"2026-01-17T00:05:14","slug":"gregory-doucet-veut-faire-de-lalimentation-un-droit-en-2026","status":"publish","type":"post","link":"https:\/\/www.europesays.com\/fr\/668833\/","title":{"rendered":"Gr\u00e9gory Doucet veut faire de l\u2019alimentation un droit en 2026"},"content":{"rendered":"<p itemprop=\"description\"><strong>Face \u00e0 la hausse durable du co\u00fbt de l\u2019alimentation, la liste Pour Vivre Lyon, port\u00e9e par l\u2019union de la gauche et des \u00e9cologistes, d\u00e9voile une nouvelle mesure ce vendredi.<\/strong><\/p>\n<p>Il s&rsquo;agit de la cr\u00e9ation de dix cantines de quartier r\u00e9parties sur l\u2019ensemble du territoire lyonnais. L\u2019objectif affich\u00e9 est clair : garantir un acc\u00e8s universel \u00e0 une alimentation saine, durable et financi\u00e8rement accessible, dans un contexte de pr\u00e9carisation croissante.<\/p>\n<p><a href=\"https:\/\/www.lyonmag.com\/profil-personnalite-lyonnaise\/504\/gregory-doucet\" target=\"_blank\" rel=\"noopener\">Gr\u00e9gory Doucet<\/a> assume un positionnement offensif sur le sujet : \u00ab\u00a0Dans la capitale mondiale de la gastronomie, il est inacceptable que bien manger soit un privil\u00e8ge. Nous voulons garantir \u00e0 toutes et tous l\u2019acc\u00e8s \u00e0 une alimentation de qualit\u00e9, peu importe son budget\u00a0\u00bb, affirme-t-il, en liant explicitement cette promesse \u00e0 l\u2019ouverture de dix cantines de quartier.<\/p>\n<p>Ces cantines de quartier s\u2019articuleraient autour de plusieurs fonctions. Le projet pr\u00e9voit l\u2019int\u00e9gration d\u2019\u00e9piceries sociales et solidaires, proposant des produits de qualit\u00e9 \u00e0 tarifs diff\u00e9renci\u00e9s : prix r\u00e9duits pour les personnes en grande pr\u00e9carit\u00e9, prix co\u00fbtant pour les habitants du quartier et tarifs classiques pour les autres usagers.<\/p>\n<p>\u00c0 cela s\u2019ajouteraient des espaces de restauration et de convivialit\u00e9, des cuisines partag\u00e9es, ainsi que des actions d\u2019animation : ateliers culinaires, formations, sensibilisation \u00e0 l\u2019alimentation durable ou encore projets en lien avec les \u00e9coles et les acteurs associatifs locaux.<\/p>\n<p>La mesure se veut une r\u00e9ponse directe aux sc\u00e8nes devenues famili\u00e8res dans plusieurs quartiers de Lyon : files d\u2019attente devant les distributions alimentaires ou les cantines universitaires, notamment depuis la crise sanitaire.<\/p>\n<p>Pour la gauche unie, l\u2019acc\u00e8s \u00e0 une alimentation saine est d\u00e9sormais un facteur majeur d\u2019in\u00e9galit\u00e9s sociales.<\/p>\n","protected":false},"excerpt":{"rendered":"Face \u00e0 la hausse durable du co\u00fbt de l\u2019alimentation, la liste Pour Vivre Lyon, port\u00e9e par l\u2019union de&hellip;\n","protected":false},"author":2,"featured_media":668834,"comment_status":"","ping_status":"","sticky":false,"template":"","format":"standard","meta":{"footnotes":""},"categories":[1889],"tags":[1111,11,2813,2190,2430,1109,251,1112,2811,1777,674,118,1011,27,1922,1110,1114,2428,2810,12,241,316,25,2812,517,800],"class_list":{"0":"post-668833","1":"post","2":"type-post","3":"status-publish","4":"format-standard","5":"has-post-thumbnail","7":"category-lyon","8":"tag-actu","9":"tag-actualites","10":"tag-article","11":"tag-asvel","12":"tag-auvergne-rhone-alpes","13":"tag-breves","14":"tag-culture","15":"tag-depeches","16":"tag-economique","17":"tag-eu","18":"tag-europe","19":"tag-faits-divers","20":"tag-fr","21":"tag-france","22":"tag-info","23":"tag-informations","24":"tag-infos","25":"tag-lyon","26":"tag-lyonmag","27":"tag-news","28":"tag-ol","29":"tag-politique","30":"tag-republique-francaise","31":"tag-sociale","32":"tag-sport","33":"tag-transports"},"share_on_mastodon":{"url":"https:\/\/pubeurope.com\/@fr\/115907521682567195","error":""},"_links":{"self":[{"href":"https:\/\/www.europesays.com\/fr\/wp-json\/wp\/v2\/posts\/668833","targetHints":{"allow":["GET"]}}],"collection":[{"href":"https:\/\/www.europesays.com\/fr\/wp-json\/wp\/v2\/posts"}],"about":[{"href":"https:\/\/www.europesays.com\/fr\/wp-json\/wp\/v2\/types\/post"}],"author":[{"embeddable":true,"href":"https:\/\/www.europesays.com\/fr\/wp-json\/wp\/v2\/users\/2"}],"replies":[{"embeddable":true,"href":"https:\/\/www.europesays.com\/fr\/wp-json\/wp\/v2\/comments?post=668833"}],"version-history":[{"count":0,"href":"https:\/\/www.europesays.com\/fr\/wp-json\/wp\/v2\/posts\/668833\/revisions"}],"wp:featuredmedia":[{"embeddable":true,"href":"https:\/\/www.europesays.com\/fr\/wp-json\/wp\/v2\/media\/668834"}],"wp:attachment":[{"href":"https:\/\/www.europesays.com\/fr\/wp-json\/wp\/v2\/media?parent=668833"}],"wp:term":[{"taxonomy":"category","embeddable":true,"href":"https:\/\/www.europesays.com\/fr\/wp-json\/wp\/v2\/categories?post=668833"},{"taxonomy":"post_tag","embeddable":true,"href":"https:\/\/www.europesays.com\/fr\/wp-json\/wp\/v2\/tags?post=668833"}],"curies":[{"name":"wp","href":"https:\/\/api.w.org\/{rel}","templated":true}]}}