{"id":668837,"date":"2026-01-17T00:08:17","date_gmt":"2026-01-17T00:08:17","guid":{"rendered":"https:\/\/www.europesays.com\/fr\/668837\/"},"modified":"2026-01-17T00:08:17","modified_gmt":"2026-01-17T00:08:17","slug":"transports-en-ile-de-france-voici-le-nouveau-jingle-qui-va-rythmer-vos-trajets","status":"publish","type":"post","link":"https:\/\/www.europesays.com\/fr\/668837\/","title":{"rendered":"Transports en \u00cele-de-France : voici le nouveau jingle qui va rythmer vos trajets"},"content":{"rendered":"<p class=\"mb-4 text-lg md:leading-8 break-words\">Un nouvel air va bient\u00f4t r\u00e9sonner dans les transports franciliens. Ce mercredi 14 janvier, \u00cele-de-France Mobilit\u00e9s a d\u00e9voil\u00e9 sa toute nouvelle identit\u00e9 sonore, qui remplacera progressivement les c\u00e9l\u00e8bres notes de la <a href=\"https:\/\/fr.style.yahoo.com\/ww.femina.fr\/article\/transports-en-commun-la-ratp-augmente-les-tarifs-des-amendes-pour-les-fraudeurs-a-partir-du-2-juin\" data-ylk=\"slk:RATP;elm:context_link;itc:0;sec:content-canvas\" class=\"link \" target=\"_blank\" rel=\"noopener\">RATP<\/a> et de la <a href=\"https:\/\/fr.style.yahoo.com\/ww.femina.fr\/article\/sncf-connect-6-fonctionnalites-meconnues-pour-simplifier-vos-voyages-en-train\" data-ylk=\"slk:SNCF;elm:context_link;itc:0;sec:content-canvas\" class=\"link \" target=\"_blank\" rel=\"noopener\">SNCF<\/a>. D\u2019ici la mi-2026, bus, tramways, RER, m\u00e9tro et trains Transilien partageront un m\u00eame jingle, pens\u00e9 pour unifier l\u2019exp\u00e9rience des voyageurs sur l\u2019ensemble du r\u00e9seau.<\/p>\n<p>Un d\u00e9ploiement complet d\u2019ici l\u2019\u00e9t\u00e9<\/p>\n<p class=\"mb-4 text-lg md:leading-8 break-words\">Cette courte m\u00e9lodie, imagin\u00e9e par le compositeur Arnaud Biscay et l\u2019agence de cr\u00e9ation sonore \u00ab Chez Jean \u00bb, se d\u00e9roule en trois temps : une ouverture en crescendo, un accord ponctu\u00e9 de percussions, puis les six notes finales, jou\u00e9es au vibraphone, au piano et au marimba. Des instruments l\u00e9gers et ludiques, destin\u00e9s \u00e0 apporter un peu de joie dans le quotidien des passagers, selon ses concepteurs. Ce nouveau jingle s\u2019inscrit dans une d\u00e9marche plus large d\u2019harmonisation du r\u00e9seau francilien, d\u00e9j\u00e0 visible sur les rames, les uniformes du personnel et la signal\u00e9tique. Les premi\u00e8res lignes testeront la m\u00e9lodie d\u00e8s les prochains jours, avant un d\u00e9ploiement complet d\u2019ici l\u2019\u00e9t\u00e9. Et, qui sait, cette courte m\u00e9lodie pourrait bien devenir le petit air qu\u2019on fredonne sans s\u2019en rendre compte en arrivant \u00e0 destination.<\/p>\n","protected":false},"excerpt":{"rendered":"Un nouvel air va bient\u00f4t r\u00e9sonner dans les transports franciliens. Ce mercredi 14 janvier, \u00cele-de-France Mobilit\u00e9s a d\u00e9voil\u00e9&hellip;\n","protected":false},"author":2,"featured_media":668838,"comment_status":"","ping_status":"","sticky":false,"template":"","format":"standard","meta":{"footnotes":""},"categories":[1592],"tags":[1111,11,1777,674,1011,27,662,76879,12,626,25],"class_list":{"0":"post-668837","1":"post","2":"type-post","3":"status-publish","4":"format-standard","5":"has-post-thumbnail","7":"category-ile-de-france","8":"tag-actu","9":"tag-actualites","10":"tag-eu","11":"tag-europe","12":"tag-fr","13":"tag-france","14":"tag-ile-de-france","15":"tag-jingle","16":"tag-news","17":"tag-paris","18":"tag-republique-francaise"},"share_on_mastodon":{"url":"https:\/\/pubeurope.com\/@fr\/115907533505882041","error":""},"_links":{"self":[{"href":"https:\/\/www.europesays.com\/fr\/wp-json\/wp\/v2\/posts\/668837","targetHints":{"allow":["GET"]}}],"collection":[{"href":"https:\/\/www.europesays.com\/fr\/wp-json\/wp\/v2\/posts"}],"about":[{"href":"https:\/\/www.europesays.com\/fr\/wp-json\/wp\/v2\/types\/post"}],"author":[{"embeddable":true,"href":"https:\/\/www.europesays.com\/fr\/wp-json\/wp\/v2\/users\/2"}],"replies":[{"embeddable":true,"href":"https:\/\/www.europesays.com\/fr\/wp-json\/wp\/v2\/comments?post=668837"}],"version-history":[{"count":0,"href":"https:\/\/www.europesays.com\/fr\/wp-json\/wp\/v2\/posts\/668837\/revisions"}],"wp:featuredmedia":[{"embeddable":true,"href":"https:\/\/www.europesays.com\/fr\/wp-json\/wp\/v2\/media\/668838"}],"wp:attachment":[{"href":"https:\/\/www.europesays.com\/fr\/wp-json\/wp\/v2\/media?parent=668837"}],"wp:term":[{"taxonomy":"category","embeddable":true,"href":"https:\/\/www.europesays.com\/fr\/wp-json\/wp\/v2\/categories?post=668837"},{"taxonomy":"post_tag","embeddable":true,"href":"https:\/\/www.europesays.com\/fr\/wp-json\/wp\/v2\/tags?post=668837"}],"curies":[{"name":"wp","href":"https:\/\/api.w.org\/{rel}","templated":true}]}}