{"id":668839,"date":"2026-01-17T00:09:10","date_gmt":"2026-01-17T00:09:10","guid":{"rendered":"https:\/\/www.europesays.com\/fr\/668839\/"},"modified":"2026-01-17T00:09:10","modified_gmt":"2026-01-17T00:09:10","slug":"le-tribunal-correctionnel-de-paris-rendra-son-jugement-le-26-fevrier","status":"publish","type":"post","link":"https:\/\/www.europesays.com\/fr\/668839\/","title":{"rendered":"le tribunal correctionnel de Paris rendra son jugement le 26 f\u00e9vrier"},"content":{"rendered":"<p>Mahdieh Esfandiari a comparu pour apologie du terrorisme devant le tribunal correctionnel de Paris mais aussi provocation directe en ligne \u00e0 un acte de terrorisme, injure publique en ligne en raison de l&rsquo;origine, ethnie, nation, race ou religion et association de malfaiteurs. Quatre autres hommes \u00e9taient jug\u00e9s \u00e0 ses c\u00f4t\u00e9s.<\/p>\n<p>Le tribunal correctionnel de Paris rendra son jugement le 26 f\u00e9vrier dans le proc\u00e8s pour apologie du terrorisme de <a href=\"https:\/\/www.bfmtv.com\/police-justice\/elle-pourrait-servir-de-monnaie-d-echange-contre-cecile-kohler-et-jacques-paris-le-proces-de-l-iranienne-mahdieh-esfandiari-s-est-ouvert-a-paris_AD-202601130607.html\" title=\"Elle pourrait servir de monnaie d&#039;\u00e9change contre C\u00e9cile Kohler et Jacques Paris: le proc\u00e8s de l&#039;Iranienne Mahdieh Esfandiari s&#039;est ouvert \u00e0 Paris\" class=\"internal_link\" target=\"_blank\" rel=\"noopener\">l&rsquo;Iranienne Mahdieh Esfandiari<\/a>, possible monnaie d&rsquo;\u00e9change avec T\u00e9h\u00e9ran contre <a href=\"https:\/\/www.bfmtv.com\/international\/moyen-orient\/iran\/l-ambassadeur-d-iran-souhaite-le-retour-des-que-possible-de-cecile-kohler-et-jacques-paris-en-france_AV-202601151002.html\" title=\"L&#039;ambassadeur d&#039;Iran souhaite &quot;le retour d\u00e8s que possible&quot; de C\u00e9cile Kohler et Jacques Paris en France\" class=\"internal_link\" target=\"_blank\" rel=\"noopener\">les Fran\u00e7ais C\u00e9cile Kohler et Jacques Paris<\/a>, contre laquelle le parquet a requis un an de prison ferme.<\/p>\n<p>\u00c0 l&rsquo;issue de quatre jours d&rsquo;audiences, \u00e9maill\u00e9es de plusieurs incidents, le tribunal a mis sa d\u00e9cision en d\u00e9lib\u00e9r\u00e9 dans cette affaire suivie de pr\u00e8s. Les autorit\u00e9s iraniennes ont en effet \u00e9mis le souhait d&rsquo;\u00e9changer, une fois la proc\u00e9dure judiciaire close, leur ressortissante contre les deux Fran\u00e7ais, incarc\u00e9r\u00e9s en Iran en mai 2022 avant d&rsquo;\u00eatre condamn\u00e9s respectivement \u00e0 20 et 17 ans de prison, notamment pour espionnage au profit d&rsquo;Isra\u00ebl, <a href=\"https:\/\/www.bfmtv.com\/international\/moyen-orient\/iran\/un-retour-a-la-normale-apres-trois-ans-de-detention-en-iran-le-quotidien-de-cecile-kohler-et-de-jacques-paris-a-l-ambassade-de-france-a-teheran_AN-202511080257.html\" title=\"&quot;Un retour \u00e0 la normale&quot;: apr\u00e8s trois ans de d\u00e9tention en Iran, le quotidien de C\u00e9cile Kohler et de Jacques Paris \u00e0 l&#039;ambassade de France \u00e0 T\u00e9h\u00e9ran\" class=\"internal_link\" target=\"_blank\" rel=\"noopener\">puis lib\u00e9r\u00e9s d\u00e9but novembre 2025<\/a> avec interdiction de quitter le pays.<\/p>\n<p>\u00ab\u00a0C&rsquo;est un arrangement, une n\u00e9gociation entre nos deux \u00c9tats\u00a0\u00bb, a d\u00e9clar\u00e9 jeudi soir sur BFMTV l&rsquo;ambassadeur d&rsquo;Iran en France, Mohammad Amin Nejad. \u00ab\u00a0Mon souhait est leur retour d\u00e8s que possible apr\u00e8s la r\u00e9alisation des arrangements entre les deux \u00c9tats\u00a0\u00bb.<\/p>\n<p>Apologie du terrorisme et provocation directe en ligne<\/p>\n<p>\u00ab\u00a0Le fait que les gens d\u00e9cident sur mon sort, sans me demander mon avis, \u00e7a me fait mal\u00a0\u00bb, a d\u00e9clar\u00e9 la pr\u00e9venue de 39 ans dans ses derniers mots avant la cl\u00f4ture du proc\u00e8s.<\/p>\n<blockquote class=\"embed embed_quote\"><p>\u00ab\u00a0Dire que je suis venue pour faire de l&rsquo;ing\u00e9rence, je le per\u00e7ois comme une insulte \u00e0 mon \u00e9gard\u00a0\u00bb, a-t-elle aussi dit, la voix tremblante.<\/p><\/blockquote>\n<p>Dans cette affaire, jug\u00e9e en pleine vague de protestation \u00e9touff\u00e9e en Iran par la r\u00e9pression, Mahdieh Esfandiari a comparu pour apologie du terrorisme mais aussi provocation directe en ligne \u00e0 un acte de terrorisme (des d\u00e9lits passibles de sept ans d&#8217;emprisonnement et 100.000 euros d&rsquo;amende), injure publique en ligne en raison de l&rsquo;origine, ethnie, nation, race ou religion et association de malfaiteurs. Quatre autres hommes \u00e9taient jug\u00e9s \u00e0 ses c\u00f4t\u00e9s.<\/p>\n<p>\u00c0 son encontre, le parquet a requis quatre ans de prison dont trois avec sursis, et une interdiction d\u00e9finitive du territoire fran\u00e7ais \u00e0 son encontre. La procureure a estim\u00e9 qu&rsquo;il n&rsquo;\u00e9tait pas n\u00e9cessaire de la r\u00e9incarc\u00e9rer, \u00e9tant donn\u00e9 qu&rsquo;elle avait d\u00e9j\u00e0 effectu\u00e9 huit mois de d\u00e9tention provisoire, jusqu&rsquo;en octobre dernier.<\/p>\n<p>La justice fran\u00e7aise l&rsquo;accuse d&rsquo;avoir aliment\u00e9 en publications les comptes de l&rsquo;organisation Axe de la R\u00e9sistance en 2023 et 2024, notamment sur les plateformes Telegram, X, Twitch et YouTube et le site Egalit\u00e9 et R\u00e9conciliation de l&rsquo;essayiste d&rsquo;extr\u00eame droite multicondamn\u00e9 Alain Soral.<\/p>\n<p>En particulier, le compte Telegram de cette organisation a fait l&rsquo;apologie de l&rsquo;attaque sanglante men\u00e9e par le mouvement islamiste palestinien Hamas le 7 octobre 2023 en Isra\u00ebl, incitant \u00e0 des actes de terrorisme et injuriant la communaut\u00e9 juive, ce qui a men\u00e9 le minist\u00e8re de l&rsquo;Int\u00e9rieur \u00e0 faire un signalement \u00e0 la justice.<\/p>\n<p>\u00ab\u00a0Ce dossier est un dossier bien plus iranien que palestinien\u00a0\u00bb<\/p>\n<p>Contre les quatre autres pr\u00e9venus de ce dossier, le minist\u00e8re public a r\u00e9clam\u00e9 jusqu&rsquo;\u00e0 trois ans de prison ferme, la peine la plus lourde \u00e9tant demand\u00e9e pour Alain Soral, absent. Une amende de 30.000 euros et un mandat d&rsquo;arr\u00eat ont aussi \u00e9t\u00e9 requis contre celui qui cumule 30 mentions \u00e0 son casier judiciaire.<\/p>\n<p>\u00c0 la barre, Mahdieh Esfandiari avait reconnu \u00eatre \u00e0 l&rsquo;origine de la cha\u00eene Axe de la R\u00e9sistance mais contest\u00e9 \u00eatre l&rsquo;autrice des publications.<\/p>\n<p>\u00ab\u00a0Elle se pr\u00e9sente devant nous sous un jour parfaitement lisse\u00a0\u00bb, mais \u00ab\u00a0elle est au centre du dispositif\u00a0\u00bb, a soutenu la procureure, qui a appel\u00e9 le tribunal \u00e0 prendre en compte le contexte d'\u00a0\u00bbing\u00e9rence \u00e9trang\u00e8re\u00a0\u00bb dans ce dossier, bien que cet aspect-l\u00e0 ne fasse pas l&rsquo;objet de poursuites.<\/p>\n<p>\u00ab\u00a0Ce dossier est un dossier bien plus iranien que palestinien\u00a0\u00bb, a-t-elle soulign\u00e9, prenant soin par ailleurs d&rsquo;indiquer qu&rsquo;il ne signifiait \u00ab\u00a0pas la criminalisation du soutien \u00e0 la cause palestinienne, qui est un d\u00e9bat d&rsquo;int\u00e9r\u00eat g\u00e9n\u00e9ral\u00a0\u00bb et \u00ab\u00a0m\u00e9rite bien mieux que cela\u00a0\u00bb. Une ing\u00e9rence soulev\u00e9e par les avocats des parties civiles.<\/p>\n<p>\u00ab\u00a0On a fait d&rsquo;elle une espionne\u00a0\u00bb<\/p>\n<p>Me Ilana Soskin, conseil de la Licra, a observ\u00e9 que Mahdieh Esfandiari, qui avait notamment confi\u00e9 pendant les d\u00e9bats son admiration pour les Gardiens de la r\u00e9volution, prenait \u00ab\u00a0ses instructions directement aupr\u00e8s du bureau du Guide\u00a0\u00bb supr\u00eame iranien afin d'\u00a0\u00bbimporter en France le narratif de (d&rsquo;Ali) Khamenei, pour diffuser le discours islamique des mollahs\u00a0\u00bb.<\/p>\n<p>\u00ab\u00a0On a fait d&rsquo;elle une espionne, un agent du r\u00e9gime iranien\u00a0\u00bb, a d\u00e9plor\u00e9 Me Antoine Pastor, qui d\u00e9fend la pr\u00e9venue avec Me Nabil Boudi. Alors que \u00ab\u00a0c&rsquo;est simplement une militante sinc\u00e8rement et profond\u00e9ment engag\u00e9e, qui revendique une lecture politique et historique\u00a0\u00bb du 7 octobre 2023 \u00ab\u00a0qui est d&rsquo;un int\u00e9r\u00eat g\u00e9n\u00e9ral majeur\u00a0\u00bb.<\/p>\n<p>\u00ab\u00a0On est face \u00e0 une proc\u00e9dure qui interroge sur l&rsquo;\u00e9tat de la libert\u00e9 d&rsquo;expression dans notre d\u00e9mocratie aujourd&rsquo;hui\u00a0\u00bb, a-t-il encore lanc\u00e9.<\/p>\n","protected":false},"excerpt":{"rendered":"Mahdieh Esfandiari a comparu pour apologie du terrorisme devant le tribunal correctionnel de Paris mais aussi provocation directe&hellip;\n","protected":false},"author":2,"featured_media":668840,"comment_status":"","ping_status":"","sticky":false,"template":"","format":"standard","meta":{"footnotes":""},"categories":[1888],"tags":[1111,1928,11,1927,1777,674,1011,27,12,1926,626,1925,25],"class_list":{"0":"post-668839","1":"post","2":"type-post","3":"status-publish","4":"format-standard","5":"has-post-thumbnail","7":"category-paris","8":"tag-actu","9":"tag-actu-paris","10":"tag-actualites","11":"tag-actualites-paris","12":"tag-eu","13":"tag-europe","14":"tag-fr","15":"tag-france","16":"tag-news","17":"tag-news-paris","18":"tag-paris","19":"tag-paris-news","20":"tag-republique-francaise"},"share_on_mastodon":{"url":"https:\/\/pubeurope.com\/@fr\/115907537428024304","error":""},"_links":{"self":[{"href":"https:\/\/www.europesays.com\/fr\/wp-json\/wp\/v2\/posts\/668839","targetHints":{"allow":["GET"]}}],"collection":[{"href":"https:\/\/www.europesays.com\/fr\/wp-json\/wp\/v2\/posts"}],"about":[{"href":"https:\/\/www.europesays.com\/fr\/wp-json\/wp\/v2\/types\/post"}],"author":[{"embeddable":true,"href":"https:\/\/www.europesays.com\/fr\/wp-json\/wp\/v2\/users\/2"}],"replies":[{"embeddable":true,"href":"https:\/\/www.europesays.com\/fr\/wp-json\/wp\/v2\/comments?post=668839"}],"version-history":[{"count":0,"href":"https:\/\/www.europesays.com\/fr\/wp-json\/wp\/v2\/posts\/668839\/revisions"}],"wp:featuredmedia":[{"embeddable":true,"href":"https:\/\/www.europesays.com\/fr\/wp-json\/wp\/v2\/media\/668840"}],"wp:attachment":[{"href":"https:\/\/www.europesays.com\/fr\/wp-json\/wp\/v2\/media?parent=668839"}],"wp:term":[{"taxonomy":"category","embeddable":true,"href":"https:\/\/www.europesays.com\/fr\/wp-json\/wp\/v2\/categories?post=668839"},{"taxonomy":"post_tag","embeddable":true,"href":"https:\/\/www.europesays.com\/fr\/wp-json\/wp\/v2\/tags?post=668839"}],"curies":[{"name":"wp","href":"https:\/\/api.w.org\/{rel}","templated":true}]}}