{"id":668841,"date":"2026-01-17T00:10:30","date_gmt":"2026-01-17T00:10:30","guid":{"rendered":"https:\/\/www.europesays.com\/fr\/668841\/"},"modified":"2026-01-17T00:10:30","modified_gmt":"2026-01-17T00:10:30","slug":"club-un-nouveau-candidat-a-la-mairie-de-paris-evoque-une-vente-du-parc-au-psg","status":"publish","type":"post","link":"https:\/\/www.europesays.com\/fr\/668841\/","title":{"rendered":"Club : Un nouveau candidat \u00e0 la mairie de Paris \u00e9voque une vente du Parc au PSG"},"content":{"rendered":"<p>Apr\u00e8s Emmanuel Gr\u00e9goire, un deuxi\u00e8me candidat \u00e0 la mairie de Paris a \u00e9voqu\u00e9 ce vendredi une possible vente du Parc des Princes au PSG.<\/p>\n<p>Les \u00e9lections municipales 2026 approchent (premier tour le 15 mars, second tour le 22) et la campagne bat son plein partout en France.\u00a0Si ce n&rsquo;est pas l&rsquo;enjeu majeur de la campagne municipale \u00e0 Paris, le sujet de l&rsquo;avenir du Parc des Princes s&rsquo;est invit\u00e9 depuis plusieurs mois dans le d\u00e9bat, le PSG ayant entam\u00e9 des d\u00e9marches pour la construction d&rsquo;un nouveau stade \u00e0 Poissy ou Massy, faute de pouvoir acheter son enceinte historique.<\/p>\n<p>Alors que les relations entre le PSG et Anne Hidalgo sont rompues depuis des mois et que cette derni\u00e8re ne se repr\u00e9sente pas, beaucoup esp\u00e8rent que le futur maire ou la future maire de Paris r\u00e9ussira \u00e0\u00a0renouer le dialogue avec le club. Candidat PS \u00e0 la mairie de Paris et grand favori des sondages avec Rachida Dati (LR), Emmanuel Gr\u00e9goire confiait ainsi\u00a0le mois dernier <a href=\"https:\/\/www.culturepsg.com\/es\/news\/club\/la-vente-du-parc-des-princes-au-psg-redevient-possible\/57917\" target=\"_blank\" rel=\"noopener\">qu&rsquo;il \u00e9tait pr\u00eat \u00e0 \u00e9tudier toutes les options avec le PSG en cas d&rsquo;\u00e9lection, m\u00eame une vente<\/a>.<\/p>\n<p>\u00ab Oui, maire, la vente est une option que je proposerai au Conseil de Paris (qui d\u00e9cide in fine, ndlr), assurait-il dans L&rsquo;Equipe. Il faut sortir des postures pour trouver une issue au dossier. Mon sujet, c&rsquo;est donc de mettre toutes les options sur la table et construire le chemin avec le PSG afin que le club et la repr\u00e9sentation parisienne soient satisfaits. Si nous menons ce travail commun, peu importe la forme juridique que cela prendra, je suis certain que nous arriverons \u00e0 notre objectif commun : que le PSG reste au Parc. \u00bb<\/p>\n<p>\u00ab J\u2019\u00e9tudierai tous projets de r\u00e9novation et modernisation du stade. Vente comprise \u00bb<\/p>\n<p>Ce vendredi, \u00e0 quelques heures de PSG\/Lille, c&rsquo;est le candidat Pierre-Yves Bournazel (Horizons) qui a \u00e9voqu\u00e9 le sujet sur X. S&rsquo;il affirme depuis des mois sa volont\u00e9 de voir le PSG rester au Parc des Princes, le conseiller de Paris a \u00e9voqu\u00e9 ce vendredi pour la premi\u00e8re fois une possible vente du Parc au PSG : \u00ab Avec moi, le PSG restera au Parc des Princes, promet-il sur X. J\u2019accompagnerai et \u00e9couterai le club dans ses projets d\u2019investissements. J\u2019\u00e9tudierai tous projets de r\u00e9novation et modernisation du stade. Vente comprise. \u00bb<\/p>\n<p>Proche du PSG et de Nasser Al-Khela\u00effi, Rachida Dati souhaite elle aussi voir le club rester au Parc des Princes, comme elle le confiait en juin dernier au Parisien, sans parler pour autant de vente : \u00ab Le PSG a besoin d\u2019un stade \u00e0 la hauteur de ses ambitions. Mais ce club doit rester \u00e0 Paris. C\u2019est vrai, le Parc des Princes est v\u00e9tuste. Mais le d\u00e9m\u00e9nager serait un \u00e9chec pour Paris et les Parisiens. On doit pouvoir le moderniser, l\u2019agrandir. Je ne comprends pas que la mairie de Paris ait rompu les liens avec son club historique. Quel qu\u2019il soit, le futur maire de Paris devra trouver un chemin pour r\u00e9tablir la confiance. Car le PSG, c\u2019est le Parc des Princes et le Parc des Princes, c\u2019est le PSG ! \u00bb<\/p>\n","protected":false},"excerpt":{"rendered":"Apr\u00e8s Emmanuel Gr\u00e9goire, un deuxi\u00e8me candidat \u00e0 la mairie de Paris a \u00e9voqu\u00e9 ce vendredi une possible vente&hellip;\n","protected":false},"author":2,"featured_media":668842,"comment_status":"","ping_status":"","sticky":false,"template":"","format":"standard","meta":{"footnotes":""},"categories":[1888],"tags":[1111,1928,11,1927,1777,674,1011,27,12,1926,626,1925,25],"class_list":{"0":"post-668841","1":"post","2":"type-post","3":"status-publish","4":"format-standard","5":"has-post-thumbnail","7":"category-paris","8":"tag-actu","9":"tag-actu-paris","10":"tag-actualites","11":"tag-actualites-paris","12":"tag-eu","13":"tag-europe","14":"tag-fr","15":"tag-france","16":"tag-news","17":"tag-news-paris","18":"tag-paris","19":"tag-paris-news","20":"tag-republique-francaise"},"share_on_mastodon":{"url":"https:\/\/pubeurope.com\/@fr\/115907541298684876","error":""},"_links":{"self":[{"href":"https:\/\/www.europesays.com\/fr\/wp-json\/wp\/v2\/posts\/668841","targetHints":{"allow":["GET"]}}],"collection":[{"href":"https:\/\/www.europesays.com\/fr\/wp-json\/wp\/v2\/posts"}],"about":[{"href":"https:\/\/www.europesays.com\/fr\/wp-json\/wp\/v2\/types\/post"}],"author":[{"embeddable":true,"href":"https:\/\/www.europesays.com\/fr\/wp-json\/wp\/v2\/users\/2"}],"replies":[{"embeddable":true,"href":"https:\/\/www.europesays.com\/fr\/wp-json\/wp\/v2\/comments?post=668841"}],"version-history":[{"count":0,"href":"https:\/\/www.europesays.com\/fr\/wp-json\/wp\/v2\/posts\/668841\/revisions"}],"wp:featuredmedia":[{"embeddable":true,"href":"https:\/\/www.europesays.com\/fr\/wp-json\/wp\/v2\/media\/668842"}],"wp:attachment":[{"href":"https:\/\/www.europesays.com\/fr\/wp-json\/wp\/v2\/media?parent=668841"}],"wp:term":[{"taxonomy":"category","embeddable":true,"href":"https:\/\/www.europesays.com\/fr\/wp-json\/wp\/v2\/categories?post=668841"},{"taxonomy":"post_tag","embeddable":true,"href":"https:\/\/www.europesays.com\/fr\/wp-json\/wp\/v2\/tags?post=668841"}],"curies":[{"name":"wp","href":"https:\/\/api.w.org\/{rel}","templated":true}]}}