{"id":668860,"date":"2026-01-17T00:20:11","date_gmt":"2026-01-17T00:20:11","guid":{"rendered":"https:\/\/www.europesays.com\/fr\/668860\/"},"modified":"2026-01-17T00:20:11","modified_gmt":"2026-01-17T00:20:11","slug":"le-regulateur-aerien-americain-previent-dactivites-militaires-au-dessus-du-mexique-et-de-lamerique-centrale","status":"publish","type":"post","link":"https:\/\/www.europesays.com\/fr\/668860\/","title":{"rendered":"Le r\u00e9gulateur a\u00e9rien am\u00e9ricain pr\u00e9vient d'\u00a0\u00bbactivit\u00e9s militaires\u00a0\u00bb au-dessus du Mexique et de l&rsquo;Am\u00e9rique centrale"},"content":{"rendered":"<p>L&rsquo;autorit\u00e9 am\u00e9ricaine de r\u00e9gulation de l&rsquo;aviation (FAA) a exhort\u00e9 les compagnies a\u00e9riennes et avions op\u00e9rant dans l&rsquo;espace a\u00e9rien de certaines r\u00e9gions, notamment pr\u00e8s du Mexique et de plusieurs pays d&rsquo;Am\u00e9rique centrale et du sud, \u00e0 faire preuve de prudence \u00e0 cause notamment d'\u00a0\u00bbactivit\u00e9s militaires\u00a0\u00bb.<\/p>\n<p>Cette mise en garde \u00e9voque des \u00ab\u00a0situations potentiellement dangereuses\u00a0\u00bb, li\u00e9es aussi \u00e0 des perturbations des syst\u00e8mes de navigation par satellites, et porte sur une p\u00e9riode de soixante jours.<\/p>\n<p>\u00ab\u00a0La FAA a \u00e9mis des avertissements dans des Notices aux pilotes (Notam) pour des zones a\u00e9riennes pr\u00e9cises du Mexique, d&rsquo;Am\u00e9rique centrale, du Panama, de Bogota, de Guayaquil et de Mazatlan, et dans l&rsquo;espace a\u00e9rien de l&rsquo;Est de l&rsquo;oc\u00e9an Pacifique\u00a0\u00bb, a expliqu\u00e9 un porte-parole du r\u00e9gulateur am\u00e9ricain. Ces mises en garde ont une application imm\u00e9diate, a-t-il ajout\u00e9.<\/p>\n<p>Risques potentiels \u00e0 toutes les altitudes<\/p>\n<p>Les Notams pr\u00e9cisent que \u00ab\u00a0des risques potentiels existent pour les avions \u00e0 toutes les altitudes, y compris pendant la phase de croisi\u00e8re et les phases d&rsquo;arriv\u00e9e et de d\u00e9part des vols\u00a0\u00bb.<\/p>\n<p>Le pr\u00e9sident Donald Trump a pr\u00e9venu le 8 janvier que les Etats-Unis allaient \u00ab\u00a0commencer des frappes au sol\u00a0\u00bb contre les cartels de drogue, apr\u00e8s avoir d\u00e9j\u00e0 men\u00e9 des frappes contre des embarcations maritimes dans les Cara\u00efbes et le Pacifique.<\/p>\n<p>Quelques jours plus t\u00f4t, le 3 janvier, les forces am\u00e9ricaines avaient captur\u00e9 le pr\u00e9sident v\u00e9n\u00e9zu\u00e9lien Nicolas Maduro et son \u00e9pouse, accus\u00e9s par la justice am\u00e9ricaine de \u00ab\u00a0narcoterrorisme\u00a0\u00bb et d&rsquo;importation de \u00ab\u00a0tonnes de coca\u00efne\u00a0\u00bb. Le couple a imm\u00e9diatement \u00e9t\u00e9 transport\u00e9 sur le sol am\u00e9ricain.<\/p>\n<p>Au moins 47 militaires v\u00e9n\u00e9zu\u00e9liens ont \u00e9t\u00e9 tu\u00e9s lors de cette op\u00e9ration militaire, a annonc\u00e9 vendredi le ministre de la D\u00e9fense, Vladimir Padrino Lopez.<\/p>\n<p class=\"sources\">afp\/ther<\/p>\n","protected":false},"excerpt":{"rendered":"L&rsquo;autorit\u00e9 am\u00e9ricaine de r\u00e9gulation de l&rsquo;aviation (FAA) a exhort\u00e9 les compagnies a\u00e9riennes et avions op\u00e9rant dans l&rsquo;espace a\u00e9rien&hellip;\n","protected":false},"author":2,"featured_media":668861,"comment_status":"","ping_status":"","sticky":false,"template":"","format":"standard","meta":{"footnotes":""},"categories":[2],"tags":[11,76880,8763,554,6359,39123,76881,1011,27,418,5697,3579,74,12,316,25,2445,800],"class_list":{"0":"post-668860","1":"post","2":"type-post","3":"status-publish","4":"format-standard","5":"has-post-thumbnail","7":"category-actualites","8":"tag-actualites","9":"tag-amerique-centrale","10":"tag-compagnie-aerienne","11":"tag-defense","12":"tag-economie-et-finances","13":"tag-espace-aerien","14":"tag-federal-aviation-administration","15":"tag-fr","16":"tag-france","17":"tag-gouvernement","18":"tag-mexique","19":"tag-militaire","20":"tag-monde","21":"tag-news","22":"tag-politique","23":"tag-republique-francaise","24":"tag-transport-aerien","25":"tag-transports"},"share_on_mastodon":{"url":"https:\/\/pubeurope.com\/@fr\/115907580643285352","error":""},"_links":{"self":[{"href":"https:\/\/www.europesays.com\/fr\/wp-json\/wp\/v2\/posts\/668860","targetHints":{"allow":["GET"]}}],"collection":[{"href":"https:\/\/www.europesays.com\/fr\/wp-json\/wp\/v2\/posts"}],"about":[{"href":"https:\/\/www.europesays.com\/fr\/wp-json\/wp\/v2\/types\/post"}],"author":[{"embeddable":true,"href":"https:\/\/www.europesays.com\/fr\/wp-json\/wp\/v2\/users\/2"}],"replies":[{"embeddable":true,"href":"https:\/\/www.europesays.com\/fr\/wp-json\/wp\/v2\/comments?post=668860"}],"version-history":[{"count":0,"href":"https:\/\/www.europesays.com\/fr\/wp-json\/wp\/v2\/posts\/668860\/revisions"}],"wp:featuredmedia":[{"embeddable":true,"href":"https:\/\/www.europesays.com\/fr\/wp-json\/wp\/v2\/media\/668861"}],"wp:attachment":[{"href":"https:\/\/www.europesays.com\/fr\/wp-json\/wp\/v2\/media?parent=668860"}],"wp:term":[{"taxonomy":"category","embeddable":true,"href":"https:\/\/www.europesays.com\/fr\/wp-json\/wp\/v2\/categories?post=668860"},{"taxonomy":"post_tag","embeddable":true,"href":"https:\/\/www.europesays.com\/fr\/wp-json\/wp\/v2\/tags?post=668860"}],"curies":[{"name":"wp","href":"https:\/\/api.w.org\/{rel}","templated":true}]}}