{"id":668864,"date":"2026-01-17T00:22:14","date_gmt":"2026-01-17T00:22:14","guid":{"rendered":"https:\/\/www.europesays.com\/fr\/668864\/"},"modified":"2026-01-17T00:22:14","modified_gmt":"2026-01-17T00:22:14","slug":"leur-identite-usurpee-par-des-garages-fantomes-les-victimes-de-la-fraude-a-limmatriculation-tentent-de-se-faire-entendre","status":"publish","type":"post","link":"https:\/\/www.europesays.com\/fr\/668864\/","title":{"rendered":"leur identit\u00e9 usurp\u00e9e par des garages fant\u00f4mes, les victimes de la fraude \u00e0 l&rsquo;immatriculation tentent de se faire entendre"},"content":{"rendered":"<p>      lire plus tard<\/p>\n<p id=\"dialog__title\" class=\"dialog__title\">Pour sauvegarder cet article, connectez-vous ou cr\u00e9ez un compte franceinfo<\/p>\n<p class=\"dialog__description\">Sans paiement. Sans abonnement.<\/p>\n<p>        Fermer la fen\u00eatre d\u2019activation des notifications France Info<\/p>\n<p>      cr\u00e9er votre compte<\/p>\n<p>      se connecter<\/p>\n<p>      :<\/p>\n<p>        Fermer la fen\u00eatre de pr\u00e9sentation<\/p>\n<p>    Publi\u00e9 le 16\/01\/2026 23:25<\/p>\n<p>      Mis \u00e0 jour le 16\/01\/2026 23:25<\/p>\n<p>        Temps de lecture : 3min &#8211; vid\u00e9o : 3min<\/p>\n<p>    <img decoding=\"async\" class=\"francetv-player-wrapper__image\" alt=\"&quot;Le bout, on ne le voit jamais&quot; : leur identit\u00e9 usurp\u00e9e par des garages fant\u00f4mes, les victimes de la fraude \u00e0 l'immatriculation tentent de se faire entendre\"  width=\"432\" height=\"243\" src=\"https:\/\/www.europesays.com\/fr\/wp-content\/uploads\/2026\/01\/fraude-aux-amendes-20h-696aba45d5f19935062619.jpg\" fetchpriority=\"high\"\/><\/p>\n<p>              \u00ab\u00a0Le bout, on ne le voit jamais\u00a0\u00bb : leur identit\u00e9 usurp\u00e9e par des garages fant\u00f4mes, les victimes de la fraude \u00e0 l&rsquo;immatriculation tentent de se faire entendre<br \/>\n                    (France 2)<\/p>\n<p>      3min<\/p>\n<p>\n  C&rsquo;est une nouvelle fraude, qui a pris une ampleur nationale : connaissez-vous les garages fant\u00f4mes ? Ils sont un v\u00e9ritable casse-t\u00eate pour les enqu\u00eateurs. Au coeur de ces arnaques, des milliers de conducteurs immatricul\u00e9s dans de faux garages. Les escrocs \u00e9chappent aux amendes en usurpant l&rsquo;identit\u00e9 de leurs victimes.\n<\/p>\n<p><strong>Ce texte correspond \u00e0 une partie de la retranscription du reportage ci-dessus. Cliquez sur la vid\u00e9o pour la regarder dans son int\u00e9gralit\u00e9.<\/strong><\/p>\n<p>Christian Derrey est un retrait\u00e9 paisible, \u00e0 premi\u00e8re vue. Mais \u00e0 en croire les courriers qu&rsquo;il re\u00e7oit chaque semaine, c&rsquo;est un <a href=\"https:\/\/www.franceinfo.fr\/economie\/fraude\/reportage-c-est-chez-moi-que-les-amendes-arrivent-l-enfer-des-victimes-de-fraude-a-la-plaque-d-immatriculation_7683730.html\" data-tooltip-url=\"https:\/\/www.franceinfo.fr\/economie\/fraude\/reportage-c-est-chez-moi-que-les-amendes-arrivent-l-enfer-des-victimes-de-fraude-a-la-plaque-d-immatriculation_7683730.html\" target=\"_blank\" rel=\"noopener\">chauffard multir\u00e9cidiviste<\/a>. \u00ab\u00a0Ce ne sont que des PV, des avis de contravention. Bon l\u00e0, c&rsquo;est assez gentil, 75 euros, 375. Beaucoup de stationnements ; Paris, Paris, Paris, couloirs de bus\u2026\u00a0\u00bb, d\u00e9taille-t-il. Il habite pourtant en Normandie et conduit occasionnellement. Mais il accumule les contraventions commises avec des voitures immatricul\u00e9es \u00e0 son nom.<\/p>\n<p>\u00c0 ce jour, l&rsquo;administration lui r\u00e9clame 175 000 euros. \u00ab\u00a0Je ne m&rsquo;attendais pas \u00e0 ce que les gendarmes me disent, une semaine apr\u00e8s, que j&rsquo;ai 1 000 v\u00e9hicules immatricul\u00e9s. Je me r\u00e9veille la nuit en me demandant ce qu&rsquo;il va m&rsquo;arriver demain, combien, quoi, comment ?\u00a0\u00bb, confie Christian.<\/p>\n<p>Pi\u00e9g\u00e9 dans le syst\u00e8me des garages fant\u00f4mes. Des escrocs usurpent l&rsquo;identit\u00e9 de particuliers pour monter une fausse soci\u00e9t\u00e9 de garages. Avec cette fausse soci\u00e9t\u00e9, ils ont acc\u00e8s au site officiel des autorit\u00e9s, appel\u00e9 le CIV, qui permet d&rsquo;immatriculer un v\u00e9hicule. Ce faux garage vend ses services sur les r\u00e9seaux sociaux. Pour 300 euros, il promet ainsi de passer sous les radars gr\u00e2ce \u00e0 une fausse immatriculation. \u00c0 chaque infraction, le suspect ne risque rien. L&rsquo;amende revient \u00e0 la personne dont l&rsquo;identit\u00e9 a \u00e9t\u00e9 usurp\u00e9e.<\/p>\n<p>Un fl\u00e9au, selon le minist\u00e8re de l&rsquo;Int\u00e9rieur, 250 000 v\u00e9hicules frauduleusement immatricul\u00e9s sont identifi\u00e9s chaque ann\u00e9e. Dans une fourri\u00e8re de la banlieue lilloise, il en arrive ainsi une vingtaine chaque mois. \u00ab\u00a0C&rsquo;est un v\u00e9hicule qu&rsquo;on a enlev\u00e9 justement parce qu&rsquo;il appartenait \u00e0 un garage fant\u00f4me. Ce v\u00e9hicule aussi, c&rsquo;est la m\u00eame chose, il appartient \u00e0 un garage fant\u00f4me\u00a0\u00bb, nous explique-t-on. Des voitures ayant servi \u00e0 frauder le code de la route, mais aussi parfois le code p\u00e9nal. \u00ab\u00a0On peut aussi imaginer qu&rsquo;effectivement un v\u00e9hicule qui n&rsquo;est pas trac\u00e9, qui ne peut \u00eatre attach\u00e9 \u00e0 aucun propri\u00e9taire, soit beaucoup plus utile qu&rsquo;un v\u00e9hicule qui peut tracer et pointer du doigt quelqu&rsquo;un pour d&rsquo;\u00e9ventuels trafics.\u00a0\u00bb<\/p>\n<p>Ces trafics sont imput\u00e9s aux victimes de l&rsquo;usurpation, comme Dina Monteiro, plusieurs fois convoqu\u00e9e par la police. \u00ab\u00a0Il y a eu des braquages avec des voitures au nom de notre soci\u00e9t\u00e9. Il y a eu du trafic de stup\u00e9fiants, trafic de drogue. En fin de compte, on est partis dans un engrenage o\u00f9 finalement le bout, on ne le voit jamais\u00a0\u00bb, d\u00e9plore-t-elle.<\/p>\n<p>Son avocat pointe une d\u00e9faillance g\u00e9n\u00e9rale du syst\u00e8me d&rsquo;habilitation des garages. \u00ab\u00a0Vous avez effectivement un probl\u00e8me de contr\u00f4le au moment de la cr\u00e9ation de la soci\u00e9t\u00e9, \u00e7a c&rsquo;est certain. Vous avez un probl\u00e8me de r\u00e9action de l&rsquo;administration lorsqu&rsquo;elle d\u00e9couvre la fraude pour r\u00e9agir en masse face \u00e0 des protocoles qui sont trop complexes\u00a0\u00bb, pointe Me Olivier Bonnefond, avocat &#8211; fondateur d&rsquo;Assistance PV.<\/p>\n<p>Le minist\u00e8re de l&rsquo;Int\u00e9rieur promet d&rsquo;annoncer prochainement un plan de lutte contre la fraude \u00e0 l&rsquo;immatriculation.<\/p>\n<p><a href=\"https:\/\/questions.assemblee-nationale.fr\/q17\/17-4793QE.htm\" target=\"_blank\" rel=\"noopener\" data-tooltip-url=\"https:\/\/questions.assemblee-nationale.fr\/q17\/17-4793QE.htm\">Question au minist\u00e8re de l&rsquo;Int\u00e9rieur du 4 novembre 2025 sur les garages fant\u00f4mes<\/a><\/p>\n<p>Liste non exhaustive.<\/p>\n","protected":false},"excerpt":{"rendered":"lire plus tard Pour sauvegarder cet article, connectez-vous ou cr\u00e9ez un compte franceinfo Sans paiement. Sans abonnement. Fermer&hellip;\n","protected":false},"author":2,"featured_media":668865,"comment_status":"","ping_status":"","sticky":false,"template":"","format":"standard","meta":{"footnotes":""},"categories":[4],"tags":[11,1011,27,12,25],"class_list":{"0":"post-668864","1":"post","2":"type-post","3":"status-publish","4":"format-standard","5":"has-post-thumbnail","7":"category-france","8":"tag-actualites","9":"tag-fr","10":"tag-france","11":"tag-news","12":"tag-republique-francaise"},"share_on_mastodon":{"url":"https:\/\/pubeurope.com\/@fr\/115907588460920024","error":""},"_links":{"self":[{"href":"https:\/\/www.europesays.com\/fr\/wp-json\/wp\/v2\/posts\/668864","targetHints":{"allow":["GET"]}}],"collection":[{"href":"https:\/\/www.europesays.com\/fr\/wp-json\/wp\/v2\/posts"}],"about":[{"href":"https:\/\/www.europesays.com\/fr\/wp-json\/wp\/v2\/types\/post"}],"author":[{"embeddable":true,"href":"https:\/\/www.europesays.com\/fr\/wp-json\/wp\/v2\/users\/2"}],"replies":[{"embeddable":true,"href":"https:\/\/www.europesays.com\/fr\/wp-json\/wp\/v2\/comments?post=668864"}],"version-history":[{"count":0,"href":"https:\/\/www.europesays.com\/fr\/wp-json\/wp\/v2\/posts\/668864\/revisions"}],"wp:featuredmedia":[{"embeddable":true,"href":"https:\/\/www.europesays.com\/fr\/wp-json\/wp\/v2\/media\/668865"}],"wp:attachment":[{"href":"https:\/\/www.europesays.com\/fr\/wp-json\/wp\/v2\/media?parent=668864"}],"wp:term":[{"taxonomy":"category","embeddable":true,"href":"https:\/\/www.europesays.com\/fr\/wp-json\/wp\/v2\/categories?post=668864"},{"taxonomy":"post_tag","embeddable":true,"href":"https:\/\/www.europesays.com\/fr\/wp-json\/wp\/v2\/tags?post=668864"}],"curies":[{"name":"wp","href":"https:\/\/api.w.org\/{rel}","templated":true}]}}