{"id":668866,"date":"2026-01-17T00:24:15","date_gmt":"2026-01-17T00:24:15","guid":{"rendered":"https:\/\/www.europesays.com\/fr\/668866\/"},"modified":"2026-01-17T00:24:15","modified_gmt":"2026-01-17T00:24:15","slug":"un-tours-vb-au-complet-pret-a-relever-ses-prochains-defis","status":"publish","type":"post","link":"https:\/\/www.europesays.com\/fr\/668866\/","title":{"rendered":"un Tours VB au complet, pr\u00eat \u00e0 relever ses prochains d\u00e9fis"},"content":{"rendered":"<p><strong>Ajaccio\u00a0&#8211; Tours<\/strong><\/p>\n<p>Ce d\u00e9placement \u00e0 Ajaccio \u00e9tait attendu par le Tours VB. Non pas pour s\u2019offrir une vir\u00e9e sur l\u2019\u00eele de Beaut\u00e9 au c\u0153ur du mois de janvier, mais bien plut\u00f4t parce qu\u2019il devait \u00eatre synonyme de retour pour Kavogo et pour Njok, bless\u00e9s et mis sur la touche depuis la fin d\u00e9cembre.<\/p>\n<p>Et donc d\u2019un Tours VB enfin au complet, lui qui fait le dos rond depuis <a target=\"_self\" href=\"https:\/\/www.lanouvellerepublique.fr\/tours\/coupe-de-france-le-tours-vb-qualifie-dans-la-douleur-en-demi-finales-aux-depens-de-saint-nazaire-1765926791\" rel=\"noopener\">la blessure de Coric en Coupe de France<\/a> en d\u00e9cembre, tout en engrangeant n\u00e9anmoins les points en championnat, faut-il le rappeler puisque le leader qu\u2019il est compte \u00e0 ce jour un point d\u2019avance sur Montpellier \u2013 qui a jou\u00e9 et battu Le Plessis jeudi \u2013 et quatre sur Tourcoing&#8230;. <\/p>\n<p>    Cet article a \u00e9t\u00e9 tronqu\u00e9. Abonnez-vous pour lire l&rsquo;article complet sur notre site.<\/p>\n<p style=\"margin: 0 !important; padding: 0 !important; font-size: 12px !important;\">Cet article a \u00e9t\u00e9 tronqu\u00e9. Abonnez-vous pour lire l&rsquo;article complet.<\/p>\n<p>    <a href=\"https:\/\/www.lanouvellerepublique.fr\/abonnements\" style=\"display: inline-block; margin-top: 5px !important; padding: 6px 12px !important; background: #cb1c27; color: white; text-decoration: none; border-radius: 4px; font-size: 12px !important;\" target=\"_blank\" rel=\"noopener\"><br \/>\n      S&rsquo;abonner<br \/>\n    <\/a><\/p>\n","protected":false},"excerpt":{"rendered":"Ajaccio\u00a0&#8211; Tours Ce d\u00e9placement \u00e0 Ajaccio \u00e9tait attendu par le Tours VB. Non pas pour s\u2019offrir une vir\u00e9e&hellip;\n","protected":false},"author":2,"featured_media":668867,"comment_status":"","ping_status":"","sticky":false,"template":"","format":"standard","meta":{"footnotes":""},"categories":[1417],"tags":[1392,1011,27,1387,1655,60,1390,1471,2767,1470,1469],"class_list":{"0":"post-668866","1":"post","2":"type-post","3":"status-publish","4":"format-standard","5":"has-post-thumbnail","7":"category-volley","8":"tag-a-la-une-local","9":"tag-fr","10":"tag-france","11":"tag-indre-et-loire","12":"tag-ligue-a","13":"tag-sports","14":"tag-tours","15":"tag-tours-volley-ball","16":"tag-tvb-37","17":"tag-volley","18":"tag-volleyball"},"share_on_mastodon":{"url":"https:\/\/pubeurope.com\/@fr\/115907596340091205","error":""},"_links":{"self":[{"href":"https:\/\/www.europesays.com\/fr\/wp-json\/wp\/v2\/posts\/668866","targetHints":{"allow":["GET"]}}],"collection":[{"href":"https:\/\/www.europesays.com\/fr\/wp-json\/wp\/v2\/posts"}],"about":[{"href":"https:\/\/www.europesays.com\/fr\/wp-json\/wp\/v2\/types\/post"}],"author":[{"embeddable":true,"href":"https:\/\/www.europesays.com\/fr\/wp-json\/wp\/v2\/users\/2"}],"replies":[{"embeddable":true,"href":"https:\/\/www.europesays.com\/fr\/wp-json\/wp\/v2\/comments?post=668866"}],"version-history":[{"count":0,"href":"https:\/\/www.europesays.com\/fr\/wp-json\/wp\/v2\/posts\/668866\/revisions"}],"wp:featuredmedia":[{"embeddable":true,"href":"https:\/\/www.europesays.com\/fr\/wp-json\/wp\/v2\/media\/668867"}],"wp:attachment":[{"href":"https:\/\/www.europesays.com\/fr\/wp-json\/wp\/v2\/media?parent=668866"}],"wp:term":[{"taxonomy":"category","embeddable":true,"href":"https:\/\/www.europesays.com\/fr\/wp-json\/wp\/v2\/categories?post=668866"},{"taxonomy":"post_tag","embeddable":true,"href":"https:\/\/www.europesays.com\/fr\/wp-json\/wp\/v2\/tags?post=668866"}],"curies":[{"name":"wp","href":"https:\/\/api.w.org\/{rel}","templated":true}]}}