{"id":668868,"date":"2026-01-17T00:25:10","date_gmt":"2026-01-17T00:25:10","guid":{"rendered":"https:\/\/www.europesays.com\/fr\/668868\/"},"modified":"2026-01-17T00:25:10","modified_gmt":"2026-01-17T00:25:10","slug":"on-essaie-de-trouver-la-bonne-formule-du-moment-mais-peut-etre-quon-se-plante","status":"publish","type":"post","link":"https:\/\/www.europesays.com\/fr\/668868\/","title":{"rendered":"\u00ab\u00a0On essaie de trouver la bonne formule du moment, mais peut-\u00eatre qu&rsquo;on se plante\u00a0\u00bb"},"content":{"rendered":"<p>Rugby,<\/p>\n<p>Coupe des champions<\/p>\n<p>abonn\u00e9<\/p>\n<p>Blair Kinghorn encore pr\u00e9f\u00e9r\u00e9 \u00e0 Thomas Ramos \u00e0 l&rsquo;ouverture face \u00e0 Sale\u00a0: \u00ab\u00a0On essaie de trouver la bonne formule du moment, mais peut-\u00eatre qu&rsquo;on se plante\u00a0\u00bb<\/p>\n<p>En l&rsquo;absence de Romain Ntamack et de Juan Cruz Mallia, le tr\u00e8s polyvalent \u00c9cossais Blair Kinghorn a \u00e9t\u00e9 pr\u00e9f\u00e9r\u00e9 \u00e0 Thomas Ramos pour occuper le poste d&rsquo;ouvreur, samedi apr\u00e8s-midi (18\u00a0h\u00a030), face \u00e0 Sale. Comme le week-end dernier, chez les Saracens.<\/p>\n","protected":false},"excerpt":{"rendered":"Rugby, Coupe des champions abonn\u00e9 Blair Kinghorn encore pr\u00e9f\u00e9r\u00e9 \u00e0 Thomas Ramos \u00e0 l&rsquo;ouverture face \u00e0 Sale\u00a0: \u00ab\u00a0On&hellip;\n","protected":false},"author":2,"featured_media":668869,"comment_status":"","ping_status":"","sticky":false,"template":"","format":"standard","meta":{"footnotes":""},"categories":[1416],"tags":[1011,27,479,1468,60],"class_list":{"0":"post-668868","1":"post","2":"type-post","3":"status-publish","4":"format-standard","5":"has-post-thumbnail","7":"category-rugby","8":"tag-fr","9":"tag-france","10":"tag-rugby","11":"tag-rugby-football","12":"tag-sports"},"share_on_mastodon":{"url":"https:\/\/pubeurope.com\/@fr\/115907600297783515","error":""},"_links":{"self":[{"href":"https:\/\/www.europesays.com\/fr\/wp-json\/wp\/v2\/posts\/668868","targetHints":{"allow":["GET"]}}],"collection":[{"href":"https:\/\/www.europesays.com\/fr\/wp-json\/wp\/v2\/posts"}],"about":[{"href":"https:\/\/www.europesays.com\/fr\/wp-json\/wp\/v2\/types\/post"}],"author":[{"embeddable":true,"href":"https:\/\/www.europesays.com\/fr\/wp-json\/wp\/v2\/users\/2"}],"replies":[{"embeddable":true,"href":"https:\/\/www.europesays.com\/fr\/wp-json\/wp\/v2\/comments?post=668868"}],"version-history":[{"count":0,"href":"https:\/\/www.europesays.com\/fr\/wp-json\/wp\/v2\/posts\/668868\/revisions"}],"wp:featuredmedia":[{"embeddable":true,"href":"https:\/\/www.europesays.com\/fr\/wp-json\/wp\/v2\/media\/668869"}],"wp:attachment":[{"href":"https:\/\/www.europesays.com\/fr\/wp-json\/wp\/v2\/media?parent=668868"}],"wp:term":[{"taxonomy":"category","embeddable":true,"href":"https:\/\/www.europesays.com\/fr\/wp-json\/wp\/v2\/categories?post=668868"},{"taxonomy":"post_tag","embeddable":true,"href":"https:\/\/www.europesays.com\/fr\/wp-json\/wp\/v2\/tags?post=668868"}],"curies":[{"name":"wp","href":"https:\/\/api.w.org\/{rel}","templated":true}]}}