{"id":668872,"date":"2026-01-17T00:30:18","date_gmt":"2026-01-17T00:30:18","guid":{"rendered":"https:\/\/www.europesays.com\/fr\/668872\/"},"modified":"2026-01-17T00:30:18","modified_gmt":"2026-01-17T00:30:18","slug":"ledition-2026-de-la-quebrantahuesos-lancee-par-son-traditionnel-tirage-au-sort-au-palais-beaumont","status":"publish","type":"post","link":"https:\/\/www.europesays.com\/fr\/668872\/","title":{"rendered":"L\u2019\u00e9dition\u00a02026 de la Quebrantahuesos lanc\u00e9e par son traditionnel tirage au sort au palais Beaumont"},"content":{"rendered":"<p>        <img decoding=\"async\" id=\"27445071\" src=\"https:\/\/www.europesays.com\/fr\/wp-content\/uploads\/2026\/01\/rep-954-hd25115.jpg\" alt=\"Moment toujours tr\u00e8s attendu, le tirage au sort des dossards de la Quebrantahuesos s\u2019est d\u00e9roul\u00e9 ce vendredi au palais Beaumont \u00e0 Pau.\" itemprop=\"contentURL\"\/><\/p>\n<p>    Moment toujours tr\u00e8s attendu, le tirage au sort des dossards de la Quebrantahuesos s\u2019est d\u00e9roul\u00e9 ce vendredi au palais Beaumont \u00e0 Pau.<\/p>\n<p>Rodolphe Martin<\/p>\n<p>Ce vendredi matin au palais Beaumont \u00e0 Pau, c\u2019\u00e9tait jour de tirage au sort des dossards de l\u2019\u00e9dition\u00a02026 de la Quebrantahuesos. Une c\u00e9r\u00e9monie organis\u00e9e alternativement en France et en Espagne, qui lance v\u00e9ritablement le compte \u00e0 rebours jusqu\u2019\u00e0 la course du samedi 20\u00a0juin 2026.<\/p>\n<p>        <img decoding=\"async\" id=\"27445048\" src=\"https:\/\/www.europesays.com\/fr\/wp-content\/uploads\/2026\/01\/rep-954-hd25118.jpg\" alt=\"Vice-pr\u00e9sident de la communaut\u00e9 d\u2019agglom\u00e9ration Pau B\u00e9arn Pyr\u00e9n\u00e9es, Claude Ferrato \u00e9tait la main innocente de ce tirage au sort.\" itemprop=\"contentURL\"\/><\/p>\n<p>    Vice-pr\u00e9sident de la communaut\u00e9 d\u2019agglom\u00e9ration Pau B\u00e9arn Pyr\u00e9n\u00e9es, Claude Ferrato \u00e9tait la main innocente de ce tirage au sort.<\/p>\n<p>Rodolphe Martin<\/p>\n<p>Le principe est simple\u00a0: le num\u00e9ro tir\u00e9 par Claude Ferrato, vice-pr\u00e9sident de la communaut\u00e9 d\u2019agglom\u00e9ration Pau B\u00e9arn Pyr\u00e9n\u00e9es (5\u00a0236), ainsi que les 7\u00a0999 suivants sont les heureux \u00e9lus. Les coureurs restants (au nombre de 2\u00a0225 cette ann\u00e9e) devront retenter leur chance lors des prochaines \u00e9ditions\u2026<\/p>\n<p>    La r\u00e9daction vous conseille<\/p>\n<p>    La r\u00e9daction vous conseille<\/p>\n<p>Pour l\u2019occasion, plusieurs personnalit\u00e9s s\u2019\u00e9taient d\u00e9plac\u00e9es, parmi lesquelles le pr\u00e9fet de la province de Huesca, la d\u00e9put\u00e9e des Pyr\u00e9n\u00e9es-Atlantiques Josy Poueyto, ou encore le vice-pr\u00e9sident de l\u2019Elan B\u00e9arnais David Bonnemason-Carr\u00e8re.<\/p>\n<p>Un trac\u00e9 aussi magnifique qu\u2019exigeant<\/p>\n<p>Alors qu\u2019elle f\u00eatera cette ann\u00e9e son 35e anniversaire, la Quebrantahuesos conna\u00eet un succ\u00e8s fou depuis ses d\u00e9buts. Cela s\u2019explique notamment par son magnifique trac\u00e9, avec 200\u00a0kilom\u00e8tres r\u00e9partis \u00e9quitablement entre France et Espagne.<\/p>\n<p>\u00ab\u00a0Dans cette course transfrontali\u00e8re, il y a vraiment un choc au niveau des paysages et des temp\u00e9ratures, explique Michel Yebenes, charg\u00e9 de mission pour Esedos-Events (ex-Octagon Esedos). On passe d\u2019un Haut-B\u00e9arn verdoyant, tr\u00e8s humide \u00e0 un climat m\u00e9diterran\u00e9en c\u00f4t\u00e9 espagnol. C\u2019est tr\u00e8s d\u00e9paysant.\u00a0\u00bb<\/p>\n<p>        <img decoding=\"async\" id=\"27445049\" src=\"https:\/\/www.europesays.com\/fr\/wp-content\/uploads\/2026\/01\/rep-954-hd25103.jpg\" alt=\"La Quebrantahuesos conna\u00eet un grand succ\u00e8s depuis ses d\u00e9buts.\" itemprop=\"contentURL\"\/><\/p>\n<p>    La Quebrantahuesos conna\u00eet un grand succ\u00e8s depuis ses d\u00e9buts.<\/p>\n<p>Rodolphe Martin<\/p>\n<p>Le parcours est \u00e9galement exigeant, avec pas moins de trois cols mythiques souvent travers\u00e9s par le Tour de France\u00a0: le Somport, Marie-Blanque et le Pourtalet. \u00ab\u00a0Il y a aussi une c\u00f4te de premi\u00e8re cat\u00e9gorie en Espagne. Le trac\u00e9 est compliqu\u00e9 mais propose des phases de r\u00e9cup\u00e9ration, ce qui explique en partie ce succ\u00e8s\u00a0\u00bb, poursuit Michel Yebenes.<\/p>\n<p>Si la Quebrantahuesos s\u00e9duit des deux c\u00f4t\u00e9s des Pyr\u00e9n\u00e9es, c\u2019est \u00e9galement le cas dans d\u2019autres parties du globe. L\u2019an dernier, plus de 40 nationalit\u00e9s \u00e9taient ainsi repr\u00e9sent\u00e9es, avec des coureurs venus de\u2026 Nouvelle-Z\u00e9lande. Preuve suppl\u00e9mentaire que cette cyclosportive est bien l\u2019un des \u00e9v\u00e9nements phares de l\u2019ann\u00e9e en B\u00e9arn et en Aragon.<\/p>\n","protected":false},"excerpt":{"rendered":"Moment toujours tr\u00e8s attendu, le tirage au sort des dossards de la Quebrantahuesos s\u2019est d\u00e9roul\u00e9 ce vendredi au&hellip;\n","protected":false},"author":2,"featured_media":668873,"comment_status":"","ping_status":"","sticky":false,"template":"","format":"standard","meta":{"footnotes":""},"categories":[1411],"tags":[1154,207,1011,27,60],"class_list":{"0":"post-668872","1":"post","2":"type-post","3":"status-publish","4":"format-standard","5":"has-post-thumbnail","7":"category-cyclisme","8":"tag-cycling","9":"tag-cyclisme","10":"tag-fr","11":"tag-france","12":"tag-sports"},"share_on_mastodon":{"url":"https:\/\/pubeurope.com\/@fr\/115907620120518095","error":""},"_links":{"self":[{"href":"https:\/\/www.europesays.com\/fr\/wp-json\/wp\/v2\/posts\/668872","targetHints":{"allow":["GET"]}}],"collection":[{"href":"https:\/\/www.europesays.com\/fr\/wp-json\/wp\/v2\/posts"}],"about":[{"href":"https:\/\/www.europesays.com\/fr\/wp-json\/wp\/v2\/types\/post"}],"author":[{"embeddable":true,"href":"https:\/\/www.europesays.com\/fr\/wp-json\/wp\/v2\/users\/2"}],"replies":[{"embeddable":true,"href":"https:\/\/www.europesays.com\/fr\/wp-json\/wp\/v2\/comments?post=668872"}],"version-history":[{"count":0,"href":"https:\/\/www.europesays.com\/fr\/wp-json\/wp\/v2\/posts\/668872\/revisions"}],"wp:featuredmedia":[{"embeddable":true,"href":"https:\/\/www.europesays.com\/fr\/wp-json\/wp\/v2\/media\/668873"}],"wp:attachment":[{"href":"https:\/\/www.europesays.com\/fr\/wp-json\/wp\/v2\/media?parent=668872"}],"wp:term":[{"taxonomy":"category","embeddable":true,"href":"https:\/\/www.europesays.com\/fr\/wp-json\/wp\/v2\/categories?post=668872"},{"taxonomy":"post_tag","embeddable":true,"href":"https:\/\/www.europesays.com\/fr\/wp-json\/wp\/v2\/tags?post=668872"}],"curies":[{"name":"wp","href":"https:\/\/api.w.org\/{rel}","templated":true}]}}