{"id":668876,"date":"2026-01-17T00:32:11","date_gmt":"2026-01-17T00:32:11","guid":{"rendered":"https:\/\/www.europesays.com\/fr\/668876\/"},"modified":"2026-01-17T00:32:11","modified_gmt":"2026-01-17T00:32:11","slug":"moi-aussi-je-sais-valerie-trierweiler-persifle-brigitte-macron-avec-le-sourire","status":"publish","type":"post","link":"https:\/\/www.europesays.com\/fr\/668876\/","title":{"rendered":"\u201cMoi aussi je sais\u2026\u201d : Val\u00e9rie Trierweiler persifle Brigitte Macron\u2026 avec le sourire"},"content":{"rendered":"<p data-start=\"64\" data-end=\"257\">Mercredi 14 janvier, Disneyland<br \/>\nParis a accueilli une invit\u00e9e inattendue : Brigitte Macron. La<br \/>\nPremi\u00e8re dame <a href=\"https:\/\/www.closermag.fr\/people\/brigitte-macron-comme-vous-ne-lavez-jamais-vue-au-cote-de-didier-deschamps-elle-donne-de-sa-personne-3514418\" target=\"_blank\" rel=\"noopener\"><br \/>\na partag\u00e9 l\u2019affiche avec Didier Deschamps<\/a> \u00e0 l\u2019occasion de<br \/>\nl\u2019Op\u00e9ration Pi\u00e8ces jaunes.<\/p>\n<p data-start=\"259\" data-end=\"633\">Pour divertir les enfants et les<br \/>\nfamilles pr\u00e9sents, la pr\u00e9sidente de la Fondation H\u00f4pitaux de Paris<br \/>\net de France n\u2019a pas h\u00e9sit\u00e9 \u00e0 enfiler le r\u00f4le de <strong>DJ<br \/>\nimprovis\u00e9e<\/strong>. Comme en f\u00e9vrier 2025, elle s\u2019est mise<br \/>\nderri\u00e8re les platines et a anim\u00e9 la sc\u00e8ne avec des gestes<br \/>\nrythmiques pour \u00e9merveiller les 300 jeunes hospitalis\u00e9s et leurs<br \/>\nproches venus profiter de cette sortie f\u00e9erique.<\/p>\n<p>Val\u00e9rie Trierweiler se met<br \/>\naussi derri\u00e8re les platines<\/p>\n<p data-start=\"695\" data-end=\"1065\">La vid\u00e9o de ce moment a<br \/>\nrapidement circul\u00e9 et a suscit\u00e9 des r\u00e9actions inattendues. Parmi<br \/>\nelles, celle d\u2019une ancienne Premi\u00e8re dame : <strong>Val\u00e9rie<br \/>\nTrierweiler.<\/strong> Le 15 janvier, <a href=\"https:\/\/www.closermag.fr\/people\/ca-va-pas-sarranger-avec-valerie-trierweiler-narquoise-elle-raille-lembonpoint-de-francois-hollande-en-direct-3556850\" target=\"_blank\" rel=\"noopener\"><br \/>\nl\u2019ex-compagne de Fran\u00e7ois Hollande<\/a> a publi\u00e9 sur Instagram une<br \/>\nphoto d\u2019elle souriante, casque audio sur les oreilles et mains<br \/>\npr\u00eates \u00e0 mixer. \u00ab Moi aussi je sais faire la DJ ! \u00bb, a-t-elle<br \/>\nlanc\u00e9, amus\u00e9e.<\/p>\n<p data-start=\"1067\" data-end=\"1459\">Une photo qui n\u2019a pas \u00e9t\u00e9<br \/>\nprise dans le seul but de se comparer \u00e0 <a href=\"https:\/\/www.closermag.fr\/tv_tele_realite\/brigitte-macron-la-mise-en-garde-de-jean-luc-reichmann-ca-va-secouer-3611619\" target=\"_blank\" rel=\"noopener\"><br \/>\nBrigitte Macron<\/a>. Celle-ci remonte \u00e0 quelques ann\u00e9es, comme elle<br \/>\nle pr\u00e9cise en l\u00e9gende : \u00ab Il y a quelques ann\u00e9es avec D\u00e9fi<br \/>\nd\u2019Elles en Laponie. \u00bb Cet \u00e9v\u00e9nement sportif f\u00e9minin, cr\u00e9\u00e9 par<br \/>\nChristelle Gauzet, ancienne candidate de Koh-Lanta, vise \u00e0 sensibiliser \u00e0 la lutte<br \/>\ncontre le cancer du sein via l\u2019association Jeune &amp; Rose.<\/p>\n<p>Val\u00e9rie Trierweiler soutient la lutte contre le cancer du sein<\/p>\n<p data-start=\"1529\" data-end=\"1987\">La journaliste et animatrice<br \/>\nde 60 ans a \u00e9galement voulu mettre en avant les participantes de<br \/>\nl\u2019\u00e9dition 2026 du d\u00e9fi caritatif, qui se d\u00e9roule \u00e0 nouveau en<br \/>\nLaponie sur quatre jours. \u00ab Courage \u00e0 toutes celles qui partent<br \/>\ndemain pour ce raid exceptionnel \u00bb, a-t-elle encourag\u00e9. Outre<br \/>\ncette exp\u00e9dition, D\u00e9fi d\u2019Elles pr\u00e9voit plusieurs autres rendez-vous<br \/>\ncette ann\u00e9e : un challenge \u00e0 Pragelato en mars, un \u00e0 Biscarrosse en<br \/>\nmai et un dernier \u00e0 l\u2019\u00eele de R\u00e9 en juin.<\/p>\n<p data-start=\"1989\" data-end=\"2435\" data-is-last-node=\"\" data-is-only-node=\"\">Val\u00e9rie Trierweiler profite de ses<br \/>\npublications pour mettre en lumi\u00e8re ces \u00e9v\u00e9nements et souligner<br \/>\nl\u2019importance du soutien et de la visibilit\u00e9 autour de la lutte<br \/>\ncontre le cancer du sein. \u00ab Merci pour ce message de soutien<br \/>\n\u00e9l\u00e9gant, Val\u00e9rie. C\u2019est r\u00e9jouissant de voir la solidarit\u00e9 et la<br \/>\nlibert\u00e9 dont vous faites preuve \u00bb ou encore \u00ab Merci pour<br \/>\nton soutien pour le d\u00e9part de l\u2019aventure polaire demain matin !<br \/>\n\u00bb, peut-on lire dans les commentaires.<\/p>\n<blockquote class=\"instagram-media\" style=\"background: #ffffff;border: 0;margin: 1px;width: 100%;padding: 0;max-width: 500px;\" data-instgrm-permalink=\"https:\/\/www.instagram.com\/p\/DTjBc8IAtse\/\" data-instgrm-version=\"14\"\/>\n<p><script async src=\"\/\/www.instagram.com\/embed.js\"><\/script><\/p>\n","protected":false},"excerpt":{"rendered":"Mercredi 14 janvier, Disneyland Paris a accueilli une invit\u00e9e inattendue : Brigitte Macron. La Premi\u00e8re dame a partag\u00e9&hellip;\n","protected":false},"author":2,"featured_media":668877,"comment_status":"","ping_status":"","sticky":false,"template":"","format":"standard","meta":{"footnotes":""},"categories":[1359],"tags":[21303,58,59,1011,27,973,65861],"class_list":{"0":"post-668876","1":"post","2":"type-post","3":"status-publish","4":"format-standard","5":"has-post-thumbnail","7":"category-people","8":"tag-buzz_nonli","9":"tag-divertissement","10":"tag-entertainment","11":"tag-fr","12":"tag-france","13":"tag-people","14":"tag-trend"},"share_on_mastodon":{"url":"https:\/\/pubeurope.com\/@fr\/115907627808541362","error":""},"_links":{"self":[{"href":"https:\/\/www.europesays.com\/fr\/wp-json\/wp\/v2\/posts\/668876","targetHints":{"allow":["GET"]}}],"collection":[{"href":"https:\/\/www.europesays.com\/fr\/wp-json\/wp\/v2\/posts"}],"about":[{"href":"https:\/\/www.europesays.com\/fr\/wp-json\/wp\/v2\/types\/post"}],"author":[{"embeddable":true,"href":"https:\/\/www.europesays.com\/fr\/wp-json\/wp\/v2\/users\/2"}],"replies":[{"embeddable":true,"href":"https:\/\/www.europesays.com\/fr\/wp-json\/wp\/v2\/comments?post=668876"}],"version-history":[{"count":0,"href":"https:\/\/www.europesays.com\/fr\/wp-json\/wp\/v2\/posts\/668876\/revisions"}],"wp:featuredmedia":[{"embeddable":true,"href":"https:\/\/www.europesays.com\/fr\/wp-json\/wp\/v2\/media\/668877"}],"wp:attachment":[{"href":"https:\/\/www.europesays.com\/fr\/wp-json\/wp\/v2\/media?parent=668876"}],"wp:term":[{"taxonomy":"category","embeddable":true,"href":"https:\/\/www.europesays.com\/fr\/wp-json\/wp\/v2\/categories?post=668876"},{"taxonomy":"post_tag","embeddable":true,"href":"https:\/\/www.europesays.com\/fr\/wp-json\/wp\/v2\/tags?post=668876"}],"curies":[{"name":"wp","href":"https:\/\/api.w.org\/{rel}","templated":true}]}}