{"id":668878,"date":"2026-01-17T00:38:11","date_gmt":"2026-01-17T00:38:11","guid":{"rendered":"https:\/\/www.europesays.com\/fr\/668878\/"},"modified":"2026-01-17T00:38:11","modified_gmt":"2026-01-17T00:38:11","slug":"au-japon-cette-maison-a-ete-entierement-creusee-pour-devenir-une-grotte-immersive","status":"publish","type":"post","link":"https:\/\/www.europesays.com\/fr\/668878\/","title":{"rendered":"Au Japon, cette maison a \u00e9t\u00e9 enti\u00e8rement creus\u00e9e pour devenir une grotte immersive"},"content":{"rendered":"<p><strong>L\u2019id\u00e9e cr\u00e9ative en un clin d\u2019\u0153il<\/strong><\/p>\n<ul class=\"wp-block-list is-style-red-points\">\n<li>\u00c0 Beppu, au Japon, le collectif artistique \u76ee transforme une maison ordinaire en une grotte immersive, enti\u00e8rement creus\u00e9e, o\u00f9 l\u2019architecture dispara\u00eet au profit du vide.<\/li>\n<li>Baptis\u00e9e Space II, l\u2019installation retire murs et planchers pour cr\u00e9er une cavit\u00e9 min\u00e9rale sculpt\u00e9e, brouillant les fronti\u00e8res entre int\u00e9rieur, ext\u00e9rieur et perception.<\/li>\n<li>Inspir\u00e9e par l\u2019activit\u00e9 g\u00e9othermique de la r\u00e9gion, l\u2019\u0153uvre invite \u00e0 regarder la ville depuis les entrailles du territoire, faisant du vide un puissant outil d\u2019exp\u00e9rience sensorielle.<\/li>\n<\/ul>\n<p>Dans une rue r\u00e9sidentielle tranquille de Beppu, au sud du Japon, une maison attire d\u00e9sormais l\u2019attention pour une raison inattendue. Sa fa\u00e7ade est perc\u00e9e de larges ouvertures irr\u00e9guli\u00e8res, comme si le b\u00e2timent avait \u00e9t\u00e9 creus\u00e9 par une force surnaturelle. \u00c0 l\u2019int\u00e9rieur, plus de pi\u00e8ces, plus de murs, mais un vide min\u00e9ral qui \u00e9voque une grotte sculpt\u00e9e par le temps.<\/p>\n<p>\u00c0 l\u2019origine de cette transformation radicale, le collectif artistique japonais \u76ee, prononc\u00e9 \u201cm\u00e9\u201d. Fid\u00e8le \u00e0 sa d\u00e9marche, le trio propose ici une \u0153uvre qui joue avec la perception, l\u2019espace et notre rapport au quotidien, en transformant un lieu banal en exp\u00e9rience sensorielle d\u00e9routante.<\/p>\n<p>        Besoin d&rsquo;une<br \/>&#13;<br \/>\nagence cr\u00e9ative ?<\/p>\n<ul>\n<li>Strat\u00e9gie \/ Campagne 360\u00b0<\/li>\n<li>Accompagnement social media<\/li>\n<li>Activation virale<\/li>\n<li>Visibilit\u00e9 garantie<\/li>\n<\/ul>\n<p>        <a href=\"https:\/\/creapills.com\/agence\" class=\"btn is-white mt-6\" target=\"\" rel=\"noopener\"><\/p>\n<p>      D\u00e9couvrir l\u2019agence<\/p>\n<p>           <\/a><\/p>\n<p>            <img decoding=\"async\" src=\"https:\/\/creapills.com\/wp-content\/uploads\/2025\/12\/18.png\" alt=\"\" fetchpriority=\"high\" data-eio=\"p\"\/><\/p>\n<p>            <img alt=\"\" data-eio=\"p\" src=\"https:\/\/www.europesays.com\/fr\/wp-content\/uploads\/2026\/01\/1768610154_265_8.png\" decoding=\"async\" class=\"lazyload\" data-eio-rwidth=\"800\" data-eio-rheight=\"800\"\/><\/p>\n<p>            <img alt=\"\" data-eio=\"p\" src=\"https:\/\/www.europesays.com\/fr\/wp-content\/uploads\/2026\/01\/15.png\" decoding=\"async\" class=\"lazyload\" data-eio-rwidth=\"800\" data-eio-rheight=\"800\"\/><\/p>\n<p><strong>Une architecture fa\u00e7onn\u00e9e par le vide<\/strong><\/p>\n<p>Baptis\u00e9e Space II, l\u2019installation repose sur un geste simple et puissant. Au lieu de construire, le collectif a choisi de retirer de la mati\u00e8re. Les murs et les planchers ont \u00e9t\u00e9 \u00e9vid\u00e9s pour cr\u00e9er une cavit\u00e9 continue aux surfaces brutes et irr\u00e9guli\u00e8res, proches de formations rocheuses naturelles.<\/p>\n<p>Des escaliers m\u00e9talliques et des garde-corps minimalistes guident les visiteurs \u00e0 travers cet espace creus\u00e9, sans jamais en att\u00e9nuer l\u2019\u00e9tranget\u00e9. La lumi\u00e8re naturelle s\u2019infiltre par les ouvertures de la fa\u00e7ade, offrant des points de vue fragment\u00e9s sur le quartier environnant et brouillant la fronti\u00e8re entre int\u00e9rieur et ext\u00e9rieur.<\/p>\n<p><img fetchpriority=\"high\" decoding=\"async\" width=\"1458\" height=\"898\" alt=\"\" class=\"wp-image-339131 lazyload\" data-eio=\"p\" src=\"https:\/\/www.europesays.com\/fr\/wp-content\/uploads\/2026\/01\/maison-creusee-grotte-immersive-japon-beppu-collectif-me-2.jpg\"  data- data-eio-rwidth=\"1458\" data-eio-rheight=\"898\"\/><\/p>\n<p><strong>Beppu comme terrain d\u2019inspiration g\u00e9ologique<\/strong><\/p>\n<p>Le choix de Beppu est loin d\u2019\u00eatre anodin. Connue pour ses sources thermales et son activit\u00e9 g\u00e9othermique intense, la ville est profond\u00e9ment marqu\u00e9e par la pr\u00e9sence du sous-sol. Space II puise directement dans cette m\u00e9moire volcanique, en imaginant un espace qui semble \u00e9merger d\u2019un pass\u00e9 o\u00f9 la terre \u00e9tait encore en formation.<\/p>\n<p>En observant la ville depuis cette cavit\u00e9 artificielle, le visiteur est invit\u00e9 \u00e0 regarder son environnement autrement. Le paysage urbain devient instable, presque \u00e9tranger, comme vu depuis les entrailles m\u00eames du territoire.<\/p>\n<p><img loading=\"lazy\" decoding=\"async\" width=\"1536\" height=\"600\" alt=\"\" class=\"wp-image-339068 lazyload\" data-eio=\"p\" src=\"https:\/\/creapills.com\/wp-content\/uploads\/2026\/01\/maison-creusee-grotte-immersive-japon-beppu-collectif-me-2.jpeg\"  data- data-eio-rwidth=\"1536\" data-eio-rheight=\"600\"\/><\/p>\n<p><strong>Une continuit\u00e9 dans le travail du collectif \u76ee<\/strong><\/p>\n<p>Cette installation s\u2019inscrit dans la continuit\u00e9 d\u2019un projet pr\u00e9c\u00e9dent r\u00e9alis\u00e9 en 2020, o\u00f9 le collectif avait ins\u00e9r\u00e9 un espace d\u2019exposition contemporain \u00e0 l\u2019int\u00e9rieur d\u2019une maison existante. Avec Space II, la logique s\u2019inverse. Plut\u00f4t que d\u2019ajouter un volume, \u76ee efface le cadre, laissant le vide devenir le v\u00e9ritable sujet de l\u2019\u0153uvre.<\/p>\n<p>\u00c0 travers ce projet, le collectif poursuit son exploration des limites entre art, architecture et perception. En transformant une maison en grotte, il ne cherche pas \u00e0 choquer, mais \u00e0 cr\u00e9er une exp\u00e9rience qui oblige \u00e0 ralentir, \u00e0 observer et \u00e0 reconsid\u00e9rer ce que l\u2019on croit conna\u00eetre.<\/p>\n<p>Une \u0153uvre qui ne se contente pas d\u2019occuper l\u2019espace, mais qui invite \u00e0 y entrer pour regarder le monde depuis un autre point de vue.<\/p>\n<p>Dans un registre tout aussi surprenant, d\u2019autres projets transforment l\u2019architecture du quotidien en terrain d\u2019exp\u00e9rimentation. \u00c0 P\u00e9kin, <a href=\"https:\/\/creapills.com\/bus-pekin-aire-jeux-publique-recyclage-design-enfants-20260107\" target=\"_blank\" rel=\"noopener\">un ancien bus a \u00e9t\u00e9 recycl\u00e9 pour devenir une aire de jeux<\/a> publique, offrant aux enfants un nouvel espace ludique au c\u0153ur de la ville.<\/p>\n<p><img loading=\"lazy\" decoding=\"async\" width=\"2048\" height=\"1365\" alt=\"\" class=\"wp-image-339077 lazyload\" data-eio=\"p\" src=\"https:\/\/www.europesays.com\/fr\/wp-content\/uploads\/2026\/01\/maison-creusee-grotte-immersive-japon-beppu-collectif-me-8.jpg\"  data- data-eio-rwidth=\"2048\" data-eio-rheight=\"1365\"\/><\/p>\n<p><img loading=\"lazy\" decoding=\"async\" width=\"1536\" height=\"1152\" alt=\"\" class=\"wp-image-339074 lazyload\" data-eio=\"p\" src=\"https:\/\/www.europesays.com\/fr\/wp-content\/uploads\/2026\/01\/maison-creusee-grotte-immersive-japon-beppu-collectif-me-3.jpeg\"  data- data-eio-rwidth=\"1536\" data-eio-rheight=\"1152\"\/><\/p>\n<p><img loading=\"lazy\" decoding=\"async\" width=\"1770\" height=\"2048\" alt=\"\" class=\"wp-image-339072 lazyload\" data-eio=\"p\" src=\"https:\/\/www.europesays.com\/fr\/wp-content\/uploads\/2026\/01\/maison-creusee-grotte-immersive-japon-beppu-collectif-me-4.jpeg\"  data- data-eio-rwidth=\"1770\" data-eio-rheight=\"2048\"\/><\/p>\n<p><img loading=\"lazy\" decoding=\"async\" width=\"1536\" height=\"1152\" alt=\"\" class=\"wp-image-339071 lazyload\" data-eio=\"p\" src=\"https:\/\/www.europesays.com\/fr\/wp-content\/uploads\/2026\/01\/maison-creusee-grotte-immersive-japon-beppu-collectif-me-5.jpeg\"  data- data-eio-rwidth=\"1536\" data-eio-rheight=\"1152\"\/><\/p>\n<p><img loading=\"lazy\" decoding=\"async\" width=\"1536\" height=\"2048\" alt=\"\" class=\"wp-image-339073 lazyload\" data-eio=\"p\" src=\"https:\/\/www.europesays.com\/fr\/wp-content\/uploads\/2026\/01\/maison-creusee-grotte-immersive-japon-beppu-collectif-me-6.jpeg\"  data- data-eio-rwidth=\"1536\" data-eio-rheight=\"2048\"\/><\/p>\n<p><img loading=\"lazy\" decoding=\"async\" width=\"1536\" height=\"1116\" alt=\"\" class=\"wp-image-339070 lazyload\" data-eio=\"p\" src=\"https:\/\/creapills.com\/wp-content\/uploads\/2026\/01\/maison-creusee-grotte-immersive-japon-beppu-collectif-me-7.jpeg\"  data- data-eio-rwidth=\"1536\" data-eio-rheight=\"1116\"\/><\/p>\n<p><img loading=\"lazy\" decoding=\"async\" width=\"2048\" height=\"1365\" alt=\"\" class=\"wp-image-339076 lazyload\" data-eio=\"p\" src=\"https:\/\/www.europesays.com\/fr\/wp-content\/uploads\/2026\/01\/maison-creusee-grotte-immersive-japon-beppu-collectif-me-9.jpg\"  data- data-eio-rwidth=\"2048\" data-eio-rheight=\"1365\"\/><br \/>\n<img class=\"ss-hidden-pin-image lazyload\" alt=\"\" data-pin-url=\"https:\/\/creapills.com\/maison-creusee-grotte-immersive-japon-beppu-collectif-me-20260116\" data-pin-media=\"https:\/\/www.europesays.com\/fr\/wp-content\/uploads\/2026\/01\/maison-creusee-grotte-immersive-japon-beppu-collectif-me-2T.jpg\" data-pin-description=\"Au Japon, cette maison a \u00e9t\u00e9 enti\u00e8rement creus\u00e9e pour devenir une grotte immersive via @Creapills\" style=\"display:none\" data-eio=\"p\" src=\"https:\/\/www.europesays.com\/fr\/wp-content\/uploads\/2026\/01\/maison-creusee-grotte-immersive-japon-beppu-collectif-me-2T.jpg\" decoding=\"async\" data-eio-rwidth=\"2400\" data-eio-rheight=\"1350\"\/>\t\t<\/p>\n<p class=\"ss-social-share-label\">\n\t\t\t\t\tPartagez l&rsquo;id\u00e9e sur vos r\u00e9seaux\n\t\t\t\t<\/p>\n","protected":false},"excerpt":{"rendered":"L\u2019id\u00e9e cr\u00e9ative en un clin d\u2019\u0153il \u00c0 Beppu, au Japon, le collectif artistique \u76ee transforme une maison ordinaire&hellip;\n","protected":false},"author":2,"featured_media":668879,"comment_status":"","ping_status":"","sticky":false,"template":"","format":"standard","meta":{"footnotes":""},"categories":[1358],"tags":[1348,1384,1385,1386,58,59,1011,27],"class_list":{"0":"post-668878","1":"post","2":"type-post","3":"status-publish","4":"format-standard","5":"has-post-thumbnail","7":"category-arts-et-design","8":"tag-arts","9":"tag-arts-and-design","10":"tag-arts-et-design","11":"tag-design","12":"tag-divertissement","13":"tag-entertainment","14":"tag-fr","15":"tag-france"},"share_on_mastodon":{"url":"https:\/\/pubeurope.com\/@fr\/115907651975692194","error":""},"_links":{"self":[{"href":"https:\/\/www.europesays.com\/fr\/wp-json\/wp\/v2\/posts\/668878","targetHints":{"allow":["GET"]}}],"collection":[{"href":"https:\/\/www.europesays.com\/fr\/wp-json\/wp\/v2\/posts"}],"about":[{"href":"https:\/\/www.europesays.com\/fr\/wp-json\/wp\/v2\/types\/post"}],"author":[{"embeddable":true,"href":"https:\/\/www.europesays.com\/fr\/wp-json\/wp\/v2\/users\/2"}],"replies":[{"embeddable":true,"href":"https:\/\/www.europesays.com\/fr\/wp-json\/wp\/v2\/comments?post=668878"}],"version-history":[{"count":0,"href":"https:\/\/www.europesays.com\/fr\/wp-json\/wp\/v2\/posts\/668878\/revisions"}],"wp:featuredmedia":[{"embeddable":true,"href":"https:\/\/www.europesays.com\/fr\/wp-json\/wp\/v2\/media\/668879"}],"wp:attachment":[{"href":"https:\/\/www.europesays.com\/fr\/wp-json\/wp\/v2\/media?parent=668878"}],"wp:term":[{"taxonomy":"category","embeddable":true,"href":"https:\/\/www.europesays.com\/fr\/wp-json\/wp\/v2\/categories?post=668878"},{"taxonomy":"post_tag","embeddable":true,"href":"https:\/\/www.europesays.com\/fr\/wp-json\/wp\/v2\/tags?post=668878"}],"curies":[{"name":"wp","href":"https:\/\/api.w.org\/{rel}","templated":true}]}}