{"id":668886,"date":"2026-01-17T00:43:12","date_gmt":"2026-01-17T00:43:12","guid":{"rendered":"https:\/\/www.europesays.com\/fr\/668886\/"},"modified":"2026-01-17T00:43:12","modified_gmt":"2026-01-17T00:43:12","slug":"ces-cancers-qui-touchent-les-pompiers-sont-desormais-reconnus-comme-maladies-professionnelles","status":"publish","type":"post","link":"https:\/\/www.europesays.com\/fr\/668886\/","title":{"rendered":"Ces cancers qui touchent les pompiers sont d\u00e9sormais reconnus comme maladies professionnelles"},"content":{"rendered":"<p>Ils bravent les flammes pour nous sauver, faisant preuve d&rsquo;un courage qui impose le respect, mais c&rsquo;est souvent une fois l&rsquo;incendie \u00e9teint que le v\u00e9ritable danger s&rsquo;installe insidieusement dans leur organisme. Nous avions tendance \u00e0 ne voir que le risque imm\u00e9diat de la br\u00fblure ou de l&rsquo;accident, alors que la menace microscopique, celle qui s&rsquo;infiltre dans les poumons et sur la peau, a \u00e9t\u00e9 longtemps sous-estim\u00e9e. Aujourd&rsquo;hui, en ce d\u00e9but d&rsquo;ann\u00e9e 2026, l&rsquo;impact des fum\u00e9es toxiques sur la sant\u00e9 des <strong>sapeurs-pompiers<\/strong> fait enfin l&rsquo;objet d&rsquo;une prise de conscience majeure et officielle. Un nouveau cadre l\u00e9gal vient \u00e9tablir le lien, noir sur blanc, entre leurs interventions h\u00e9ro\u00efques et l&rsquo;apparition de pathologies graves, marquant ainsi une avanc\u00e9e d\u00e9cisive pour la protection de ceux qui nous prot\u00e8gent.<\/p>\n<p> Un tournant l\u00e9gislatif historique act\u00e9 par le d\u00e9cret du 26 d\u00e9cembre<br \/>\n L&rsquo;actualisation officielle des tableaux de maladies professionnelles<\/p>\n<p>C&rsquo;est une nouvelle qui \u00e9tait attendue avec impatience et espoir par toute une profession. Le Journal officiel a act\u00e9 une avanc\u00e9e majeure \u00e0 travers un texte fondateur : <strong>un d\u00e9cret publi\u00e9 le 26 d\u00e9cembre actualise deux tableaux faisant la liste des maladies professionnelles auxquelles sont confront\u00e9s les pompiers<\/strong>. Cette mise \u00e0 jour n&rsquo;est pas un simple ajustement administratif ; elle repr\u00e9sente la reconnaissance scientifique et l\u00e9gale que l&rsquo;environnement de travail du soldat du feu est intrins\u00e8quement li\u00e9 \u00e0 des <a href=\"https:\/\/journaldesseniors.20minutes.fr\/sante\/pourquoi-ces-cancers-explosent-chez-les-15-39-ans-une-etude-revele-des-chiffres-inquietants\/\" target=\"_blank\" rel=\"noopener\">risques canc\u00e9rig\u00e8nes<\/a> sp\u00e9cifiques.<\/p>\n<p>Jusqu&rsquo;alors, la corr\u00e9lation entre certaines expositions et le d\u00e9veloppement de maladies restait complexe \u00e0 prouver pour les agents concern\u00e9s. Cette <strong>modification l\u00e9gislative<\/strong> vient simplifier la lecture des risques en ciblant des causes pr\u00e9cises. Cette d\u00e9cision s&rsquo;inscrit dans une volont\u00e9 de mieux comprendre ce que le corps endure lors des interventions, m\u00eame lorsque l&rsquo;adr\u00e9naline retombe.<\/p>\n<p> Une victoire syndicale et sanitaire apr\u00e8s des ann\u00e9es d&rsquo;attente<\/p>\n<p>Cette \u00e9volution ne s&rsquo;est pas faite du jour au lendemain. Elle est le fruit d&rsquo;ann\u00e9es de combat men\u00e9 par les organisations syndicales et les associations de malades, qui n&rsquo;ont eu de cesse d&rsquo;alerter les pouvoirs publics. Pendant longtemps, ces <strong>professionnels de l&rsquo;urgence<\/strong> ont d\u00fb affronter la maladie dans un certain isolement, peinant \u00e0 faire admettre que leur cancer n&rsquo;\u00e9tait pas le fruit du hasard, mais bien la cons\u00e9quence directe de leur engagement au service de la population.<\/p>\n<p>Ce d\u00e9cret marque donc l&rsquo;aboutissement d&rsquo;un long processus de plaidoyer sanitaire. Il valide l&rsquo;id\u00e9e que la pr\u00e9vention et la reconnaissance doivent aller de pair. En inscrivant ces pathologies dans les tableaux officiels, la soci\u00e9t\u00e9 envoie un message de soutien et de responsabilit\u00e9 envers ces femmes et ces hommes expos\u00e9s quotidiennement \u00e0 des <strong>cocktails chimiques nocifs<\/strong>.<\/p>\n<p>La combustion de charbon : un ennemi toxique et insidieux enfin cibl\u00e9<br \/>\n Les risques invisibles li\u00e9s \u00e0 l&rsquo;exposition au charbon<\/p>\n<p>Parmi les nouveaut\u00e9s introduites par ce texte, une attention particuli\u00e8re est port\u00e9e \u00e0 un risque pr\u00e9cis. En effet, <strong>le premier tableau s&rsquo;applique d\u00e9sormais sp\u00e9cifiquement \u00e0 l&rsquo;exposition \u00e0 la combustion de charbon<\/strong>. Lors d&rsquo;incendies impliquant ce combustible, ou dans des environnements satur\u00e9s de suies carbon\u00e9es, les pompiers inhalent et absorbent par la peau des particules ultra-fines charg\u00e9es de compos\u00e9s chimiques redoutables.<\/p>\n<p>Ces r\u00e9sidus de combustion ne disparaissent pas une fois le feu ma\u00eetris\u00e9. Ils s&rsquo;incrustent dans les tenues, se d\u00e9posent sur les \u00e9quipements et p\u00e9n\u00e8trent les pores de la peau, particuli\u00e8rement lorsque celle-ci est dilat\u00e9e par la chaleur intense du brasier. C&rsquo;est cette exposition chronique et r\u00e9p\u00e9t\u00e9e qui constitue un <a href=\"https:\/\/journaldesseniors.20minutes.fr\/sante\/ces-produits-menagers-desinfectants-sont-pointes-du-doigt-par-plusieurs-pneumologues\/\" target=\"_blank\" rel=\"noopener\">danger sournois<\/a>, agissant silencieusement sur les cellules bien apr\u00e8s l&rsquo;intervention.<\/p>\n<p> Les pathologies sp\u00e9cifiques d\u00e9sormais couvertes par ce premier tableau<\/p>\n<p>La reconnaissance officielle de l&rsquo;exposition au charbon permet de couvrir des pathologies bien identifi\u00e9es. Il s&rsquo;agit des <strong>cancers<\/strong> qui se d\u00e9veloppent suite au contact prolong\u00e9 ou r\u00e9p\u00e9t\u00e9 avec les goudrons, les huiles et les brais de houille. Ces substances sont connues pour leur agressivit\u00e9 envers l&rsquo;organisme. D\u00e9sormais, un pompier d\u00e9veloppant une pathologie li\u00e9e \u00e0 ces substances verra son dossier trait\u00e9 avec une pr\u00e9somption d&rsquo;origine professionnelle, ce qui change radicalement la prise en charge.<\/p>\n<p>Il est essentiel de comprendre que le corps garde en m\u00e9moire chaque exposition. En ciblant la combustion de charbon, le d\u00e9cret met en lumi\u00e8re un facteur de risque historique mais toujours actuel, permettant ainsi une <strong>surveillance m\u00e9dicale plus cibl\u00e9e<\/strong> pour les agents ayant \u00e9volu\u00e9 dans ces conditions sp\u00e9cifiques.<\/p>\n<p>L&rsquo;amiante : ce tueur silencieux pr\u00e9sent dans les d\u00e9combres<br \/>\n Le danger de l&rsquo;inhalation de particules lors des interventions sur le b\u00e2ti ancien<\/p>\n<p>Le second volet de cette actualisation l\u00e9gislative concerne un danger bien connu du grand public, mais dont l&rsquo;impact sur les pompiers \u00e9tait parfois sous-\u00e9valu\u00e9. Le d\u00e9cret pr\u00e9cise que <strong>le second tableau actualis\u00e9 s&rsquo;applique \u00e0 l&rsquo;inhalation d&rsquo;amiante<\/strong>. Lors d&rsquo;interventions sur des b\u00e2timents anciens, que ce soit pour un incendie ou un effondrement, les mat\u00e9riaux de construction lib\u00e8rent des fibres d&rsquo;amiante dans l&rsquo;air ambiant.<\/p>\n<p>Dans le chaos d&rsquo;une intervention, m\u00eame avec un appareil respiratoire, le risque z\u00e9ro n&rsquo;existe pas, surtout lors des phases de d\u00e9blaiement o\u00f9 la vigilance peut baisser. Ces <strong>fibres microscopiques<\/strong>, une fois inhal\u00e9es, viennent se loger profond\u00e9ment dans la pl\u00e8vre ou les poumons, cr\u00e9ant des l\u00e9sions irr\u00e9versibles qui peuvent mettre des d\u00e9cennies \u00e0 se manifester sous forme de maladie grave.<\/p>\n<p> Une reconnaissance cruciale pour les cancers li\u00e9s \u00e0 ce mat\u00e9riau volatile<\/p>\n<p>L&rsquo;ajout et la clarification des crit\u00e8res li\u00e9s \u00e0 l&rsquo;amiante pour les pompiers sont une avanc\u00e9e fondamentale. Les cancers broncho-pulmonaires et surtout les <strong>m\u00e9soth\u00e9liomes<\/strong>, typiques de l&rsquo;exposition \u00e0 l&rsquo;amiante, entrent d\u00e9sormais plus clairement dans le champ de la maladie professionnelle pour cette corporation. C&rsquo;est une reconnaissance de la r\u00e9alit\u00e9 du terrain : le feu d\u00e9grade les mat\u00e9riaux et lib\u00e8re les toxiques que le b\u00e2timent contenait.<\/p>\n<p>Cela souligne l&rsquo;importance vitale de consid\u00e9rer l&rsquo;environnement entier de l&rsquo;intervention comme une zone contamin\u00e9e, et non plus simplement comme une zone chaude. Cette mesure permettra de prot\u00e9ger ceux qui sont intervenus sur des sites amiant\u00e9s sans toujours avoir conscience de l&rsquo;ampleur de la <strong>pollution particulaire environnante<\/strong>.<\/p>\n<p> La fin du parcours du combattant administratif pour les malades<br \/>\n L&rsquo;all\u00e8gement de la charge de la preuve pour les pompiers touch\u00e9s<\/p>\n<p>L&rsquo;un des aspects les plus concrets de ce d\u00e9cret pour la vie des pompiers malades est la simplification des d\u00e9marches. Auparavant, il incombait souvent \u00e0 la victime de prouver le lien direct et unique entre son service et sa maladie, une t\u00e2che d&rsquo;autant plus ardue que les cancers sont multifactoriels. Avec l&rsquo;inscription dans ces tableaux, le m\u00e9canisme de la pr\u00e9somption d&rsquo;imputabilit\u00e9 s&rsquo;enclenche.<\/p>\n<p>Concr\u00e8tement, si un pompier remplit les conditions administratives (dur\u00e9e d&rsquo;exposition) et m\u00e9dicales (diagnostic correspondant au tableau), la maladie est pr\u00e9sum\u00e9e professionnelle. Il n&rsquo;a plus \u00e0 se justifier ni \u00e0 reconstituer un <strong>historique pr\u00e9cis<\/strong> de chaque intervention sur des d\u00e9cennies, ce qui repr\u00e9sente un soulagement psychologique immense pour des personnes d\u00e9j\u00e0 affaiblies par la maladie.<\/p>\n<p> Une acc\u00e9l\u00e9ration n\u00e9cessaire des proc\u00e9dures d&rsquo;indemnisation<\/p>\n<p>Qui dit reconnaissance simplifi\u00e9e dit aussi indemnisation acc\u00e9l\u00e9r\u00e9e. Le temps est un facteur pr\u00e9cieux lorsqu&rsquo;on lutte contre un cancer. En levant les verrous administratifs, ce nouveau cadre permet aux dossiers d&rsquo;\u00eatre trait\u00e9s beaucoup plus rapidement par les <strong>caisses d&rsquo;assurance maladie<\/strong> ou les instances sp\u00e9cifiques.<\/p>\n<p>Cela signifie un acc\u00e8s plus rapide aux soins de support, une meilleure couverture des frais m\u00e9dicaux et, si n\u00e9cessaire, le versement de rentes d&rsquo;invalidit\u00e9 sans avoir \u00e0 attendre l&rsquo;issue de longues batailles juridiques. C&rsquo;est une forme de justice sociale qui redonne de la dignit\u00e9 aux victimes et leur permet de se concentrer sur l&rsquo;essentiel : leur combat pour la gu\u00e9rison.<\/p>\n<p>Au-del\u00e0 de la r\u00e9paration, l&rsquo;urgence de repenser la protection au feu<br \/>\n La n\u00e9cessit\u00e9 absolue des protocoles de d\u00e9contamination apr\u00e8s intervention<\/p>\n<p>Si la reconnaissance est une \u00e9tape cl\u00e9, la pr\u00e9vention reste le meilleur rem\u00e8de. Cette actualisation des risques met en lumi\u00e8re l&rsquo;imp\u00e9rieuse n\u00e9cessit\u00e9 d&rsquo;appliquer des protocoles d&rsquo;hygi\u00e8ne stricts. Le concept de \u00ab\u00a0marche en avant\u00a0\u00bb et de <strong>d\u00e9contamination imm\u00e9diate<\/strong> apr\u00e8s la sortie du feu devient la norme. Il ne s&rsquo;agit plus seulement d&rsquo;\u00e9teindre le feu, mais de se nettoyer imm\u00e9diatement de ses r\u00e9sidus.<\/p>\n<p>Les gestes qui sauvent \u00e9voluent : retirer sa tenue de feu avec pr\u00e9caution pour ne pas remettre les particules en suspension, prendre une douche dans l&rsquo;heure qui suit l&rsquo;intervention, et ne jamais rapporter d&rsquo;\u00e9quipements souill\u00e9s dans les v\u00e9hicules personnels ou au domicile. Ces rituels doivent devenir des automatismes pour pr\u00e9server le <strong>capital sant\u00e9 des \u00e9quipes<\/strong>.<\/p>\n<p> Vers une \u00e9volution des \u00e9quipements pour contrer ces particules fines<\/p>\n<p>La technologie doit \u00e9galement suivre cette prise de conscience. Les fabricants d&rsquo;\u00e9quipements de protection individuelle (EPI) travaillent d\u00e9sormais sur des tenues capables de bloquer non seulement la chaleur, mais aussi les <strong>nanoparticules toxiques<\/strong>. Les cagoules, notamment, sont repens\u00e9es pour \u00eatre plus \u00e9tanches aux fum\u00e9es au niveau du cou et de la m\u00e2choire, zones tr\u00e8s perm\u00e9ables cutan\u00e9ment.<\/p>\n<p>L&rsquo;avenir est aux \u00e9quipements intelligents qui signalent le niveau de saturation en toxiques et aux stations de nettoyage de haute technologie dans les casernes. Prot\u00e9ger l&rsquo;homme, c&rsquo;est aussi lui fournir une armure adapt\u00e9e aux menaces invisibles d&rsquo;aujourd&rsquo;hui, bien diff\u00e9rentes des simples feux de bois d&rsquo;autrefois.<\/p>\n<p> Une reconnaissance morale essentielle pour toute la profession<br \/>\n Valider la souffrance des victimes et de leurs familles<\/p>\n<p>Au-del\u00e0 des aspects techniques et financiers, ce d\u00e9cret du 26 d\u00e9cembre porte une dimension humaine tr\u00e8s forte. Pour les familles endeuill\u00e9es et pour les pompiers malades, voir l&rsquo;\u00c9tat reconna\u00eetre officiellement que leur cancer est une \u00ab\u00a0blessure de service\u00a0\u00bb apaise un sentiment d&rsquo;injustice. Cela permet de <strong>mettre des mots sur des maux<\/strong> et de valider leur ressenti.<\/p>\n<p>C&rsquo;est une forme de respect envers le sacrifice consenti. La maladie n&rsquo;est plus v\u00e9cue comme une fatalit\u00e9 individuelle, mais comme la cons\u00e9quence d&rsquo;un d\u00e9vouement collectif. Cette validation psychologique est une \u00e9tape essentielle dans le processus de deuil ou d&rsquo;acceptation de la maladie.<\/p>\n<p> Un signal fort envoy\u00e9 par l&rsquo;\u00c9tat pour prot\u00e9ger ses soldats du feu<\/p>\n<p>En prenant ces dispositions, les pouvoirs publics r\u00e9affirment le pacte qui lie la nation \u00e0 ses forces de secours. C&rsquo;est un engagement \u00e0 ne pas laisser ceux qui prennent des risques pour autrui g\u00e9rer seuls les <strong>cons\u00e9quences lourdes<\/strong> de leurs actes de bravoure. Cela renforce le lien de confiance et montre que la sant\u00e9 des agents est une priorit\u00e9 grandissante.<\/p>\n<p>Cette reconnaissance est aussi un levier pour am\u00e9liorer l&rsquo;attractivit\u00e9 du m\u00e9tier. Savoir que l&rsquo;on est prot\u00e9g\u00e9, suivi et reconnu en cas de coup dur est fondamental pour les futures g\u00e9n\u00e9rations de sapeurs-pompiers qui s&rsquo;engageront dans cette voie exigeante mais passionnante.<\/p>\n<p> Vers une surveillance accrue de la sant\u00e9 des pompiers<\/p>\n<p>Cette avanc\u00e9e majeure ouvre la voie \u00e0 une vigilance renforc\u00e9e. Si le charbon et l&rsquo;amiante sont d\u00e9sormais bien encadr\u00e9s, la recherche continue d&rsquo;explorer d&rsquo;autres pistes. Les regards se tournent d\u00e9sormais vers d&rsquo;autres facteurs de risques potentiels, comme les fum\u00e9es issues de la combustion des <strong>nouveaux mat\u00e9riaux plastiques et composites<\/strong>, omnipr\u00e9sents dans nos int\u00e9rieurs modernes. Ce d\u00e9cret n&rsquo;est donc pas une fin en soi, mais le d\u00e9but d&rsquo;une \u00e8re nouvelle o\u00f9 la sant\u00e9 globale du pompier, physique et environnementale, est plac\u00e9e au c\u0153ur des pr\u00e9occupations. Une \u00e9volution salutaire pour ceux qui veillent sur nous, jour et nuit.<\/p>\n","protected":false},"excerpt":{"rendered":"Ils bravent les flammes pour nous sauver, faisant preuve d&rsquo;un courage qui impose le respect, mais c&rsquo;est souvent&hellip;\n","protected":false},"author":2,"featured_media":668887,"comment_status":"","ping_status":"","sticky":false,"template":"","format":"standard","meta":{"footnotes":""},"categories":[10],"tags":[1011,27,72,56,71],"class_list":{"0":"post-668886","1":"post","2":"type-post","3":"status-publish","4":"format-standard","5":"has-post-thumbnail","7":"category-sante","8":"tag-fr","9":"tag-france","10":"tag-health","11":"tag-push","12":"tag-sante"},"share_on_mastodon":{"url":"https:\/\/pubeurope.com\/@fr\/115907671089716834","error":""},"_links":{"self":[{"href":"https:\/\/www.europesays.com\/fr\/wp-json\/wp\/v2\/posts\/668886","targetHints":{"allow":["GET"]}}],"collection":[{"href":"https:\/\/www.europesays.com\/fr\/wp-json\/wp\/v2\/posts"}],"about":[{"href":"https:\/\/www.europesays.com\/fr\/wp-json\/wp\/v2\/types\/post"}],"author":[{"embeddable":true,"href":"https:\/\/www.europesays.com\/fr\/wp-json\/wp\/v2\/users\/2"}],"replies":[{"embeddable":true,"href":"https:\/\/www.europesays.com\/fr\/wp-json\/wp\/v2\/comments?post=668886"}],"version-history":[{"count":0,"href":"https:\/\/www.europesays.com\/fr\/wp-json\/wp\/v2\/posts\/668886\/revisions"}],"wp:featuredmedia":[{"embeddable":true,"href":"https:\/\/www.europesays.com\/fr\/wp-json\/wp\/v2\/media\/668887"}],"wp:attachment":[{"href":"https:\/\/www.europesays.com\/fr\/wp-json\/wp\/v2\/media?parent=668886"}],"wp:term":[{"taxonomy":"category","embeddable":true,"href":"https:\/\/www.europesays.com\/fr\/wp-json\/wp\/v2\/categories?post=668886"},{"taxonomy":"post_tag","embeddable":true,"href":"https:\/\/www.europesays.com\/fr\/wp-json\/wp\/v2\/tags?post=668886"}],"curies":[{"name":"wp","href":"https:\/\/api.w.org\/{rel}","templated":true}]}}