{"id":668888,"date":"2026-01-17T00:44:11","date_gmt":"2026-01-17T00:44:11","guid":{"rendered":"https:\/\/www.europesays.com\/fr\/668888\/"},"modified":"2026-01-17T00:44:11","modified_gmt":"2026-01-17T00:44:11","slug":"dembele-magique-doue-inconstant-giroud-discret","status":"publish","type":"post","link":"https:\/\/www.europesays.com\/fr\/668888\/","title":{"rendered":"Demb\u00e9l\u00e9 magique, Dou\u00e9 inconstant, Giroud discret"},"content":{"rendered":"<p>\n    Sous l\u2019impulsion d\u2019un chirurgical Ousmane Demb\u00e9l\u00e9, le PSG n\u2019a fait qu\u2019une bouch\u00e9e d\u2019un LOSC trop limit\u00e9 (3-0) vendredi soir lors de la 18e journ\u00e9e de Ligue 1. D\u00e9couvrez les notes des deux \u00e9quipes.<\/p>\n<p class=\"fig-paragraph\"><strong>Au Parc des Princes<\/strong><\/p>\n<p class=\"fig-paragraph\">Paris retrouve le sourire. \u00c9limin\u00e9s par le PFC\u00a0<a href=\"http:\/\/www.lefigaro.fr\/sports\/football\/coupe-de-france\/coupe-de-france-piege-par-le-paris-fc-le-psg-abandonne-son-titre-20260112\" target=\"_blank\" data-fig-type=\"NewsFlash\" rel=\"noopener\" data-gtm-custom-categorie=\"navigation\" data-gtm-custom-action=\"crossclick\" data-gtm-custom-label=\"Contextuel\" data-gtm-event=\"customEventSPE\" data-fig-domain=\"LEFIGARO\">(0-1)<\/a>\u00a0lundi en Coupe de France, les joueurs de Luis Enrique ont dispos\u00e9 de Lille\u00a0<a href=\"https:\/\/www.lefigaro.fr\/sports\/football\/live\/ligue-1\/2025\/2568593\/paris-sg-lille\" target=\"_blank\" data-fig-type=\"Live\" rel=\"noopener\" data-gtm-custom-categorie=\"navigation\" data-gtm-custom-action=\"crossclick\" data-gtm-custom-label=\"Contextuel\" data-gtm-event=\"customEventSPE\" data-fig-domain=\"LEFIGARO\">(3-0)<\/a>\u00a0ce vendredi, au Parc des Princes, lors de\u00a0<a href=\"https:\/\/www.lefigaro.fr\/sports\/football\/ligue-1\/calendrier-resultats?journee=21\" target=\"_blank\" rel=\"noopener\" data-gtm-custom-categorie=\"navigation\" data-gtm-custom-action=\"crossclick\" data-gtm-custom-label=\"Contextuel\" data-gtm-event=\"customEventSPE\">la 18e journ\u00e9e de Ligue 1<\/a>. Et ce avec un doubl\u00e9 sign\u00e9 Ousmane Demb\u00e9l\u00e9, auteur d\u2019un lob d\u2019exception pour le 2-0. Victoire qui leur permet, au moins provisoirement, de prendre les commandes\u00a0<a href=\"https:\/\/www.lefigaro.fr\/sports\/football\/ligue-1\/classement\" target=\"_blank\" rel=\"noopener\" data-gtm-custom-categorie=\"navigation\" data-gtm-custom-action=\"crossclick\" data-gtm-custom-label=\"Contextuel\" data-gtm-event=\"customEventSPE\">au classement du championnat<\/a>\u00a0devant Lens, qui recevra Auxerre samedi (17h).<\/p>\n<p class=\"fig-paragraph\"><strong>PSG<\/strong><\/p>\n<p class=\"fig-paragraph\">Sign\u00e9 Ousmane Demb\u00e9l\u00e9. S\u2019il n\u2019a pas encore retrouv\u00e9 son meilleur niveau, apr\u00e8s une premi\u00e8re partie de saison marqu\u00e9e par les blessures, le Ballon d\u2019or s\u2019en rapproche. La preuve avec son doubl\u00e9 contre le Losc, un but de chirurgien pour ouvrir le score et une r\u00e9alisation de po\u00e8te pour le break. \u00abDembouz\u00bb s\u2019est montr\u00e9 plus inspir\u00e9 que \u00abKvara\u00bb, \u00e0 qui on ne peut pas faire de reproche dans l\u2019implication.<\/p>\n<p class=\"fig-paragraph\">D\u00e9sir\u00e9 Dou\u00e9, lui, a nettement hauss\u00e9 le ton apr\u00e8s le repos. Comme souvent derni\u00e8rement, Warren Za\u00efre-Emery a fait forte impression. Nuno Mendes\u2026<\/p>\n<p class=\"fig-premium-paywall__infos\">\n        Cet article est r\u00e9serv\u00e9 aux abonn\u00e9s.        Il vous reste 73% \u00e0 d\u00e9couvrir.\n    <\/p>\n<p>                <img  data- alt=\"Le Figaro\" class=\"fig-img--complete fig-img\"\/><\/p>\n<p class=\"fig-premium-paywall__title\">Le Figaro c\u00e9l\u00e8bre ses 200 ans<\/p>\n<p class=\"fig-premium-paywall__subtitle\">Offre anniversaire : 2\u20ac\/mois pendant 200 semaines<\/p>\n<p class=\"fig-premium-paywall__connect\">\n                D\u00e9j\u00e0 abonn\u00e9\u00a0?                <a class=\"fig-premium-paywall__connect-link\" href=\"https:\/\/connect.lefigaro.fr\/login?client=horizon_web&amp;type=main&amp;redirect_uri=https%3A%2F%2Fwww.lefigaro.fr%2Fsports%2Ffootball%2Fligue-1%2Fles-notes-de-psg-lille-dembele-magique-doue-inconstant-giroud-discret-20260116\" data-js-gtm=\"{&quot;customCategorie&quot;: &quot;conversion&quot;, &quot;customAction&quot;: &quot;before_Landing_Connexion_paywall_auto&quot;, &quot;customLabel&quot;: &quot;bGVmaWdhcm8uZnJfXzFmMGYzMjU5LWQ1ZTYtNjQzYS05YzAwLWNkMTdkNWU1M2Y4OV9fTmV3c0ZsYXNo_Les notes de PSG-Lille\u00a0: Demb\u00e9l\u00e9 magique, Dou\u00e9 inconstant, Giroud discret_138&quot;, &quot;customIDSPE&quot;: &quot;bGVmaWdhcm8uZnJfXzFmMGYzMjU5LWQ1ZTYtNjQzYS05YzAwLWNkMTdkNWU1M2Y4OV9fTmV3c0ZsYXNo&quot;, &quot;event&quot;: &quot;customEventSPE&quot;}\" target=\"_blank\" rel=\"noopener\"><br \/>\n                    Connectez-vous<br \/>\n                <\/a>\n            <\/p>\n","protected":false},"excerpt":{"rendered":"Sous l\u2019impulsion d\u2019un chirurgical Ousmane Demb\u00e9l\u00e9, le PSG n\u2019a fait qu\u2019une bouch\u00e9e d\u2019un LOSC trop limit\u00e9 (3-0) vendredi&hellip;\n","protected":false},"author":2,"featured_media":668889,"comment_status":"","ping_status":"","sticky":false,"template":"","format":"standard","meta":{"footnotes":""},"categories":[9],"tags":[1011,27,66,5959,2782,93,60],"class_list":{"0":"post-668888","1":"post","2":"type-post","3":"status-publish","4":"format-standard","5":"has-post-thumbnail","7":"category-sports","8":"tag-fr","9":"tag-france","10":"tag-ligue-1","11":"tag-olivier-giroud","12":"tag-ousmane-dembele","13":"tag-psg","14":"tag-sports"},"share_on_mastodon":{"url":"https:\/\/pubeurope.com\/@fr\/115907675046209021","error":""},"_links":{"self":[{"href":"https:\/\/www.europesays.com\/fr\/wp-json\/wp\/v2\/posts\/668888","targetHints":{"allow":["GET"]}}],"collection":[{"href":"https:\/\/www.europesays.com\/fr\/wp-json\/wp\/v2\/posts"}],"about":[{"href":"https:\/\/www.europesays.com\/fr\/wp-json\/wp\/v2\/types\/post"}],"author":[{"embeddable":true,"href":"https:\/\/www.europesays.com\/fr\/wp-json\/wp\/v2\/users\/2"}],"replies":[{"embeddable":true,"href":"https:\/\/www.europesays.com\/fr\/wp-json\/wp\/v2\/comments?post=668888"}],"version-history":[{"count":0,"href":"https:\/\/www.europesays.com\/fr\/wp-json\/wp\/v2\/posts\/668888\/revisions"}],"wp:featuredmedia":[{"embeddable":true,"href":"https:\/\/www.europesays.com\/fr\/wp-json\/wp\/v2\/media\/668889"}],"wp:attachment":[{"href":"https:\/\/www.europesays.com\/fr\/wp-json\/wp\/v2\/media?parent=668888"}],"wp:term":[{"taxonomy":"category","embeddable":true,"href":"https:\/\/www.europesays.com\/fr\/wp-json\/wp\/v2\/categories?post=668888"},{"taxonomy":"post_tag","embeddable":true,"href":"https:\/\/www.europesays.com\/fr\/wp-json\/wp\/v2\/tags?post=668888"}],"curies":[{"name":"wp","href":"https:\/\/api.w.org\/{rel}","templated":true}]}}