{"id":668896,"date":"2026-01-17T00:48:17","date_gmt":"2026-01-17T00:48:17","guid":{"rendered":"https:\/\/www.europesays.com\/fr\/668896\/"},"modified":"2026-01-17T00:48:17","modified_gmt":"2026-01-17T00:48:17","slug":"des-familles-reclament-des-autopsies-pour-les-40-victimes-des-exhumations-possibles","status":"publish","type":"post","link":"https:\/\/www.europesays.com\/fr\/668896\/","title":{"rendered":"des familles r\u00e9clament des autopsies pour les 40\u00a0victimes, des exhumations possibles\u00a0?"},"content":{"rendered":"<p>\u00ab\u00a0Ce n\u2019est pas normal car face \u00e0 des morts violentes, cela devrait \u00eatre une op\u00e9ration standard. Cela aurait d\u00fb \u00eatre fait\u00a0\u00bb, a d\u00e9clar\u00e9 Me Jean-Luc Addor, qui repr\u00e9sente la famille d\u2019un adolescent. Son corps n\u2019a \u00e9t\u00e9 autopsi\u00e9 que tr\u00e8s tardivement et apr\u00e8s plusieurs demandes de sa famille.<\/p>\n<p>Des inhumations retard\u00e9es<\/p>\n<p>\u00ab\u00a0Certains ont \u00e9t\u00e9 carbonis\u00e9s, d\u2019autres ont \u00e9t\u00e9 asphyxi\u00e9s par des vapeurs toxiques\u00a0\u00bb, a indiqu\u00e9 Me Addor. D\u00e8s le 4\u00a0janvier, l\u2019avocat a demand\u00e9 au minist\u00e8re public du canton du Valais d\u2019ordonner une autopsie du corps. L\u2019inhumation \u00e9tant pr\u00e9vue le 14\u00a0janvier, l\u2019avocat a relanc\u00e9 le 12\u00a0janvier le minist\u00e8re public alors que le corps avait d\u00e9j\u00e0 \u00e9t\u00e9 \u00ab\u00a0lib\u00e9r\u00e9\u00a0\u00bb. Le minist\u00e8re public a finalement ordonn\u00e9 l\u2019autopsie, obligeant la famille \u00e0 rendre le corps et \u00e0 reporter ses obs\u00e8ques. Il a finalement pu \u00eatre inhum\u00e9 ce vendredi.<\/p>\n<p>En Suisse, les autopsies sont ordonn\u00e9es par le minist\u00e8re public.<\/p>\n<p>L\u2019ambassadeur d\u2019Italie \u00e0 Berne a \u00e9galement indiqu\u00e9 qu\u2019aucune des six victimes italiennes n\u2019avait \u00e9t\u00e9 autopsi\u00e9e en Suisse, a rapport\u00e9 vendredi le quotidien suisse Neue Z\u00fcrcher Zeitung (NZZ). En Italie, Me Alessandro Vaccaro, qui repr\u00e9sente la famille d\u2019une victime, a indiqu\u00e9 vendredi que \u00ab\u00a0le parquet de Rome a demand\u00e9 +\u00a0la mise \u00e0 disposition des corps +\u00a0afin de pouvoir proc\u00e9der \u00e0 l\u2019autopsie\u00a0\u00bb.<\/p>\n<p>Selon un rapport de la police italienne, \u00e9crit sur la base de la visite \u00e0 Crans-Montana le 4 janvier de deux m\u00e9decins l\u00e9gistes de la police scientifique italienne, \u00ab34 corps ont \u00e9t\u00e9 retrouv\u00e9s entass\u00e9s au pied de l\u2019escalier\u00bb qui reliait le sous-sol et le rez-de-chauss\u00e9e du bar, \u00abjuste \u00e0 c\u00f4t\u00e9 du d\u00e9but de la rampe en bois, qui a \u00e9t\u00e9 arrach\u00e9e par le poids des corps\u00bb. L\u2019autorit\u00e9 judiciaire suisse \u00abn\u2019a pas ordonn\u00e9 la r\u00e9alisation d\u2019autopsies ou d\u2019autres examens m\u00e9dico-l\u00e9gaux sur les corps\u00bb des Italiens d\u00e9c\u00e9d\u00e9s dans le drame, \u00abet que les certificats de d\u00e9c\u00e8s d\u00e9livr\u00e9s n\u2019indiquent pas la cause du d\u00e9c\u00e8s\u00bb.<\/p>\n<p>Enqu\u00eate pour homicide par n\u00e9gligence<\/p>\n<p>Ce drame a fait 40 morts, principalement des adolescents et jeunes adultes, et 116 bless\u00e9s, dans cette station de ski r\u00e9put\u00e9e du canton du Valais. Le drame a \u00e9t\u00e9 provoqu\u00e9 par des \u00e9tincelles de bougies \u00ab\u00a0fontaine\u00a0\u00bb entr\u00e9es en contact avec une mousse acoustique pos\u00e9e au plafond du sous-sol de l\u2019\u00e9tablissement, selon les premiers \u00e9l\u00e9ments de l\u2019enqu\u00eate.<\/p>\n<p>Une enqu\u00eate a \u00e9t\u00e9 ouverte pour homicide par n\u00e9gligence, l\u00e9sions corporelles par n\u00e9gligence et incendie par n\u00e9gligence, \u00e0 l\u2019encontre du couple de Fran\u00e7ais propri\u00e9taires du bar.<\/p>\n","protected":false},"excerpt":{"rendered":"\u00ab\u00a0Ce n\u2019est pas normal car face \u00e0 des morts violentes, cela devrait \u00eatre une op\u00e9ration standard. Cela aurait&hellip;\n","protected":false},"author":2,"featured_media":668897,"comment_status":"","ping_status":"","sticky":false,"template":"","format":"standard","meta":{"footnotes":""},"categories":[5],"tags":[11,1011,27,14,12,28],"class_list":{"0":"post-668896","1":"post","2":"type-post","3":"status-publish","4":"format-standard","5":"has-post-thumbnail","7":"category-international","8":"tag-actualites","9":"tag-fr","10":"tag-france","11":"tag-international","12":"tag-news","13":"tag-world"},"share_on_mastodon":{"url":"https:\/\/pubeurope.com\/@fr\/115907690830831032","error":""},"_links":{"self":[{"href":"https:\/\/www.europesays.com\/fr\/wp-json\/wp\/v2\/posts\/668896","targetHints":{"allow":["GET"]}}],"collection":[{"href":"https:\/\/www.europesays.com\/fr\/wp-json\/wp\/v2\/posts"}],"about":[{"href":"https:\/\/www.europesays.com\/fr\/wp-json\/wp\/v2\/types\/post"}],"author":[{"embeddable":true,"href":"https:\/\/www.europesays.com\/fr\/wp-json\/wp\/v2\/users\/2"}],"replies":[{"embeddable":true,"href":"https:\/\/www.europesays.com\/fr\/wp-json\/wp\/v2\/comments?post=668896"}],"version-history":[{"count":0,"href":"https:\/\/www.europesays.com\/fr\/wp-json\/wp\/v2\/posts\/668896\/revisions"}],"wp:featuredmedia":[{"embeddable":true,"href":"https:\/\/www.europesays.com\/fr\/wp-json\/wp\/v2\/media\/668897"}],"wp:attachment":[{"href":"https:\/\/www.europesays.com\/fr\/wp-json\/wp\/v2\/media?parent=668896"}],"wp:term":[{"taxonomy":"category","embeddable":true,"href":"https:\/\/www.europesays.com\/fr\/wp-json\/wp\/v2\/categories?post=668896"},{"taxonomy":"post_tag","embeddable":true,"href":"https:\/\/www.europesays.com\/fr\/wp-json\/wp\/v2\/tags?post=668896"}],"curies":[{"name":"wp","href":"https:\/\/api.w.org\/{rel}","templated":true}]}}