{"id":668906,"date":"2026-01-17T00:53:19","date_gmt":"2026-01-17T00:53:19","guid":{"rendered":"https:\/\/www.europesays.com\/fr\/668906\/"},"modified":"2026-01-17T00:53:19","modified_gmt":"2026-01-17T00:53:19","slug":"a-nancy-la-transformation-de-la-place-vaudemont-debute-lundi-voici-les-travaux-prevus","status":"publish","type":"post","link":"https:\/\/www.europesays.com\/fr\/668906\/","title":{"rendered":"\u00c0 Nancy, la transformation de la place Vaud\u00e9mont d\u00e9bute lundi : voici les travaux pr\u00e9vus"},"content":{"rendered":"<p>                    Par<br \/>\n        <strong><br \/>\n            <a href=\"https:\/\/actu.fr\/auteur\/pierre-emile-bouchy-actu-fr\" title=\"Consulter tous les articles de Paul-Emile Bouchy\" target=\"_blank\" rel=\"noopener\">Paul-Emile Bouchy<\/a><br \/>\n                    <\/strong><\/p>\n<p>        Publi\u00e9 le<\/p>\n<p>            16 janv. 2026 \u00e0 17h41        <\/p>\n<p>Alors que les travaux s\u2019ach\u00e8vent <a href=\"https:\/\/actu.fr\/grand-est\/nancy_54395\/vegetalisation-a-nancy-voici-a-quoi-va-ressembler-cette-rue-pres-de-la-place-stanislas_61618892.html\" target=\"_blank\" rel=\"noopener\">rue Gustave-Simon<\/a>, un chantier va bient\u00f4t d\u00e9buter quelques m\u00e8tres plus loin\u2009: <strong>place Vaud\u00e9mont<\/strong>.<\/p>\n<p class=\" wall-content\">\u00c0 partir de ce lundi 19 janvier, le projet de <a href=\"https:\/\/actu.fr\/grand-est\/nancy_54395\/a-nancy-cette-place-tres-frequentee-va-etre-transformee-en-2025-decouvrez-le-projet_61620233.html\" target=\"_blank\" rel=\"noopener\">transformation de cette place tr\u00e8s fr\u00e9quent\u00e9e<\/a> sera lanc\u00e9. Voici ce qui est pr\u00e9vu.<\/p>\n<p>Des plantations et un meilleur cheminement pour les pi\u00e9tons<\/p>\n<p class=\" wall-content\">Durant les trois semaines \u00e0 venir, les travaux suivants vont \u00eatre r\u00e9alis\u00e9s sur la place Vaud\u00e9mont\u2009:<\/p>\n<ul class=\" wall-content\">\n<li>d\u00e9pose de pav\u00e9s,<\/li>\n<li>cr\u00e9ation des fosses de plantations,<\/li>\n<li>terrassement,<\/li>\n<li>pose du mobilier urbain.<\/li>\n<\/ul>\n<p class=\" wall-content\">Les plantations auront lieu en mars prochain.<\/p>\n<p>Une transformation dans le cadre du chemin pi\u00e9ton<\/p>\n<p class=\" wall-content\">Ce projet pr\u00e9sent\u00e9 en septembre\u00a02024 lors d\u2019une r\u00e9union publique pr\u00e9voit <strong>une meilleure d\u00e9limitation de la place<\/strong> avec la plantation d\u2019arbres et de la v\u00e9g\u00e9talisation, <strong>une am\u00e9lioration des cheminements pi\u00e9tons<\/strong> et <strong>la cr\u00e9ation d\u2019assises publiques<\/strong>.<\/p>\n<p>    <img   decoding=\"async\" loading=\"lazy\" src=\"https:\/\/www.europesays.com\/fr\/wp-content\/uploads\/2026\/01\/place-vaudemont-nancy-projet-2025-960x640.jpg\" alt=\"Avec la plantation de deux arbres et une r\u00e9organisation des terrasses, la place Vaud\u00e9mont va changer de visage. \" width=\"960\" height=\"640\"\/><br \/>\n    Avec la plantation de deux arbres et une r\u00e9organisation des terrasses, la place Vaud\u00e9mont va changer de visage. (\u00a9Ville de Nancy)<\/p>\n<p>Votre r\u00e9gion, votre actu !<\/p>\n<p>Recevez chaque jour les infos qui comptent pour vous.<\/p>\n<p>\t<a href=\"https:\/\/actu.fr\/newsletter\" class=\"ac-btn ac-btn--corner ac-btn--medium ac-btn--blue800\" target=\"_blank\" rel=\"noopener\">S&rsquo;incrire<\/a><\/p>\n<p class=\" wall-content\">Cette transformation s\u2019inscrit dans le cadre de <strong>la deuxi\u00e8me phase d\u2019am\u00e9nagement du chemin pi\u00e9ton<\/strong> qui concernera ensuite la <a href=\"https:\/\/actu.fr\/grand-est\/nancy_54395\/photos-a-nancy-le-secteur-de-la-place-de-l-arsenal-va-se-transformer-decouvrez-le-projet_62739140.html\" target=\"_blank\" rel=\"noopener\">place de l\u2019Arsenal<\/a>.<\/p>\n<p class=\" wall-content\">Personnalisez votre actualit\u00e9 en ajoutant vos villes et m\u00e9dias en favori avec <a href=\"https:\/\/moncompte.actu.fr\" title=\"D\u00e9couvez Mon Actu\" rel=\"nofollow noopener\" data-trk=\"{&quot;cta&quot;:{&quot;action&quot;:&quot;https:\\\/\\\/moncompte.actu.fr&quot;,&quot;category&quot;:&quot;mon compte&quot;,&quot;from&quot;:&quot;article footer&quot;,&quot;name&quot;:&quot;Mon actu&quot;,&quot;type&quot;:&quot;cta&quot;}}\" target=\"_blank\">Mon Actu<\/a>.<\/p>\n","protected":false},"excerpt":{"rendered":"Par Paul-Emile Bouchy Publi\u00e9 le 16 janv. 2026 \u00e0 17h41 Alors que les travaux s\u2019ach\u00e8vent rue Gustave-Simon, un&hellip;\n","protected":false},"author":2,"featured_media":668907,"comment_status":"","ping_status":"","sticky":false,"template":"","format":"standard","meta":{"footnotes":""},"categories":[9635],"tags":[1111,11,1777,674,1011,27,775,1702,12,25,104,2086],"class_list":{"0":"post-668906","1":"post","2":"type-post","3":"status-publish","4":"format-standard","5":"has-post-thumbnail","7":"category-nancy","8":"tag-actu","9":"tag-actualites","10":"tag-eu","11":"tag-europe","12":"tag-fr","13":"tag-france","14":"tag-grand-est","15":"tag-nancy","16":"tag-news","17":"tag-republique-francaise","18":"tag-societe","19":"tag-travaux"},"share_on_mastodon":{"url":"https:\/\/pubeurope.com\/@fr\/115907710454801052","error":""},"_links":{"self":[{"href":"https:\/\/www.europesays.com\/fr\/wp-json\/wp\/v2\/posts\/668906","targetHints":{"allow":["GET"]}}],"collection":[{"href":"https:\/\/www.europesays.com\/fr\/wp-json\/wp\/v2\/posts"}],"about":[{"href":"https:\/\/www.europesays.com\/fr\/wp-json\/wp\/v2\/types\/post"}],"author":[{"embeddable":true,"href":"https:\/\/www.europesays.com\/fr\/wp-json\/wp\/v2\/users\/2"}],"replies":[{"embeddable":true,"href":"https:\/\/www.europesays.com\/fr\/wp-json\/wp\/v2\/comments?post=668906"}],"version-history":[{"count":0,"href":"https:\/\/www.europesays.com\/fr\/wp-json\/wp\/v2\/posts\/668906\/revisions"}],"wp:featuredmedia":[{"embeddable":true,"href":"https:\/\/www.europesays.com\/fr\/wp-json\/wp\/v2\/media\/668907"}],"wp:attachment":[{"href":"https:\/\/www.europesays.com\/fr\/wp-json\/wp\/v2\/media?parent=668906"}],"wp:term":[{"taxonomy":"category","embeddable":true,"href":"https:\/\/www.europesays.com\/fr\/wp-json\/wp\/v2\/categories?post=668906"},{"taxonomy":"post_tag","embeddable":true,"href":"https:\/\/www.europesays.com\/fr\/wp-json\/wp\/v2\/tags?post=668906"}],"curies":[{"name":"wp","href":"https:\/\/api.w.org\/{rel}","templated":true}]}}