{"id":66891,"date":"2025-05-01T12:39:09","date_gmt":"2025-05-01T12:39:09","guid":{"rendered":"https:\/\/www.europesays.com\/fr\/66891\/"},"modified":"2025-05-01T12:39:09","modified_gmt":"2025-05-01T12:39:09","slug":"une-treizieme-coureuse-pour-arkea-bb-hotels-actualite","status":"publish","type":"post","link":"https:\/\/www.europesays.com\/fr\/66891\/","title":{"rendered":"Une treizi\u00e8me coureuse pour Ark\u00e9a-B&#038;B H\u00f4tels &#8211; Actualit\u00e9"},"content":{"rendered":"<p style=\"text-align: justify;\">Treize athl\u00e8tes figurent d\u00e9sormais dans l\u2019effectif de l\u2019\u00e9quipe f\u00e9minine d\u2019Ark\u00e9a-B&amp;B H\u00f4tels. La ProTeam bretonne a en effet engag\u00e9 Cl\u00e9mence Latimier, qui devait initialement \u00eatre stagiaire, comme la saison derni\u00e8re, \u00e0 partir du 1er ao\u00fbt prochain. D\u00e9j\u00e0 inscrite \u00e0 l\u2019UCI, elle devrait d\u00e9buter sous ses nouvelles couleurs la semaine prochaine sur les courses professionnelles en Bretagne.<\/p>\n<p>Avec son club, le Chamb\u00e9ry Cyclisme Comp\u00e9tition, l\u2019Is\u00e9roise de 21 ans a termin\u00e9 en ce d\u00e9but de saison 4e de la Montoirienne Ladies, 7e d\u2019une \u00e9tape de l\u2019Altitude Tour F\u00e9minin Gard ou encore 10e des Reines de la Cisse.<\/p>\n","protected":false},"excerpt":{"rendered":"Treize athl\u00e8tes figurent d\u00e9sormais dans l\u2019effectif de l\u2019\u00e9quipe f\u00e9minine d\u2019Ark\u00e9a-B&amp;B H\u00f4tels. La ProTeam bretonne a en effet engag\u00e9&hellip;\n","protected":false},"author":2,"featured_media":66892,"comment_status":"","ping_status":"","sticky":false,"template":"","format":"standard","meta":{"footnotes":""},"categories":[1411],"tags":[834,828,836,829,837,827,83,826,824,823,1154,207,814,817,815,816,822,821,832,211,839,1011,27,820,818,819,835,831,830,833,838,60,212,208,825],"class_list":{"0":"post-66891","1":"post","2":"type-post","3":"status-publish","4":"format-standard","5":"has-post-thumbnail","7":"category-cyclisme","8":"tag-attaque","9":"tag-belgique","10":"tag-braquet","11":"tag-bretagne","12":"tag-chute","13":"tag-competition","14":"tag-coupe-de-france","15":"tag-coureur","16":"tag-course-cyclisme","17":"tag-course-cycliste","18":"tag-cycling","19":"tag-cyclisme","20":"tag-direct","21":"tag-direct-velo","22":"tag-directvelo","23":"tag-directvelo-com","24":"tag-epreuve","25":"tag-epreuve-cycliste","26":"tag-federation-francaise-de-cyclisme","27":"tag-ffc","28":"tag-flandres","29":"tag-fr","30":"tag-france","31":"tag-live","32":"tag-live-course","33":"tag-live-epreuve","34":"tag-peloton","35":"tag-radio-peloton","36":"tag-radio-tour","37":"tag-ravitaillement","38":"tag-relance","39":"tag-sports","40":"tag-uci","41":"tag-velo","42":"tag-velos"},"share_on_mastodon":{"url":"https:\/\/pubeurope.com\/@fr\/114432623506270734","error":""},"_links":{"self":[{"href":"https:\/\/www.europesays.com\/fr\/wp-json\/wp\/v2\/posts\/66891","targetHints":{"allow":["GET"]}}],"collection":[{"href":"https:\/\/www.europesays.com\/fr\/wp-json\/wp\/v2\/posts"}],"about":[{"href":"https:\/\/www.europesays.com\/fr\/wp-json\/wp\/v2\/types\/post"}],"author":[{"embeddable":true,"href":"https:\/\/www.europesays.com\/fr\/wp-json\/wp\/v2\/users\/2"}],"replies":[{"embeddable":true,"href":"https:\/\/www.europesays.com\/fr\/wp-json\/wp\/v2\/comments?post=66891"}],"version-history":[{"count":0,"href":"https:\/\/www.europesays.com\/fr\/wp-json\/wp\/v2\/posts\/66891\/revisions"}],"wp:featuredmedia":[{"embeddable":true,"href":"https:\/\/www.europesays.com\/fr\/wp-json\/wp\/v2\/media\/66892"}],"wp:attachment":[{"href":"https:\/\/www.europesays.com\/fr\/wp-json\/wp\/v2\/media?parent=66891"}],"wp:term":[{"taxonomy":"category","embeddable":true,"href":"https:\/\/www.europesays.com\/fr\/wp-json\/wp\/v2\/categories?post=66891"},{"taxonomy":"post_tag","embeddable":true,"href":"https:\/\/www.europesays.com\/fr\/wp-json\/wp\/v2\/tags?post=66891"}],"curies":[{"name":"wp","href":"https:\/\/api.w.org\/{rel}","templated":true}]}}