{"id":668910,"date":"2026-01-17T00:56:14","date_gmt":"2026-01-17T00:56:14","guid":{"rendered":"https:\/\/www.europesays.com\/fr\/668910\/"},"modified":"2026-01-17T00:56:14","modified_gmt":"2026-01-17T00:56:14","slug":"la-defaite-dedimbourg-est-une-excellente-nouvelle-pour-le-rc-toulon","status":"publish","type":"post","link":"https:\/\/www.europesays.com\/fr\/668910\/","title":{"rendered":"La d\u00e9faite d\u2019\u00c9dimbourg est une excellente nouvelle pour le RC Toulon"},"content":{"rendered":"<p>Ce samedi, le Rugby Club Toulonnais d\u00e9fiera Gloucester, en Angleterre, \u00e0 l\u2019occasion de la 4\u00e8me journ\u00e9e de la Champions Cup.<\/p>\n<p>Pour le RCT, la mission est claire : s\u2019imposer en Angleterre pour valider son billet pour la phase finale de la comp\u00e9tition.<\/p>\n<p>Et bonne nouvelle pour le XV de la Rade avant m\u00eame son match contre Gloucester.<\/p>\n<p>Ce vendredi soir, les \u00c9cossais d\u2019Edimbourg se sont lourdement inclin\u00e9s sur la pelouse de Bath.<\/p>\n<p>Gr\u00e2ce \u00e0 cette large victoire bonifi\u00e9e remport\u00e9e contre \u00c9dimbourg, Bath est assur\u00e9 de terminer leader de la poule 2 avec ses 16 points au classement.<\/p>\n<p>Surtout, la d\u00e9faite d\u2019Edimbourg est une excellente nouvelle pour le RCT.<\/p>\n<p>En effet, le club Varois est d\u00e9sormais assur\u00e9 de terminer 2\u00e8me de sa poule en cas de victoire contre Gloucester, samedi soir.<\/p>\n<p>Et pour cause, \u00c9dimbourg compte 10 points au classement et le RCT en compte 9 avant son match contre Gloucester.<\/p>\n<p>Avec une victoire en Angleterre, le RCT totaliserait 13 points au classement et serait donc deuxi\u00e8me de la poule 2.<\/p>\n<p>Cette deuxi\u00e8me place pourrait permettre aux Toulonnais d\u2019assurer un huiti\u00e8me de finale \u00e0 domicile.<\/p>\n<p>Maintenant, le RCT doit faire le travail sur la pelouse de Gloucester.<\/p>\n","protected":false},"excerpt":{"rendered":"Ce samedi, le Rugby Club Toulonnais d\u00e9fiera Gloucester, en Angleterre, \u00e0 l\u2019occasion de la 4\u00e8me journ\u00e9e de la&hellip;\n","protected":false},"author":2,"featured_media":581370,"comment_status":"","ping_status":"","sticky":false,"template":"","format":"standard","meta":{"footnotes":""},"categories":[9619],"tags":[1111,11,1777,674,1011,27,12,882,25,2310],"class_list":{"0":"post-668910","1":"post","2":"type-post","3":"status-publish","4":"format-standard","5":"has-post-thumbnail","7":"category-toulon","8":"tag-actu","9":"tag-actualites","10":"tag-eu","11":"tag-europe","12":"tag-fr","13":"tag-france","14":"tag-news","15":"tag-provence-alpes-cote-dazur","16":"tag-republique-francaise","17":"tag-toulon"},"share_on_mastodon":{"url":"https:\/\/pubeurope.com\/@fr\/115907722251970858","error":""},"_links":{"self":[{"href":"https:\/\/www.europesays.com\/fr\/wp-json\/wp\/v2\/posts\/668910","targetHints":{"allow":["GET"]}}],"collection":[{"href":"https:\/\/www.europesays.com\/fr\/wp-json\/wp\/v2\/posts"}],"about":[{"href":"https:\/\/www.europesays.com\/fr\/wp-json\/wp\/v2\/types\/post"}],"author":[{"embeddable":true,"href":"https:\/\/www.europesays.com\/fr\/wp-json\/wp\/v2\/users\/2"}],"replies":[{"embeddable":true,"href":"https:\/\/www.europesays.com\/fr\/wp-json\/wp\/v2\/comments?post=668910"}],"version-history":[{"count":0,"href":"https:\/\/www.europesays.com\/fr\/wp-json\/wp\/v2\/posts\/668910\/revisions"}],"wp:featuredmedia":[{"embeddable":true,"href":"https:\/\/www.europesays.com\/fr\/wp-json\/wp\/v2\/media\/581370"}],"wp:attachment":[{"href":"https:\/\/www.europesays.com\/fr\/wp-json\/wp\/v2\/media?parent=668910"}],"wp:term":[{"taxonomy":"category","embeddable":true,"href":"https:\/\/www.europesays.com\/fr\/wp-json\/wp\/v2\/categories?post=668910"},{"taxonomy":"post_tag","embeddable":true,"href":"https:\/\/www.europesays.com\/fr\/wp-json\/wp\/v2\/tags?post=668910"}],"curies":[{"name":"wp","href":"https:\/\/api.w.org\/{rel}","templated":true}]}}