{"id":668922,"date":"2026-01-17T01:04:12","date_gmt":"2026-01-17T01:04:12","guid":{"rendered":"https:\/\/www.europesays.com\/fr\/668922\/"},"modified":"2026-01-17T01:04:12","modified_gmt":"2026-01-17T01:04:12","slug":"previsions-du-samedi-17-janvier-2026-2","status":"publish","type":"post","link":"https:\/\/www.europesays.com\/fr\/668922\/","title":{"rendered":"pr\u00e9visions du samedi 17 janvier 2026"},"content":{"rendered":"<p>\u00c0 Rennes, les valeurs avoisineront les 8\u00b0C au cours de la journ\u00e9e. Un vent de sud-est rafra\u00eechira quelque peu l&rsquo;atmosph\u00e8re. Le brouillard va se former dans la matin\u00e9e. Des \u00e9claircies feront leur apparition dans l&rsquo;apr\u00e8s-midi. Les temp\u00e9ratures afficheront entre 7\u00b0C et 11\u00b0C. Il va faire 6\u00b0C en moyenne le soir. On pr\u00e9voit une nuit brumeuse entre samedi et dimanche.<\/p>\n<p>Demain, le soleil sera cach\u00e9 derri\u00e8re des nuages \u00e0 Rennes, o\u00f9 le ciel sera maussade. Il fera environ 8\u00b0C. Une petite brise de sud-est sera ressentie par les habitants. Le matin, toujours des nuages dans le ciel qui emp\u00eachent le soleil d&rsquo;appara\u00eetre. Des pluies \u00e9parses sont pr\u00e9vues. On pr\u00e9voit des valeurs avoisinant 9\u00b0C. On notera la pr\u00e9sence persistante de nuages demain apr\u00e8s-midi. Les temp\u00e9ratures iront de 8 \u00e0 9\u00b0C. La grisaille ne se disperse toujours pas, il y aura encore de l\u00e9gers nuages demain soir. Le thermom\u00e8tre affichera 7\u00b0C en moyenne.<\/p>\n<p>Les conditions m\u00e9t\u00e9orologiques seront nuageuses lundi mais elles conna\u00eetront une am\u00e9lioration mardi.<\/p>\n<p>Restez vigilant en voiture ! Les conditions m\u00e9t\u00e9orologiques n&rsquo;y \u00e9tant pas favorables, \u00e9vitez les longs d\u00e9placements, pensez \u00e0 rouler doucement et \u00e0 utiliser votre frein moteur.<\/p>\n","protected":false},"excerpt":{"rendered":"\u00c0 Rennes, les valeurs avoisineront les 8\u00b0C au cours de la journ\u00e9e. Un vent de sud-est rafra\u00eechira quelque&hellip;\n","protected":false},"author":2,"featured_media":668923,"comment_status":"","ping_status":"","sticky":false,"template":"","format":"standard","meta":{"footnotes":""},"categories":[2821],"tags":[1111,11,829,1777,674,1011,27,12,2119,584,25],"class_list":{"0":"post-668922","1":"post","2":"type-post","3":"status-publish","4":"format-standard","5":"has-post-thumbnail","7":"category-rennes","8":"tag-actu","9":"tag-actualites","10":"tag-bretagne","11":"tag-eu","12":"tag-europe","13":"tag-fr","14":"tag-france","15":"tag-news","16":"tag-previsions-meteo","17":"tag-rennes","18":"tag-republique-francaise"},"share_on_mastodon":{"url":"https:\/\/pubeurope.com\/@fr\/115907753747389142","error":""},"_links":{"self":[{"href":"https:\/\/www.europesays.com\/fr\/wp-json\/wp\/v2\/posts\/668922","targetHints":{"allow":["GET"]}}],"collection":[{"href":"https:\/\/www.europesays.com\/fr\/wp-json\/wp\/v2\/posts"}],"about":[{"href":"https:\/\/www.europesays.com\/fr\/wp-json\/wp\/v2\/types\/post"}],"author":[{"embeddable":true,"href":"https:\/\/www.europesays.com\/fr\/wp-json\/wp\/v2\/users\/2"}],"replies":[{"embeddable":true,"href":"https:\/\/www.europesays.com\/fr\/wp-json\/wp\/v2\/comments?post=668922"}],"version-history":[{"count":0,"href":"https:\/\/www.europesays.com\/fr\/wp-json\/wp\/v2\/posts\/668922\/revisions"}],"wp:featuredmedia":[{"embeddable":true,"href":"https:\/\/www.europesays.com\/fr\/wp-json\/wp\/v2\/media\/668923"}],"wp:attachment":[{"href":"https:\/\/www.europesays.com\/fr\/wp-json\/wp\/v2\/media?parent=668922"}],"wp:term":[{"taxonomy":"category","embeddable":true,"href":"https:\/\/www.europesays.com\/fr\/wp-json\/wp\/v2\/categories?post=668922"},{"taxonomy":"post_tag","embeddable":true,"href":"https:\/\/www.europesays.com\/fr\/wp-json\/wp\/v2\/tags?post=668922"}],"curies":[{"name":"wp","href":"https:\/\/api.w.org\/{rel}","templated":true}]}}