{"id":668924,"date":"2026-01-17T01:05:14","date_gmt":"2026-01-17T01:05:14","guid":{"rendered":"https:\/\/www.europesays.com\/fr\/668924\/"},"modified":"2026-01-17T01:05:14","modified_gmt":"2026-01-17T01:05:14","slug":"aujourdhui-strasbourg-manifeste-pour-soutenir-le-peuple-iranien","status":"publish","type":"post","link":"https:\/\/www.europesays.com\/fr\/668924\/","title":{"rendered":"aujourd&rsquo;hui, Strasbourg manifeste pour soutenir le peuple iranien"},"content":{"rendered":"<p>    <img loading=\"lazy\" width=\"1800\" height=\"900\" src=\"https:\/\/www.europesays.com\/fr\/wp-content\/uploads\/2025\/11\/jeanne-callthepolice.jpg\" class=\"attachment-full size-full\" alt=\"\" id=\"imageLove\" decoding=\"async\"  \/><\/p>\n<p id=\"breadcrumbs\"><a href=\"https:\/\/pokaa.fr\/\" target=\"_blank\" rel=\"noopener\">Accueil<\/a> \/ <a href=\"https:\/\/pokaa.fr\/categories\/actu\/\" target=\"_blank\" rel=\"noopener\">Info locale<\/a> \/ Des milliers de morts : aujourd\u2019hui, Strasbourg manifeste pour soutenir le peuple iranien<\/p>\n<p>                    Info locale<\/p>\n<p><b>Apr\u00e8s un premier soutien adress\u00e9 au peuple iranien le 10 janvier sur la place Kl\u00e9ber \u00e0 Strasbourg, la mobilisation continue. Une nouvelle manifestation se tiendra ce samedi 17 janvier au m\u00eame endroit, d\u00e8s 15h.\u00a0<\/b><\/p>\n<p>Depuis les premi\u00e8res manifestations contre le r\u00e9gime des mollahs en Iran fin d\u00e9cembre, les autorit\u00e9s du pays continuent jour apr\u00e8s jour <strong>leur r\u00e9pression sanglante et meurtri\u00e8re<\/strong>. Pour l\u2019heure, il est impossible d\u2019<strong>estimer pr\u00e9cis\u00e9ment le nombre de morts <\/strong>du c\u00f4t\u00e9 des manifestant(e)s, en raison notamment <a href=\"https:\/\/www.france24.com\/fr\/asie-pacifique\/20260115-en-direct-internet-toujours-coup\u00e9-le-pouvoir-maintient-la-pression-sur-les-manifestants\" target=\"_blank\" rel=\"noopener\">de la coupure d\u2019Internet<\/a>\u00a0organis\u00e9e par le r\u00e9gime en place.<\/p>\n<\/p>\n<p>N\u00e9anmoins, plusieurs sources tentent de faire des bilans provisoires. Une organisation am\u00e9ricaine de d\u00e9fense des droits humains <strong>fait \u00e9tat de <a href=\"https:\/\/www.reuters.com\/world\/least-2571-killed-irans-protests-us-based-rights-group-hrana-says-2026-01-14\/\" target=\"_blank\" rel=\"noopener\">2 500 personnes tu\u00e9es\u2026<\/a><\/strong> Le bilan s\u2019\u00e9l\u00e8verait \u00e0 plus de 3 400 personnes selon<a href=\"https:\/\/www.la-croix.com\/international\/iran-human-rights-l-ong-qui-compte-les-victimes-de-la-sanglante-repression-20260116\" target=\"_blank\" rel=\"noopener\"> l\u2019ONG Iran Human Rights<\/a>, alors que <a href=\"https:\/\/www.iranintl.com\/en\/202601130145\" target=\"_blank\" rel=\"noopener\">la cha\u00eene de t\u00e9l\u00e9vision d\u2019opposition Iran International<\/a>, bas\u00e9e \u00e0 Londres, <strong>avancerait plus de 12 000 <\/strong><strong>morts<\/strong> en l\u2019espace de deux semaines (et jusqu\u2019\u00e0 20 000).<\/p>\n<p>    <img width=\"800\" height=\"457\" src=\"https:\/\/www.europesays.com\/fr\/wp-content\/uploads\/2026\/01\/1768611914_133_z2-800x457.jpg\" class=\"attachment-image-size-L size-image-size-L\" alt=\"Iran\" decoding=\"async\" loading=\"lazy\"  \/>         \u00a9 Ted Eytan \/ Capture d&rsquo;\u00e9cran <\/p>\n<p>Une nouvelle journ\u00e9e de mobilisation ce samedi 17 janvier<\/p>\n<p>En r\u00e9ponse, ce samedi 17 janvier,<strong> \u00e0 l\u2019appel des collectifs \u00ab Femme, Vie, Libert\u00e9 \u00bb et Non \u00e0 la peine de mort en Iran<\/strong>, une nouvelle journ\u00e9e de mobilisation se tiendra \u00e0 Strasbourg.<\/p>\n<p><strong>Au d\u00e9part de la place Kl\u00e9ber \u00e0 15h<\/strong>, le convoi se d\u00e9placera dans le centre-ville durant l\u2019apr\u00e8s-midi.<\/p>\n<p>    <img width=\"450\" height=\"600\" src=\"https:\/\/www.europesays.com\/fr\/wp-content\/uploads\/2026\/01\/617137043-18548415037022918-829348989149952898-n-450x600.jpg\" class=\"attachment-image-size-M size-image-size-M\" alt=\"Appel \u00e0 la mobilisation Iran\" decoding=\"async\" loading=\"lazy\"  \/>         \u00a9 Diaako Alavi \/ Capture d&rsquo;\u00e9cran <\/p>\n","protected":false},"excerpt":{"rendered":"Accueil \/ Info locale \/ Des milliers de morts : aujourd\u2019hui, Strasbourg manifeste pour soutenir le peuple iranien&hellip;\n","protected":false},"author":2,"featured_media":668925,"comment_status":"","ping_status":"","sticky":false,"template":"","format":"standard","meta":{"footnotes":""},"categories":[2820],"tags":[1111,11,1777,674,1011,27,775,3019,2088,12,17047,25,640,58524,10734],"class_list":{"0":"post-668924","1":"post","2":"type-post","3":"status-publish","4":"format-standard","5":"has-post-thumbnail","7":"category-strasbourg","8":"tag-actu","9":"tag-actualites","10":"tag-eu","11":"tag-europe","12":"tag-fr","13":"tag-france","14":"tag-grand-est","15":"tag-iran","16":"tag-manifestation","17":"tag-news","18":"tag-repression","19":"tag-republique-francaise","20":"tag-strasbourg","21":"tag-strasbourg-actualite","22":"tag-teheran"},"share_on_mastodon":{"url":"https:\/\/pubeurope.com\/@fr\/115907757785607910","error":""},"_links":{"self":[{"href":"https:\/\/www.europesays.com\/fr\/wp-json\/wp\/v2\/posts\/668924","targetHints":{"allow":["GET"]}}],"collection":[{"href":"https:\/\/www.europesays.com\/fr\/wp-json\/wp\/v2\/posts"}],"about":[{"href":"https:\/\/www.europesays.com\/fr\/wp-json\/wp\/v2\/types\/post"}],"author":[{"embeddable":true,"href":"https:\/\/www.europesays.com\/fr\/wp-json\/wp\/v2\/users\/2"}],"replies":[{"embeddable":true,"href":"https:\/\/www.europesays.com\/fr\/wp-json\/wp\/v2\/comments?post=668924"}],"version-history":[{"count":0,"href":"https:\/\/www.europesays.com\/fr\/wp-json\/wp\/v2\/posts\/668924\/revisions"}],"wp:featuredmedia":[{"embeddable":true,"href":"https:\/\/www.europesays.com\/fr\/wp-json\/wp\/v2\/media\/668925"}],"wp:attachment":[{"href":"https:\/\/www.europesays.com\/fr\/wp-json\/wp\/v2\/media?parent=668924"}],"wp:term":[{"taxonomy":"category","embeddable":true,"href":"https:\/\/www.europesays.com\/fr\/wp-json\/wp\/v2\/categories?post=668924"},{"taxonomy":"post_tag","embeddable":true,"href":"https:\/\/www.europesays.com\/fr\/wp-json\/wp\/v2\/tags?post=668924"}],"curies":[{"name":"wp","href":"https:\/\/api.w.org\/{rel}","templated":true}]}}