{"id":668926,"date":"2026-01-17T01:06:20","date_gmt":"2026-01-17T01:06:20","guid":{"rendered":"https:\/\/www.europesays.com\/fr\/668926\/"},"modified":"2026-01-17T01:06:20","modified_gmt":"2026-01-17T01:06:20","slug":"syndicalisme-cest-lhistoire-de-deux-mecs-qui-discutent-de-la-manif-du-20-janvier-a-strasbourg","status":"publish","type":"post","link":"https:\/\/www.europesays.com\/fr\/668926\/","title":{"rendered":"Syndicalisme | C\u2019est l\u2019histoire de deux mecs qui discutent de la manif du 20 janvier \u00e0 Strasbourg"},"content":{"rendered":"<p>\u2014\u00a0Alors, t\u2019as r\u00e9fl\u00e9chi pour la semaine prochaine ?<br \/>\u2014\u00a0\u00c0 quoi ?<br \/>\u2014\u00a0\u00c0 Strasbourg. La <a href=\"https:\/\/www.action-agricole-picarde.com\/dun-parlement-lautre-une-grosse-manif-attendue-le-20-janvier-strasbourg\" target=\"_blank\" rel=\"noopener\" data-entity-type=\"node\" data-entity-uuid=\"053d8549-75c2-4dda-9dda-f497edac45a3\" data-entity-substitution=\"canonical\" title=\"D\u2019un parlement \u00e0 l\u2019autre, une grosse manif attendue le 20 janvier \u00e0 Strasbourg\">manif<\/a>, mardi\u00a0!<br \/>\u2014\u00a0Ouais\u2026 bof. Encore une journ\u00e9e \u00e0 perdre, pour se cailler, \u00e9couter des discours, et revenir avec un bonnet de la F\u00e9d\u00e9\u2026<\/p>\n<p>\u2014\u00a0Toujours aussi motivant, toi.<br \/>\u2014\u00a0Je dis juste que j\u2019ai des betteraves \u00e0 sortir, pas du temps \u00e0 perdre dans un bus.<br \/>\u2014\u00a0Justement. Si tu veux continuer \u00e0 en sortir dans cinq ou dix ans, c\u2019est maintenant qu\u2019il faut bouger.<\/p>\n<p>\u2026<\/p>\n<p>\u2014\u00a0On ne monte pas juste pour faire du bruit. On monte parce qu\u2019on est en train de nous vendre avec le Mercosur. Des accords commerciaux avec des produits qu\u2019on n\u2019a pas le droit de produire chez nous, avec des normes qu\u2019on nous impose, mais qu\u2019eux n\u2019ont pas. \u00c7a, c\u2019est pas du commerce, c\u2019est de la concurrence d\u00e9loyale organis\u00e9e.<br \/>\u2014\u00a0Ouais, \u00e7a, j\u2019avoue que \u00e7a m\u2019\u00e9nerve.<br \/>\u2014\u00a0Ben voil\u00e0. Et si on ne dit rien, ils signent tranquille, et apr\u00e8s on nous expliquera qu\u2019il faut \u201cs\u2019adapter\u201d.<\/p>\n<p>\u2014\u00a0Et puis il y a la PAC. On ne parle m\u00eame plus de l\u2019am\u00e9liorer, on parle de la maintenir. Juste la maintenir. Parce que sans la PAC, soyons honn\u00eates, beaucoup de fermes ne tiennent pas debout.<br \/>\u2014\u00a0C\u2019est clair. Moi, sans les aides, je ferme la boutique&#8230;<br \/>\u2014\u00a0Ben on est beaucoup dans ce cas. Et ce n\u2019est pas de l\u2019assistanat, c\u2019est une politique agricole. Une vraie. Ou plut\u00f4t ce qu\u2019il en reste.<\/p>\n<p>\u2014\u00a0Et la taxe sur les engrais, tu en penses quoi ?<br \/>\u2014\u00a0Que c\u2019est une blague.<br \/>\u2014\u00a0Une blague tr\u00e8s ch\u00e8re. On nous demande de produire plus propre, plus local, plus tra\u00e7able, et en m\u00eame temps on veut nous taxer nos outils de production. C\u2019est comme si on taxait le carburant des pompiers pendant l\u2019incendie.<\/p>\n<p>\u2014\u00a0Vu comme \u00e7a\u2026<br \/>\u2014\u00a0Et encore, je ne te parle m\u00eame pas de la paperasse, des contr\u00f4les, des injonctions contradictoires. Mais l\u00e0, Strasbourg, c\u2019est clair : Mercosur, PAC, engrais. C\u2019est pas du flou, c\u2019est du concret.<\/p>\n<p>\u2026<\/p>\n<p>\u2014\u00a0Mon p\u00e8re, quand il montait manifester, il disait toujours : \u201cOn y va pas pour le plaisir, on y va parce qu\u2019on n\u2019a plus le choix.\u201d<br \/>\u2014\u00a0Exactement. Et aujourd\u2019hui, on n\u2019a plus le choix non plus. Si on laisse passer \u00e7a, on va juste subir encore plus demain.<\/p>\n<p>\u2014\u00a0Et les gamins ?<br \/>\u2014\u00a0Les miens y vont avec les JA. Et franchement, \u00e7a me ferait quelque chose qu\u2019ils montent seuls pendant que nous, on reste au cul du tracteur \u00e0 dire que \u00e7a sert \u00e0 rien.<br \/>\u2014\u00a0C\u2019est vrai.<\/p>\n<p>\u2014\u00a0Et puis soyons honn\u00eates : la F\u00e9d\u00e9 met les bus, le sandwich est offert. Ce sera pas de la choucroute, mais d\u2019habitude, c\u2019est quand m\u00eame bien.<br \/>\u2014\u00a0\u00c7a d\u00e9pend du jambon.<br \/>\u2014\u00a0Arr\u00eate, tu manges pire \u00e0 la moisson.<\/p>\n<p>\u2026<\/p>\n<p>\u2014\u00a0Bon\u2026 et on part \u00e0 quelle heure ?<br \/>\u2014\u00a0Minuit si tu pars d\u2019Abbeville\u00a0; 00h15 \u00e0 Amiens\u00a0; et \u00e0 1h, d\u2019Estr\u00e9es-Deni\u00e9court.\u00a0<br \/>\u2014\u00a0Ah, t\u2019es chiant.<br \/>\u2014\u00a0Mais on d\u00e9fend notre m\u00e9tier.<br \/>\u2014\u00a0Bon\u2026 tu m\u2019inscris. Mais si la taxe sur les engrais passe quand m\u00eame, je viendrai r\u00e2ler chez toi.<br \/>\u2014\u00a0Avec plaisir. Et on r\u00e2lera ensemble. Comme nos p\u00e8res. Et comme nos gamins.<\/p>\n<p><strong>La FDSEA de la Somme organise plusieurs d\u00e9parts vers Strasbourg, dans la nuit du 19 au 20 janvier, pour rejoindre la mobilisation. Modalit\u00e9s et inscriptions en suivant le lien ci-contre\u00a0:\u00a0<\/strong><\/p>\n<p><a href=\"https:\/\/docs.google.com\/forms\/d\/e\/1FAIpQLScoDQ7wNsn_v-5fX96awoGWxqGofmSYR1WoPbCROi9uTTYr7Q\/viewform?pli=1&amp;pli=1\" target=\"_blank\" rel=\"noopener\">https:\/\/docs.google.com\/forms\/d\/e\/1FAIpQLScoDQ7wNsn_v-5fX96awoGWxqGofmS\u2026<\/a><\/p>\n","protected":false},"excerpt":{"rendered":"\u2014\u00a0Alors, t\u2019as r\u00e9fl\u00e9chi pour la semaine prochaine ?\u2014\u00a0\u00c0 quoi ?\u2014\u00a0\u00c0 Strasbourg. La manif, mardi\u00a0!\u2014\u00a0Ouais\u2026 bof. Encore une journ\u00e9e&hellip;\n","protected":false},"author":2,"featured_media":668927,"comment_status":"","ping_status":"","sticky":false,"template":"","format":"standard","meta":{"footnotes":""},"categories":[2820],"tags":[1111,11,1777,674,1011,27,775,12,25,640],"class_list":{"0":"post-668926","1":"post","2":"type-post","3":"status-publish","4":"format-standard","5":"has-post-thumbnail","7":"category-strasbourg","8":"tag-actu","9":"tag-actualites","10":"tag-eu","11":"tag-europe","12":"tag-fr","13":"tag-france","14":"tag-grand-est","15":"tag-news","16":"tag-republique-francaise","17":"tag-strasbourg"},"share_on_mastodon":{"url":"https:\/\/pubeurope.com\/@fr\/115907761615938320","error":""},"_links":{"self":[{"href":"https:\/\/www.europesays.com\/fr\/wp-json\/wp\/v2\/posts\/668926","targetHints":{"allow":["GET"]}}],"collection":[{"href":"https:\/\/www.europesays.com\/fr\/wp-json\/wp\/v2\/posts"}],"about":[{"href":"https:\/\/www.europesays.com\/fr\/wp-json\/wp\/v2\/types\/post"}],"author":[{"embeddable":true,"href":"https:\/\/www.europesays.com\/fr\/wp-json\/wp\/v2\/users\/2"}],"replies":[{"embeddable":true,"href":"https:\/\/www.europesays.com\/fr\/wp-json\/wp\/v2\/comments?post=668926"}],"version-history":[{"count":0,"href":"https:\/\/www.europesays.com\/fr\/wp-json\/wp\/v2\/posts\/668926\/revisions"}],"wp:featuredmedia":[{"embeddable":true,"href":"https:\/\/www.europesays.com\/fr\/wp-json\/wp\/v2\/media\/668927"}],"wp:attachment":[{"href":"https:\/\/www.europesays.com\/fr\/wp-json\/wp\/v2\/media?parent=668926"}],"wp:term":[{"taxonomy":"category","embeddable":true,"href":"https:\/\/www.europesays.com\/fr\/wp-json\/wp\/v2\/categories?post=668926"},{"taxonomy":"post_tag","embeddable":true,"href":"https:\/\/www.europesays.com\/fr\/wp-json\/wp\/v2\/tags?post=668926"}],"curies":[{"name":"wp","href":"https:\/\/api.w.org\/{rel}","templated":true}]}}