{"id":668928,"date":"2026-01-17T01:07:11","date_gmt":"2026-01-17T01:07:11","guid":{"rendered":"https:\/\/www.europesays.com\/fr\/668928\/"},"modified":"2026-01-17T01:07:11","modified_gmt":"2026-01-17T01:07:11","slug":"pres-de-nice-il-vendait-meme-en-bitcoins-le-business-deroutant-dun-trafiquant-stoppe-net","status":"publish","type":"post","link":"https:\/\/www.europesays.com\/fr\/668928\/","title":{"rendered":"Pr\u00e8s de Nice. Il vendait m\u00eame en Bitcoins, le business d\u00e9routant d&rsquo;un trafiquant stopp\u00e9 net"},"content":{"rendered":"<p>                    Par<br \/>\n        <strong><br \/>\n            <a href=\"https:\/\/actu.fr\/auteur\/arthur-frand\" title=\"Consulter tous les articles de Arthur Frand\" target=\"_blank\" rel=\"noopener\">Arthur Frand<\/a><br \/>\n                    <\/strong><\/p>\n<p>        Publi\u00e9 le<\/p>\n<p>            16 janv. 2026 \u00e0 14h17<br \/>\n        ; mis \u00e0 jour le 16 janv. 2026 \u00e0 14h18    <\/p>\n<p>Un r\u00e9seau de trafic de stup\u00e9fiants extr\u00eamement bien organis\u00e9 a \u00e9t\u00e9 d\u00e9mantel\u00e9 pr\u00e8s de <a href=\"https:\/\/actu.fr\/nice\/\" target=\"_blank\" rel=\"noopener\">Nice<\/a> dans les <a href=\"https:\/\/actu.fr\/provence-alpes-cote-d-azur\/alpes-maritimes_06\" target=\"_blank\" rel=\"noopener\">Alpes-Maritimes<\/a> en ce d\u00e9but du mois de janvier\u00a02026. Le 13\u00a0janvier, <strong>sept personnes<\/strong> \u2013 cinq hommes \u00e2g\u00e9s entre 23 et 54\u00a0ans et deux femmes \u00e2g\u00e9es de 28 et 49\u00a0ans \u2013 ont comparu devant le tribunal correctionnel de Grasse dans le cadre d\u2019un<strong> trafic de stup\u00e9fiants<\/strong>, a fait savoir le parquet de Grasse \u00e0 <a href=\"https:\/\/actu.fr\/nice\/\" target=\"_blank\" rel=\"noopener\">actu Nice<\/a>, ce vendredi 16\u00a0janvier.<\/p>\n<p class=\" wall-content\">Le chef du r\u00e9seau a \u00e9cop\u00e9 d\u2019une lourde peine de prison. Paiements par virement ou Bitcoins, livraisons par voie postale\u2026 Au-del\u00e0 du trafic de stup\u00e9fiants \u00ab\u2009classique\u2009\u00bb, les m\u00e9thodes employ\u00e9es ont particuli\u00e8rement compliqu\u00e9 la t\u00e2che des enqu\u00eateurs.<\/p>\n<p>Une extorsion violente fin 2022<\/p>\n<p class=\" wall-content\">Men\u00e9es par la brigade de recherches de Cannes avec la police nationale puis sous l\u2019autorit\u00e9 du juge d\u2019instruction, les investigations ont mis du temps \u00e0 aboutir. L\u2019enqu\u00eate a d\u00e9but\u00e9 le 5\u00a0d\u00e9cembre 2022 suite une <strong>extorsion violente<\/strong> \u00ab\u2009commise \u00e0 La Roquette-sur-Siagne au pr\u00e9judice d\u2019une jeune femme qui s\u2019av\u00e9rera impliqu\u00e9e dans le trafic\u2009\u00bb, souligne le procureur de la R\u00e9publique de Grasse.<\/p>\n<p class=\" wall-content\">Minutieusement, les enqu\u00eateurs ont remont\u00e9 la trace d\u2019un vaste r\u00e9seau de trafic de stup\u00e9fiants \u00ab<strong>\u2009particuli\u00e8rement bien organis\u00e9<\/strong>\u2009\u00bb, pr\u00e9cise le parquet de Grasse.<\/p>\n<p>Une organisation minutieuse et des paiements crypt\u00e9s<\/p>\n<p class=\" wall-content\">En effet, ce r\u00e9seau maralpin avait recours \u00e0 \u00ab\u2009deux mod\u00e8les \u00e9conomiques distincts pour \u00e9tablir\u2009\u00bb et d\u00e9velopper son business\u2009lucratif\u2009:<\/p>\n<ul class=\" wall-content\">\n<li>Via des canaux <strong>Telegram<\/strong> o\u00f9 des \u00ab\u2009menus\u2009\u00bb \u00e9taient publi\u00e9s avec les types de cannabis propos\u00e9s et leurs tarifs, mais \u00e9galement <strong>diff\u00e9rentes applications<\/strong> permettant d\u2019\u00e9changer avec les clients potentiels, de conclure les ventes et de r\u00e9ceptionner les paiements, ces derniers se faisant exclusivement par <strong>virement ou Bitcoins<\/strong>. Les livraisons \u00e9taient ensuite effectu\u00e9es par voie postale, sur l\u2019ensemble du territoire national mais \u00e9galement \u00e0 l\u2019\u00e9tranger.<\/li>\n<li>Via des points de <strong>vente physiques<\/strong> (d\u00e9nomm\u00e9s \u00ab\u2009meet up\u2009\u00bb) pour lesquels le chef du r\u00e9seau assurait la gestion des commandes mais recrutait des <strong>\u00ab\u2009workers\u2009\u00bb<\/strong>, soumis \u00e0 l\u2019obligation d\u2019acheter au moins 2 \u00e0 3 kilos de stup\u00e9fiants pour int\u00e9grer le r\u00e9seau, ces derniers \u00e9tant charg\u00e9s de proc\u00e9der au conditionnement et aux livraisons.<\/li>\n<\/ul>\n<p>Le chef du r\u00e9seau interpell\u00e9 en 2023<\/p>\n<p class=\" wall-content\">C\u2019est en 2023, le 7 et 8\u00a0novembre, que le chef du r\u00e9seau, un Cannois, a \u00e9t\u00e9 <strong>interpell\u00e9<\/strong> au volant de son v\u00e9hicule lors d\u2019une extorsion, comme le passager. Ils ont \u00e9t\u00e9 d\u00e9f\u00e9r\u00e9s devant le juge d\u2019instruction et plac\u00e9s en d\u00e9tention provisoire.<\/p>\n<p>Votre r\u00e9gion, votre actu !<\/p>\n<p>Recevez chaque jour les infos qui comptent pour vous.<\/p>\n<p>\t<a href=\"https:\/\/actu.fr\/newsletter\" class=\"ac-btn ac-btn--corner ac-btn--medium ac-btn--blue800\" target=\"_blank\" rel=\"noopener\">S&rsquo;incrire<\/a><\/p>\n<p class=\" wall-content\">Mais tout ne s\u2019est pas arr\u00eat\u00e9 l\u00e0. \u00ab\u2009Des contacts avec des tiers ont r\u00e9v\u00e9l\u00e9 des tentatives de destruction de pi\u00e8ces \u00e0 conviction et dissimulation de richesses ill\u00e9gales. De <strong>nouvelles op\u00e9rations d\u2019interpellation<\/strong> ont \u00e9t\u00e9 men\u00e9es entre le 28\u00a0mars et le 16\u00a0avril 2024 en lien avec les faits de blanchiment reproch\u00e9s\u2009\u00bb, d\u00e9taille le parquet de Grasse dans un communiqu\u00e9.<\/p>\n<p>9\u00a0ans de prison pour la t\u00eate pensante<\/p>\n<p class=\" wall-content\">Au total, sept personnes ont \u00e9t\u00e9 jug\u00e9es durant deux jours le 13 et 14\u00a0janvier 2026. Et des peines de prison ont \u00e9t\u00e9 <strong>ordonn\u00e9es<\/strong>. Le chef de r\u00e9seau a \u00e9t\u00e9 condamn\u00e9 \u00e0 neuf ans d\u2019emprisonnement et 20\u2009000\u20ac d\u2019amende des chefs de d\u00e9tention, offre ou cession, transport, acquisition, exportation de produits stup\u00e9fiants (le tout en r\u00e9cidive), complicit\u00e9 de blanchiment et extorsion avec violences ayant entra\u00een\u00e9 une incapacit\u00e9 totale de travail n\u2019exc\u00e9dant pas 8\u00a0jours.<\/p>\n<p class=\" wall-content\">B\u00e9n\u00e9ficiant de relaxes partielles, les six autres personnes impliqu\u00e9es, \u00e2g\u00e9es de 23 \u00e0 54\u00a0ans, ont \u00e9t\u00e9 condamn\u00e9es \u00e0 des peines allant de quatre<strong>\u00a0ans d\u2019emprisonnement<\/strong>, \u00ab\u2009dont une partie assortie d\u2019un sursis, \u00e0 6\u00a0mois d\u2019emprisonnement avec sursis, ainsi que de fortes peines d\u2019amende\u2009\u00bb, mentionne le parquet de Grasse.<\/p>\n<p class=\" wall-content\">De nombreux objets ont \u00e9t\u00e9 retrouv\u00e9s et <strong>saisis<\/strong>\u2009: num\u00e9raires, moyens de paiement, tr\u00e8s<br \/>nombreux objets multim\u00e9dias, accessoires et de la maroquinerie de luxe, scooter T-MAX, BTC\u2026)\u00a0<\/p>\n<p class=\" wall-content\">Personnalisez votre actualit\u00e9 en ajoutant vos villes et m\u00e9dias en favori avec <a href=\"https:\/\/moncompte.actu.fr\" title=\"D\u00e9couvez Mon Actu\" rel=\"nofollow noopener\" data-trk=\"{&quot;cta&quot;:{&quot;action&quot;:&quot;https:\\\/\\\/moncompte.actu.fr&quot;,&quot;category&quot;:&quot;mon compte&quot;,&quot;from&quot;:&quot;article footer&quot;,&quot;name&quot;:&quot;Mon actu&quot;,&quot;type&quot;:&quot;cta&quot;}}\" target=\"_blank\">Mon Actu<\/a>.<\/p>\n","protected":false},"excerpt":{"rendered":"Par Arthur Frand Publi\u00e9 le 16 janv. 2026 \u00e0 14h17 ; mis \u00e0 jour le 16 janv. 2026&hellip;\n","protected":false},"author":2,"featured_media":668929,"comment_status":"","ping_status":"","sticky":false,"template":"","format":"standard","meta":{"footnotes":""},"categories":[2819],"tags":[1111,11,1052,1777,674,1011,27,303,12,2401,882,25,104],"class_list":{"0":"post-668928","1":"post","2":"type-post","3":"status-publish","4":"format-standard","5":"has-post-thumbnail","7":"category-nice","8":"tag-actu","9":"tag-actualites","10":"tag-drogue","11":"tag-eu","12":"tag-europe","13":"tag-fr","14":"tag-france","15":"tag-justice","16":"tag-news","17":"tag-nice","18":"tag-provence-alpes-cote-dazur","19":"tag-republique-francaise","20":"tag-societe"},"share_on_mastodon":{"url":"https:\/\/pubeurope.com\/@fr\/115907765572598165","error":""},"_links":{"self":[{"href":"https:\/\/www.europesays.com\/fr\/wp-json\/wp\/v2\/posts\/668928","targetHints":{"allow":["GET"]}}],"collection":[{"href":"https:\/\/www.europesays.com\/fr\/wp-json\/wp\/v2\/posts"}],"about":[{"href":"https:\/\/www.europesays.com\/fr\/wp-json\/wp\/v2\/types\/post"}],"author":[{"embeddable":true,"href":"https:\/\/www.europesays.com\/fr\/wp-json\/wp\/v2\/users\/2"}],"replies":[{"embeddable":true,"href":"https:\/\/www.europesays.com\/fr\/wp-json\/wp\/v2\/comments?post=668928"}],"version-history":[{"count":0,"href":"https:\/\/www.europesays.com\/fr\/wp-json\/wp\/v2\/posts\/668928\/revisions"}],"wp:featuredmedia":[{"embeddable":true,"href":"https:\/\/www.europesays.com\/fr\/wp-json\/wp\/v2\/media\/668929"}],"wp:attachment":[{"href":"https:\/\/www.europesays.com\/fr\/wp-json\/wp\/v2\/media?parent=668928"}],"wp:term":[{"taxonomy":"category","embeddable":true,"href":"https:\/\/www.europesays.com\/fr\/wp-json\/wp\/v2\/categories?post=668928"},{"taxonomy":"post_tag","embeddable":true,"href":"https:\/\/www.europesays.com\/fr\/wp-json\/wp\/v2\/tags?post=668928"}],"curies":[{"name":"wp","href":"https:\/\/api.w.org\/{rel}","templated":true}]}}