{"id":66893,"date":"2025-05-01T12:40:08","date_gmt":"2025-05-01T12:40:08","guid":{"rendered":"https:\/\/www.europesays.com\/fr\/66893\/"},"modified":"2025-05-01T12:40:08","modified_gmt":"2025-05-01T12:40:08","slug":"incroyable-les-prix-des-places-pour-le-choc-psg-arsenal-flambent","status":"publish","type":"post","link":"https:\/\/www.europesays.com\/fr\/66893\/","title":{"rendered":"Incroyable, les prix des places pour le choc PSG-Arsenal flambent !"},"content":{"rendered":"<p data-testid=\"article-teaser\">La fi\u00e8vre monte \u00e0 Paris pour PSG-Arsenal : les billets pour ce choc europ\u00e9en s\u2019arrachent \u00e0 des tarifs hallucinants sur la revente officielle.<\/p>\n<p>Le printemps parisien n\u2019a jamais \u00e9t\u00e9 aussi vibrant. Entre la chaleur retrouv\u00e9e, la possible mont\u00e9e du Paris FC en Ligue 1 et le PSG \u00e0 un pas d\u2019une finale europ\u00e9enne, la capitale vit au rythme du football. <a href=\"https:\/\/www.goal.com\/fr\/listes\/le-psg-ecoeure-arsenal-et-prend-une-option-pour-la-finale-0-1\/blt0ba3be5465f0a2bb\" target=\"_self\" rel=\"noopener\">Le club de la capitale s\u2019est impos\u00e9 \u00e0 Londres face \u00e0 Arsenal (0-1) en demi-finale aller de Ligue des champions<\/a>, et la ville enti\u00e8re retient son souffle \u00e0 l\u2019approche du match retour. Mercredi prochain, le Parc des Princes s\u2019appr\u00eate \u00e0 accueillir une soir\u00e9e qui pourrait entrer dans la l\u00e9gende.<\/p>\n<p>L&rsquo;article continue ci-dessous<\/p>\n","protected":false},"excerpt":{"rendered":"La fi\u00e8vre monte \u00e0 Paris pour PSG-Arsenal : les billets pour ce choc europ\u00e9en s\u2019arrachent \u00e0 des tarifs&hellip;\n","protected":false},"author":2,"featured_media":66894,"comment_status":"","ping_status":"","sticky":false,"template":"","format":"standard","meta":{"footnotes":""},"categories":[1410],"tags":[5357,63,1011,27,447,921,12714,2782,91,16289,60],"class_list":{"0":"post-66893","1":"post","2":"type-post","3":"status-publish","4":"format-standard","5":"has-post-thumbnail","7":"category-football","8":"tag-arsenal","9":"tag-football","10":"tag-fr","11":"tag-france","12":"tag-ligue-des-champions","13":"tag-luis-enrique","14":"tag-m-arteta","15":"tag-ousmane-dembele","16":"tag-paris-saint-germain","17":"tag-paris-saint-germain-vs-arsenal","18":"tag-sports"},"share_on_mastodon":{"url":"https:\/\/pubeurope.com\/@fr\/114432627450643048","error":""},"_links":{"self":[{"href":"https:\/\/www.europesays.com\/fr\/wp-json\/wp\/v2\/posts\/66893","targetHints":{"allow":["GET"]}}],"collection":[{"href":"https:\/\/www.europesays.com\/fr\/wp-json\/wp\/v2\/posts"}],"about":[{"href":"https:\/\/www.europesays.com\/fr\/wp-json\/wp\/v2\/types\/post"}],"author":[{"embeddable":true,"href":"https:\/\/www.europesays.com\/fr\/wp-json\/wp\/v2\/users\/2"}],"replies":[{"embeddable":true,"href":"https:\/\/www.europesays.com\/fr\/wp-json\/wp\/v2\/comments?post=66893"}],"version-history":[{"count":0,"href":"https:\/\/www.europesays.com\/fr\/wp-json\/wp\/v2\/posts\/66893\/revisions"}],"wp:featuredmedia":[{"embeddable":true,"href":"https:\/\/www.europesays.com\/fr\/wp-json\/wp\/v2\/media\/66894"}],"wp:attachment":[{"href":"https:\/\/www.europesays.com\/fr\/wp-json\/wp\/v2\/media?parent=66893"}],"wp:term":[{"taxonomy":"category","embeddable":true,"href":"https:\/\/www.europesays.com\/fr\/wp-json\/wp\/v2\/categories?post=66893"},{"taxonomy":"post_tag","embeddable":true,"href":"https:\/\/www.europesays.com\/fr\/wp-json\/wp\/v2\/tags?post=66893"}],"curies":[{"name":"wp","href":"https:\/\/api.w.org\/{rel}","templated":true}]}}