{"id":668930,"date":"2026-01-17T01:08:29","date_gmt":"2026-01-17T01:08:29","guid":{"rendered":"https:\/\/www.europesays.com\/fr\/668930\/"},"modified":"2026-01-17T01:08:29","modified_gmt":"2026-01-17T01:08:29","slug":"40-cm-de-neige-a-nice-et-jusqua-48-degres-en-france","status":"publish","type":"post","link":"https:\/\/www.europesays.com\/fr\/668930\/","title":{"rendered":"40 cm de neige \u00e0 Nice et jusqu&rsquo;\u00e0 -48 degr\u00e9s en France !"},"content":{"rendered":"<p>&#13;<br \/>\n\t\t\t&#13;<br \/>\n\t\t\t\t&#13;<\/p>\n<ol class=\"w-full flex justify-start items-start mb-2 p-0 tdn-breadcrumb list-none text-base\" itemscope=\"\" itemtype=\"https:\/\/schema.org\/BreadcrumbList\">&#13;<br \/>\n&#13;<\/p>\n<li itemprop=\"itemListElement\" itemscope=\"\" itemtype=\"https:\/\/schema.org\/ListItem\" class=\"mr-1 flex items-center\">&#13;<br \/>\n\t\t<a itemprop=\"item\" class=\"text-gray-500 flex items-center\" href=\"https:\/\/www.letribunaldunet.fr\" target=\"_blank\" rel=\"noopener\">&#13;<br \/>\n\t\t\t<img loading=\"lazy\" decoding=\"async\" src=\"https:\/\/www.letribunaldunet.fr\/wp-content\/themes\/letribunaldunet-v2\/img\/icon-home-grey.svg\" alt=\"\" width=\"24\" height=\"24\"\/>&#13;<br \/>\n\t\t\tTDN &gt;&#13;<br \/>\n\t\t<\/a>&#13;<br \/>\n\t\t&#13;\n\t<\/li>\n<p>&#13;<br \/>\n&#13;<\/p>\n<li itemprop=\"itemListElement\" itemscope=\"\" itemtype=\"https:\/\/schema.org\/ListItem\" class=\"mr-1 flex items-center\">&#13;<br \/>\n\t\t\t\t\t<a itemprop=\"item\" class=\"text-gray-500 flex items-center\" href=\"https:\/\/www.letribunaldunet.fr\/meteo\" target=\"_blank\" rel=\"noopener\">&#13;<br \/>\n\t\t\t\t\t\tM\u00e9t\u00e9o&#13;<br \/>\n\t\t\t\t\t<\/a>&#13;<br \/>\n\t\t\t\t\t&#13;\n\t\t\t\t<\/li>\n<p>&#13;<br \/>\n\t\t\t&#13;<br \/>\n\t&#13;\n<\/ol>\n<p>&#13;<br \/>\n\t\t\t\t&#13;<br \/>\n&#13;<br \/>\n\t\t\t\t\t\t\t\t&#13;<\/p>\n<p>\t\t\t\t\t\tPubli\u00e9 par<br \/>\n\t\t\t\t\t\t<a href=\"https:\/\/www.letribunaldunet.fr\/author\/killian-ravon\" target=\"_blank\" rel=\"noopener\">&#13;<br \/>\n\t\t\t\t\t\t\t<b class=\"text-blue\">&#13;<br \/>\n\t\t\t\t\t\t\t\tKillian Ravon\t\t\t\t\t\t\t<\/b>&#13;<br \/>\n\t\t\t\t\t\t<\/a><br \/>\n\t\t\t\t\t\t\t\t\t\t\t\t\t\t\t<b>le 16 Jan 2026 \u00e0 7:24<\/b><br \/>\n\t\t\t\t\t\t\t\t\t\t\t\t\t&#13;<br \/>\n&#13;<br \/>\n\t\t\t\t\t&#13;<br \/>\n&#13;<br \/>\n&#13;<br \/>\n&#13;<br \/>\n\t\t\t\t&#13;<\/p>\n<p>D\u00e9but janvier 1985, la <a href=\"https:\/\/www.letribunaldunet.fr\/meteo\/vague-froid-france-debut-decembre-2025.html\" target=\"_blank\" rel=\"noopener\"><strong>France<\/strong><\/a> se retrouve prise dans une morsure de froid qui ne l\u00e2che pas prise pendant pr\u00e8s de deux semaines. On a retenu les photos, la neige l\u00e0 o\u00f9 on ne l\u2019attendait pas, les records qui font encore frissonner sur le papier.<\/p>\n<p>La suite apr\u00e8s cette publicit\u00e9<\/p>\n<p>Pourtant, l\u2019empreinte la plus durable de l\u2019\u00e9pisode est ailleurs. Ce froid-l\u00e0 a servi d\u2019\u00e9preuve de r\u00e9sistance, presque clinique, pour un pays moderne. Il a test\u00e9 la solidit\u00e9 des r\u00e9seaux, la capacit\u00e9 \u00e0 produire et distribuer l\u2019\u00e9nergie, la <strong><a href=\"https:\/\/www.letribunaldunet.fr\/meteo\/vague-de-froid-neige-france-2025.html\" target=\"_blank\" rel=\"noopener\">logistique du quotidien<\/a><\/strong>, et surtout la mani\u00e8re dont une soci\u00e9t\u00e9 prot\u00e8ge ceux qui vivent d\u00e9j\u00e0 au bord.<\/p>\n<p><img fetchpriority=\"high\" decoding=\"async\" width=\"762\" height=\"511\" src=\"data:image\/svg+xml,%3Csvg%20xmlns=\" http:=\"\" alt=\"Boulevard Saint-Germain \u00e0 Paris sous une forte neige, voitures immobilis\u00e9es et passants emmitoufl\u00e9s, 1985.\" data-lazy- data-lazy- data-lazy-src=\"https:\/\/www.europesays.com\/fr\/wp-content\/uploads\/2026\/01\/vague-de-froid-janvier-1985-TDN-2026-762x511.jpg\"\/><\/p>\n<p>Paris fig\u00e9 par la vague de froid, quand Boulevard Saint-Germain se transforme en paysage polaire.<\/p>\n<p>La vid\u00e9o du jour \u00e0 ne pas manquer<\/p>\n<p>Un d\u00e9tail r\u00e9sume bien ce basculement : en temps normal, une vague de froid se raconte avec des thermom\u00e8tres. En 1985, elle se raconte avec des robinets qui toussent, des transformateurs satur\u00e9s, des routes qui deviennent des goulots d\u2019\u00e9tranglement, et des services publics oblig\u00e9s d\u2019improviser.<\/p>\n<p>La suite apr\u00e8s cette publicit\u00e9<\/p>\n<p><img loading=\"lazy\" decoding=\"async\" width=\"762\" height=\"505\" src=\"data:image\/svg+xml,%3Csvg%20xmlns=\" http:=\"\" alt=\"Place Wilson \u00e0 Toulouse sous une forte neige, 7 janvier 1985, statue recouverte et rues blanchies.\" data-lazy- data-lazy- data-lazy-src=\"https:\/\/www.europesays.com\/fr\/wp-content\/uploads\/2026\/01\/1280px-07.01.1985-Neige-a-Toulouse-1985-53Fi3335-762x505.jpg\"\/><\/p>\n<p>Toulouse bascule dans le blanc, au tout d\u00e9but de l\u2019\u00e9pisode. Cr\u00e9dit : Archives municipales de Toulouse \/ Andr\u00e9 Cros (CC BY-SA 4.0).<br \/>\nQuand l\u2019hiver devient une m\u00e9canique<\/p>\n<p>Ce qui rend janvier 1985 si marquant, ce n\u2019est pas uniquement l\u2019intensit\u00e9, c\u2019est la dur\u00e9e et la construction progressive du pi\u00e8ge. L\u2019\u00e9pisode n\u2019a pas la brutalit\u00e9 courte d\u2019un \u201ccoup de froid\u201d qui surprend puis dispara\u00eet. Il s\u2019installe, s\u2019organise, revient, insiste. Sur la p\u00e9riode commun\u00e9ment retenue, le c\u0153ur de l\u2019\u00e9v\u00e9nement se situe du 4 au 18 janvier 1985, avec des phases successives qui entretiennent la sensation d\u2019\u00e9tau.<\/p>\n<p>\u00c0 l\u2019\u00e9chelle atmosph\u00e9rique, le sc\u00e9nario est celui des grandes vagues de froid europ\u00e9ennes : un anticyclone solide bloque les influences oc\u00e9aniques, celles qui adoucissent d\u2019ordinaire l\u2019hiver fran\u00e7ais. \u00c0 la place, l\u2019air froid s\u2019\u00e9coule depuis le nord et le nord-est, et il ne fait pas que passer. Il s\u2019accumule. Jour apr\u00e8s jour, le sol se refroidit, la moindre douceur devient incapable de \u201crattraper\u201d la nuit, et l\u2019environnement se met \u00e0 fonctionner comme une chambre froide g\u00e9ante.<\/p>\n<p>La suite apr\u00e8s cette publicit\u00e9<\/p>\n<p>La neige, lorsqu\u2019elle intervient, n\u2019est pas seulement un d\u00e9cor. Elle agit comme un verrou suppl\u00e9mentaire. Elle renvoie une partie du rayonnement solaire, limite le r\u00e9chauffement diurne et maintient une couche d\u2019air glac\u00e9 pr\u00e8s du sol. Le froid cesse alors d\u2019\u00eatre une parenth\u00e8se m\u00e9t\u00e9o. Il devient un syst\u00e8me autonome, avec son inertie, ses effets en cha\u00eene, et sa capacit\u00e9 \u00e0 durer.<\/p>\n<p><img loading=\"lazy\" decoding=\"async\" width=\"762\" height=\"508\" src=\"data:image\/svg+xml,%3Csvg%20xmlns=\" http:=\"\" alt=\"Kiosque du jardin du Grand-Rond \u00e0 Toulouse sous la neige, 7 janvier 1985, bancs et all\u00e9es fig\u00e9s.\" data-lazy- data-lazy- data-lazy-src=\"https:\/\/www.europesays.com\/fr\/wp-content\/uploads\/2026\/01\/1280px-07.01.1985-Neige-a-Toulouse-1985-53Fi3338-762x508.jpg\"\/><\/p>\n<p>Un calme d\u2019hiver rare, quand la ville retient son souffle. Cr\u00e9dit : Archives municipales de Toulouse \/ Andr\u00e9 Cros (CC BY-SA 4.0).<br \/>\nLe choc de la carte de France<\/p>\n<p>On imagine souvent que les grands records appartiennent aux hauts plateaux de l\u2019Est et aux zones continentales, et janvier 1985 confirme cette logique. Les valeurs observ\u00e9es dans le Jura et le Doubs restent associ\u00e9es \u00e0 l\u2019\u00e9pisode, avec des temp\u00e9ratures proches de l\u2019ordre de grandeur des moins 40 degr\u00e9s dans certains secteurs propices aux \u201ctrous \u00e0 froid\u201d. Mais la sid\u00e9ration nationale vient surtout d\u2019autre chose : la vague de froid d\u00e9borde de son terrain attendu.<\/p>\n<p>La suite apr\u00e8s cette publicit\u00e9<\/p>\n<p>Le ph\u00e9nom\u00e8ne touche des r\u00e9gions moins pr\u00e9par\u00e9es, moins \u00e9quip\u00e9es, parfois moins habitu\u00e9es \u00e0 g\u00e9rer des conditions hivernales s\u00e9v\u00e8res sur la dur\u00e9e. Quand le froid s\u2019invite l\u00e0 o\u00f9 l\u2019organisation urbaine, les moyens techniques, l\u2019habitat et les habitudes ont \u00e9t\u00e9 dimensionn\u00e9s pour des <a href=\"https:\/\/www.letribunaldunet.fr\/meteo\/neige-records-novembre-france-2025-v2.html\" target=\"_blank\" rel=\"noopener\"><strong>hivers<\/strong><\/a> <a href=\"https:\/\/www.letribunaldunet.fr\/meteo\/neige-records-novembre-france-2025-v2.html\" target=\"_blank\" rel=\"noopener\">plus cl\u00e9ments, le co\u00fbt grimpe vite, m\u00eame sans battre des records absolus.<\/p>\n<p>L\u2019exemple le plus frappant reste l\u2019arc m\u00e9diterran\u00e9en, o\u00f9 la neige et le gel prennent une dimension disruptive. Une grande ville du Sud, habitu\u00e9e \u00e0 g\u00e9rer la pluie et le vent bien plus que la neige, doit alors r\u00e9pondre avec des moyens con\u00e7us pour un autre climat. Ce n\u2019est pas seulement une question d\u2019images insolites. C\u2019est une question de continuit\u00e9 de service, de circulation, d\u2019acc\u00e8s aux soins, de capacit\u00e9 \u00e0 <a href=\"https:\/\/www.letribunaldunet.fr\/meteo\/vague-froid-neige-france-2025.html\" target=\"_blank\" rel=\"noopener\"><strong>d\u00e9neiger<\/strong><\/a>, et de coordination quand l\u2019\u00e9v\u00e9nement dure.<\/p>\n<p><img loading=\"lazy\" decoding=\"async\" width=\"762\" height=\"505\" src=\"data:image\/svg+xml,%3Csvg%20xmlns=\" http:=\"\" alt=\"Garonne partiellement gel\u00e9e \u00e0 Toulouse, 15 janvier 1985, oiseaux pos\u00e9s sur la glace et courant sombre au bord.\" data-lazy- data-lazy- data-lazy-src=\"https:\/\/www.europesays.com\/fr\/wp-content\/uploads\/2026\/01\/15.01.1985.-La-Garonnegelee-1985-53Fi3348-762x505.jpg\"\/><\/p>\n<p>La fronti\u00e8re nette entre l\u2019eau vive et la glace, au pic du froid. Cr\u00e9dit : Archives municipales de Toulouse \/ Andr\u00e9 Cros (CC BY-SA 4.0).<\/p>\n<p>La suite apr\u00e8s cette publicit\u00e9<\/p>\n<p>Le froid comme r\u00e9v\u00e9lateur des infrastructures<\/p>\n<p>Janvier 1985 fonctionne comme un r\u00e9v\u00e9lateur parce qu\u2019il force les r\u00e9seaux \u00e0 travailler en surcharge, au moment m\u00eame o\u00f9 le froid rend les interventions plus difficiles. L\u2019infrastructure devient alors le r\u00e9cit principal, bien avant les anecdotes.<\/p>\n<p>L\u2019eau d\u2019abord. Quand il g\u00e8le jour et nuit, les canalisations n\u2019ont plus de r\u00e9pit. Les conduites peuvent se boucher, puis c\u00e9der. Une rupture n\u2019est pas seulement un d\u00e9g\u00e2t mat\u00e9riel dans une rue. Elle peut priver un quartier d\u2019eau courante, compliquer l\u2019hygi\u00e8ne, augmenter les risques sanitaires, et d\u00e9clencher des <a href=\"https:\/\/www.letribunaldunet.fr\/meteo\/hiver-2025-nina-vortex-polaire-france.html\" target=\"_blank\" rel=\"noopener\"><strong>interventions<\/strong><\/a> d\u2019urgence alors que les \u00e9quipes sont d\u00e9j\u00e0 sous pression. Les \u00e9pisodes de gel prolong\u00e9 ont cette cruaut\u00e9 simple : ils transforment un r\u00e9seau discret et invisible en source de vuln\u00e9rabilit\u00e9 imm\u00e9diate.<\/p>\n<p>La suite apr\u00e8s cette publicit\u00e9<\/p>\n<p><img loading=\"lazy\" decoding=\"async\" width=\"762\" height=\"510\" src=\"data:image\/svg+xml,%3Csvg%20xmlns=\" http:=\"\" alt=\"Canal du Midi gel\u00e9 pr\u00e8s de Toulouse, 11 janvier 1985, p\u00e9niches immobilis\u00e9es et berges enneig\u00e9es au matin.\" data-lazy- data-lazy- data-lazy-src=\"https:\/\/www.europesays.com\/fr\/wp-content\/uploads\/2026\/01\/1280px-11.01.1985-Canal-gele-1985-53Fi3342-762x510.jpg\"\/><\/p>\n<p>Quand l\u2019eau se fige, le froid devient une r\u00e9alit\u00e9 concr\u00e8te. Cr\u00e9dit : Archives municipales de Toulouse \/ Andr\u00e9 Cros (CC BY-SA 4.0).<br \/>\nDes contraintes mat\u00e9rielles et \u00e9nerg\u00e9tique forte<\/p>\n<p>L\u2019\u00e9nergie ensuite. Une vague de froid, ce n\u2019est pas seulement \u201cil fait froid\u201d, c\u2019est \u201ctout le monde chauffe en m\u00eame temps\u201d. La demande grimpe, parfois brutalement. Or cette hausse s\u2019accompagne de contraintes tr\u00e8s concr\u00e8tes : les \u00e9quipements souffrent du froid, les op\u00e9rations de maintenance deviennent plus complexes. Et les d\u00e9placements des \u00e9quipes se heurtent aux conditions de circulation. Quand la consommation explose, le r\u00e9seau doit encaisser, parfois au prix de d\u00e9lestages. Ou de coupures localis\u00e9es pour \u00e9viter l\u2019effondrement global. L\u2019hiver 1985 rappelle une r\u00e9alit\u00e9 que l\u2019on oublie volontiers : plus une soci\u00e9t\u00e9 se modernise, plus elle d\u00e9pend d\u2019une alimentation \u00e9lectrique stable. Et plus elle devient sensible au froid prolong\u00e9.<\/p>\n<p>Enfin, la logistique. Neige et verglas ralentissent les flux, les livraisons, l\u2019acc\u00e8s aux zones rurales, parfois l\u2019approvisionnement des commerces. Il n\u2019est pas n\u00e9cessaire que \u201ctout manque\u201d pour que la peur s\u2019installe. Une cha\u00eene logistique fonctionne par r\u00e9gularit\u00e9. Quand elle se d\u00e9r\u00e8gle, quelques ruptures ponctuelles suffisent \u00e0 produire un sentiment de fragilit\u00e9. Et \u00e0 d\u00e9sorganiser des secteurs entiers qui vivent en flux tendus.<\/p>\n<p>La suite apr\u00e8s cette publicit\u00e9<\/p>\n<p>Quand les mat\u00e9riaux disent non<\/p>\n<p>L\u2019un des angles souvent sous-estim\u00e9s dans le r\u00e9cit des vagues de froid, c\u2019est la contrainte m\u00e9canique. Le froid extr\u00eame n\u2019est pas qu\u2019un ennemi du confort. Il modifie le comportement des mat\u00e9riaux, il tend les structures, il fragilise ce qui semblait robuste.<\/p>\n<p>M\u00e9taux qui se contractent, pi\u00e8ces qui deviennent plus cassantes, contraintes qui se redistribuent dans les ouvrages d\u2019art, cycles gel-d\u00e9gel qui travaillent les \u00e9l\u00e9ments. Tout cela augmente le risque d\u2019incidents. Le r\u00e9seau ferroviaire en a fait l\u2019am\u00e8re exp\u00e9rience : en janvier 1985, la contraction thermique du cuivre et de l\u2019acier fut telle que des cat\u00e9naires, trop tendues par le froid, finirent par rompre net \u00e0 plusieurs endroits. Au sol, les aiguillages gel\u00e9s ou rendus cassants par des temp\u00e9ratures fr\u00f4lant les -25 \u00b0C ont oblig\u00e9 les cheminots \u00e0 intervenir au brasero pour d\u00e9gripper une m\u00e9canique de pr\u00e9cision devenue inop\u00e9rante.<\/p>\n<p>Au-del\u00e0 des perturbations apparentes, cet \u00e9pisode rappelle qu\u2019un \u00e9v\u00e9nement m\u00e9t\u00e9orologique peut prendre une dimension \u201cstructurelle\u201d. Le froid n\u2019est pas seulement un obstacle \u00e0 contourner, c\u2019est une force physique qui agit sur les ponts, les routes, les r\u00e9seaux et les b\u00e2timents. Et qui rend l\u2019entretien plus difficile au moment o\u00f9 il devient vital.<\/p>\n<p>La suite apr\u00e8s cette publicit\u00e9<\/p>\n<p>Dans une \u00e9conomie moderne, ce type de risque est rarement visible avant l\u2019accident. On voit la neige. On ne voit pas la fatigue accumul\u00e9e dans l\u2019acier, la tension dans les c\u00e2bles, la fragilisation d\u2019un point faible. En 1985, cette part invisible a laiss\u00e9 un avertissement durable.<\/p>\n<p><img loading=\"lazy\" decoding=\"async\" width=\"762\" height=\"510\" src=\"data:image\/svg+xml,%3Csvg%20xmlns=\" http:=\"\" alt=\"La Garonne gel\u00e9e au c\u0153ur de Toulouse, 15 janvier 1985, large plaque de glace et berges hivernales.\" data-lazy- data-lazy- data-lazy-src=\"https:\/\/www.europesays.com\/fr\/wp-content\/uploads\/2026\/01\/1280px-15.01.1985.-La-Garonne-gelee-1985-53Fi3345-762x510.jpg\"\/><\/p>\n<p>Une rivi\u00e8re en pause, image rare d\u2019un hiver qui verrouille tout. Cr\u00e9dit : Archives municipales de Toulouse \/ Andr\u00e9 Cros (CC BY-SA 4.0).<\/p>\n<p>La suite apr\u00e8s cette publicit\u00e9<\/p>\n<p>Le bilan le plus lourd, celui qu\u2019on ne photographie pas<\/p>\n<p>La m\u00e9moire collective pr\u00e9f\u00e8re les images. Un boulevard blanchi, une plage inhabituelle sous un ciel d\u2019hiver, une ville du Sud ralentie comme si elle changeait de latitude. Mais le co\u00fbt le plus grave est sanitaire, et il se lit mal dans une photo.<\/p>\n<p>Les bilans de l\u2019\u00e9poque et les r\u00e9trospectives \u00e9voquent une surmortalit\u00e9 importante. Avec des estimations qui varient selon les m\u00e9thodes et les p\u00e9riodes de comparaison. Souvent situ\u00e9es entre plusieurs milliers et pr\u00e8s de dix mille d\u00e9c\u00e8s attribu\u00e9s au froid. Ce flottement des chiffres n\u2019adoucit rien. Il dit simplement que le froid tue de mani\u00e8re diffuse, parfois diff\u00e9r\u00e9e. En aggravant des pathologies cardiovasculaires et respiratoires, en \u00e9puisant des organismes fragiles. En frappant plus durement les personnes \u00e2g\u00e9es, isol\u00e9es, ou vivant dans des logements mal chauff\u00e9s.<\/p>\n<p>C\u2019est aussi l\u00e0 que la dimension sociale appara\u00eet sans d\u00e9tour. Une vague de froid met \u00e0 nu la pr\u00e9carit\u00e9 \u00e9nerg\u00e9tique. Elle transforme un logement mal isol\u00e9 en pi\u00e8ge, pousse certains \u00e0 r\u00e9duire le chauffage, \u00e0 multiplier les solutions d\u2019appoint, parfois dangereuses. Et amplifie les risques d\u2019accident domestique. \u00c0 l\u2019\u00e9chelle d\u2019une ville, d\u2019un d\u00e9partement, d\u2019un pays, le froid r\u00e9v\u00e8le une v\u00e9rit\u00e9 brutale : la vuln\u00e9rabilit\u00e9 n\u2019est pas distribu\u00e9e \u00e9quitablement. Elle suit les lignes de la pauvret\u00e9, de l\u2019isolement, de l\u2019\u00e9tat de sant\u00e9, du logement.<\/p>\n<p>La suite apr\u00e8s cette publicit\u00e9<\/p>\n<p>Une facture qui d\u00e9passe les villes<\/p>\n<p>L\u2019\u00e9pisode de 1985 ne se limite pas aux centres urbains. Il p\u00e8se sur l\u2019agriculture, sur les cultures sensibles au gel, sur la v\u00e9g\u00e9tation, avec des r\u00e9percussions \u00e9conomiques. Et des pertes parfois visibles des semaines plus tard. Il touche aussi les littoraux et les milieux naturels, avec des formations de glaces. Et des ph\u00e9nom\u00e8nes spectaculaires qui signalent l\u2019ampleur du refroidissement.<\/p>\n<p>M\u00eame la faune, dans certains secteurs, subit les effets d\u2019un gel durable. Notamment dans les zones humides o\u00f9 l\u2019acc\u00e8s \u00e0 l\u2019alimentation se complique lorsque l\u2019eau se ferme. L\u00e0 encore, l\u2019int\u00e9r\u00eat n\u2019est pas de collectionner les anecdotes. Il est de rappeler que les extr\u00eames climatiques agissent en cascade. Sur les \u00e9cosyst\u00e8mes comme sur les fili\u00e8res \u00e9conomiques qui en d\u00e9pendent.<\/p>\n<p>Une vague de froid marquante pour le pays<\/p>\n<p>Revenir sur janvier 1985, ce n\u2019est pas cultiver une nostalgie du \u201cvrai hiver\u201d. C\u2019est se poser une question tr\u00e8s actuelle : qu\u2019est-ce qui casse en premier quand un froid durable s\u2019installe, et qu\u2019est-ce qui prot\u00e8ge vraiment une soci\u00e9t\u00e9 ?<\/p>\n<p>La suite apr\u00e8s cette publicit\u00e9<\/p>\n<p>L\u2019\u00e9pisode montre que la fragilit\u00e9 ne se r\u00e9sume pas au thermom\u00e8tre. Elle se joue dans la r\u00e9sistance des r\u00e9seaux (eau, \u00e9lectricit\u00e9, transports), dans la capacit\u00e9 de maintenance en conditions d\u00e9grad\u00e9es, dans la logistique, dans les stocks, dans l\u2019organisation des secours, et dans la protection des populations \u00e0 risque. Il rappelle aussi une id\u00e9e paradoxale, mais essentielle. M\u00eame dans un monde qui se r\u00e9chauffe, les extr\u00eames ne disparaissent pas m\u00e9caniquement. Ils restent possibles, parfois sous des formes inattendues, et ils exigent une pr\u00e9paration sp\u00e9cifique.<\/p>\n<p>La le\u00e7on la plus pr\u00e9cieuse est peut-\u00eatre celle de la perception. On se souvient des records et des sc\u00e8nes insolites. On oublie que le vrai poids d\u2019un \u00e9pisode comme celui-ci se mesure dans les pannes, la fatigue des infrastructures, les co\u00fbts \u00e9conomiques, et surtout dans les courbes de mortalit\u00e9. Si un \u201cd\u00e9tail\u201d devait r\u00e9sumer ces quinze jours, ce ne serait pas une image spectaculaire. Ce serait l\u2019\u00e9cart entre ce que l\u2019on retient d\u2019une vague de froid et ce qu\u2019elle co\u00fbte r\u00e9ellement, en silence, \u00e0 ceux qui n\u2019ont ni marge, ni protection, ni deuxi\u00e8me chance.<\/p>\n<p>&#13;<br \/>\n\t\t\t\t&#13;<br \/>\n\t\t\t\t\t\t\t&#13;<\/p>\n","protected":false},"excerpt":{"rendered":"&#13; &#13; &#13; &#13; &#13; &#13; &#13; &#13; TDN &gt;&#13; &#13; &#13; &#13; &#13; &#13; &#13; M\u00e9t\u00e9o&#13; &#13;&hellip;\n","protected":false},"author":2,"featured_media":668931,"comment_status":"","ping_status":"","sticky":false,"template":"","format":"standard","meta":{"footnotes":""},"categories":[2819],"tags":[1111,11,1777,674,1011,27,12,2401,882,25],"class_list":{"0":"post-668930","1":"post","2":"type-post","3":"status-publish","4":"format-standard","5":"has-post-thumbnail","7":"category-nice","8":"tag-actu","9":"tag-actualites","10":"tag-eu","11":"tag-europe","12":"tag-fr","13":"tag-france","14":"tag-news","15":"tag-nice","16":"tag-provence-alpes-cote-dazur","17":"tag-republique-francaise"},"share_on_mastodon":{"url":"https:\/\/pubeurope.com\/@fr\/115907769608631790","error":""},"_links":{"self":[{"href":"https:\/\/www.europesays.com\/fr\/wp-json\/wp\/v2\/posts\/668930","targetHints":{"allow":["GET"]}}],"collection":[{"href":"https:\/\/www.europesays.com\/fr\/wp-json\/wp\/v2\/posts"}],"about":[{"href":"https:\/\/www.europesays.com\/fr\/wp-json\/wp\/v2\/types\/post"}],"author":[{"embeddable":true,"href":"https:\/\/www.europesays.com\/fr\/wp-json\/wp\/v2\/users\/2"}],"replies":[{"embeddable":true,"href":"https:\/\/www.europesays.com\/fr\/wp-json\/wp\/v2\/comments?post=668930"}],"version-history":[{"count":0,"href":"https:\/\/www.europesays.com\/fr\/wp-json\/wp\/v2\/posts\/668930\/revisions"}],"wp:featuredmedia":[{"embeddable":true,"href":"https:\/\/www.europesays.com\/fr\/wp-json\/wp\/v2\/media\/668931"}],"wp:attachment":[{"href":"https:\/\/www.europesays.com\/fr\/wp-json\/wp\/v2\/media?parent=668930"}],"wp:term":[{"taxonomy":"category","embeddable":true,"href":"https:\/\/www.europesays.com\/fr\/wp-json\/wp\/v2\/categories?post=668930"},{"taxonomy":"post_tag","embeddable":true,"href":"https:\/\/www.europesays.com\/fr\/wp-json\/wp\/v2\/tags?post=668930"}],"curies":[{"name":"wp","href":"https:\/\/api.w.org\/{rel}","templated":true}]}}