{"id":668932,"date":"2026-01-17T01:09:46","date_gmt":"2026-01-17T01:09:46","guid":{"rendered":"https:\/\/www.europesays.com\/fr\/668932\/"},"modified":"2026-01-17T01:09:46","modified_gmt":"2026-01-17T01:09:46","slug":"la-droite-et-le-centre-visent-le-hold-up-du-siecle","status":"publish","type":"post","link":"https:\/\/www.europesays.com\/fr\/668932\/","title":{"rendered":"la droite et le centre visent \u00ab le hold-up du si\u00e8cle \u00bb"},"content":{"rendered":"<p>                    Par<br \/>\n        <strong><br \/>\n            <a href=\"https:\/\/actu.fr\/auteur\/thomas-bernard\" title=\"Consulter tous les articles de Thomas Bernard\" target=\"_blank\" rel=\"noopener\">Thomas Bernard<\/a><br \/>\n                    <\/strong><\/p>\n<p>        Publi\u00e9 le<\/p>\n<p>            15 janv. 2026 \u00e0 14h44        <\/p>\n<p>Un peu plus de 1\u2009000\u00a0personnes \u00e9taient r\u00e9unies, ce mercredi 14\u00a0janvier 2026 \u00e0 la cit\u00e9 des congr\u00e8s de Nantes, pour assister au premier meeting de <a href=\"https:\/\/actu.fr\/pays-de-la-loire\/nantes_44109\/municipales-2026-a-nantes-foulques-chombart-de-lauwe-promet-une-opposition-tonique-pour-prendre-la-mairie_63101251.html\" target=\"_blank\" rel=\"noopener\">Foulques Chombart de Lauwe<\/a>. Le <b>candidat de la droite et du centre aux \u00e9lections municipales <\/b>\u00e9tait accompagn\u00e9 <a href=\"https:\/\/actu.fr\/pays-de-la-loire\/nantes_44109\/municipales-2026-de-nantes-sarah-el-hairy-et-foulques-chombart-de-lauwe-unissent-leurs-forces_63442510.html\" target=\"_blank\" rel=\"noopener\">de son bin\u00f4me Sarah El\u00a0Ha\u00efry<\/a>.<\/p>\n<p class=\" wall-content\">Pour l\u2019occasion, les conseillers municipaux d\u2019opposition avaient convi\u00e9\u2009: <a href=\"https:\/\/actu.fr\/tag\/christelle-morancais\" target=\"_blank\" rel=\"noopener\">Christelle Moran\u00e7ais<\/a>, pr\u00e9sidente de la R\u00e9gion des Pays de la Loire\u2009; <a href=\"https:\/\/actu.fr\/tag\/bruno-retailleau\" target=\"_blank\" rel=\"noopener\">Bruno Retailleau<\/a>, ancien ministre de l\u2019Int\u00e9rieur et pr\u00e9sident des LR et <a href=\"https:\/\/actu.fr\/tag\/aurore-berge\" target=\"_blank\" rel=\"noopener\">Aurore Berg\u00e9<\/a>, ministre d\u00e9l\u00e9gu\u00e9e charg\u00e9e de l\u2019\u00c9galit\u00e9 entre les femmes et les hommes et de la lutte contre les discriminations.<\/p>\n<p class=\" wall-content\"><b>Guillaume Richard <\/b>(Horizons), <b>Val\u00e9rie Oppelt <\/b>(Renaissance), <b>Laurence Garnier<\/b> (LR), parties prenantes de l\u2019union dans la cit\u00e9 des ducs de Bretagne, \u00e9taient \u00e9galement sur la photo de famille.<\/p>\n<p class=\" wall-content\">Tout au long de la soir\u00e9e, les \u00e9lus de la droite et du centre ont pr\u00e9sent\u00e9 leur projet pour Nantes. Une ambition qui veut porter Foulques Chombart de Lauwe \u00e0 la t\u00eate de la mairie et Sarah El Ha\u00efry \u00e0 la pr\u00e9sidence de Nantes M\u00e9tropole.<\/p>\n<p>\u00ab\u2009Gagner pour les Nantais\u2009\u00bb<\/p>\n<p class=\" wall-content\">Des drapeaux fran\u00e7ais et des badges ont \u00e9t\u00e9 distribu\u00e9s \u00e0 chaque spectateur. Dans les gradins, Lo\u00efc, membre du parti Horizons, Nantais depuis toujours, veut d\u00e9couvrir \u00ab\u2009son candidat\u2009\u00bb. \u00ab\u2009Je veux voir son programme, en particulier sur <b>la s\u00e9curit\u00e9<\/b> car il y a un v\u00e9ritable probl\u00e8me dans cette ville.\u2009\u00bb<\/p>\n<p class=\" wall-content\">Kahan, 24\u00a0ans, \u00e9lecteur de droite, appr\u00e9cie la \u00ab\u2009fra\u00eecheur et la mani\u00e8re de communiquer\u2009\u00bb de Foulques Chombart de Lauwe. \u00ab\u2009Dans la campagne, j\u2019esp\u00e8re une r\u00e9flexion <b>sur les infrastructures de la ville<\/b> comme les transports en commun ou revoir la place de la voiture\u2009\u00bb, ajoute l\u2019\u00e9tudiant nantais.<\/p>\n<p class=\" wall-content\">Au premier rang de l\u2019auditorium, les t\u00e9nors de la droite lig\u00e9rienne ont apport\u00e9 leur soutien\u2009: <a href=\"https:\/\/actu.fr\/pays-de-la-loire\/vertou_44215\/le-conseil-regional-des-pays-de-la-loire-a-prefere-maintenir-ses-investissements_62022696.html\" target=\"_blank\" rel=\"noopener\">Laurent Dejoie,<\/a> <a href=\"https:\/\/actu.fr\/pays-de-la-loire\/vertou_44215\/municipales-2026-a-vertou-rodolphe-amailland-brigue-un-3e-mandat-de-maire_63486170.html\" target=\"_blank\" rel=\"noopener\">Rodolphe Amailland<\/a>, Maurice Perrion, <a href=\"https:\/\/actu.fr\/tag\/franck-louvrier\" target=\"_blank\" rel=\"noopener\">Franck Louvrier<\/a>. On notera l\u2019absence de <a href=\"https:\/\/actu.fr\/pays-de-la-loire\/nantes_44109\/municipales-2026-reenchanter-nantes-julien-bainvel-candidat-a-la-mairie_62562650.html\" target=\"_blank\" rel=\"noopener\">Julien Bainvel<\/a>, ancien candidat \u00e0 la mairie battu lors de la primaire LR.<\/p>\n<p>Votre r\u00e9gion, votre actu !<\/p>\n<p>Recevez chaque jour les infos qui comptent pour vous.<\/p>\n<p>\t<a href=\"https:\/\/actu.fr\/newsletter\" class=\"ac-btn ac-btn--corner ac-btn--medium ac-btn--blue800\" target=\"_blank\" rel=\"noopener\">S&rsquo;incrire<\/a><\/p>\n<p class=\" wall-content\">Les diff\u00e9rentes prises de parole ont salu\u00e9 l\u2019union compl\u00e8te entre la droite et le centre pour l\u2019h\u00f4tel de ville de Nantes. \u00ab\u2009Nous sommes rassembl\u00e9s avec le m\u00eame objectif\u2009: gagner pour les Nantais\u2009\u00bb, a lanc\u00e9 Christelle Moran\u00e7ais, derri\u00e8re le pupitre. \u00ab\u2009L\u2019union est l\u00e0, elle est r\u00e9elle. Il y a un vrai rassemblement, une vraie dynamique sinc\u00e8re. <b>C\u2019est un projet simple mais qui est transformant pour notre ville\u2009\u00bb<\/b>, partage Sarah El-Ha\u00efry aupr\u00e8s d\u2019<a href=\"https:\/\/actu.fr\/nantes\/\" target=\"_blank\" rel=\"noopener\">actu Nantes<\/a>.<\/p>\n<p class=\" wall-content\">Pourtant, <a href=\"https:\/\/actu.fr\/pays-de-la-loire\/nantes_44109\/municipales-2026-a-nantes-ils-disent-non-a-lunion-avec-foulques-chombart-de-lauwe_63453919.html\" target=\"_blank\" rel=\"noopener\">Mounir Belhamiti<\/a>, \u00e9lu d\u2019opposition \u00e0 la Ville de Nantes et ancien d\u00e9put\u00e9 Renaissance, devrait annoncer sa candidature dans les prochains jours. \u00ab\u2009Si on veut que la droite et le centre l\u2019emportent, il vaut mieux ne pas \u00eatre divis\u00e9\u2009\u00bb, souffle Lo\u00efc. \u00ab\u2009La candidature de Mounir prendra un espace \u00e0 gauche, <b>Mounir est de gauche\u2009\u00bb<\/b>, r\u00e9pond Foulques Chombart de Lauwe.<\/p>\n<p>\u00ab\u2009Une vision claire pour la Ville\u2009\u00bb<\/p>\n<p class=\" wall-content\">S\u00e9curit\u00e9, \u00ab\u2009immigration non ma\u00eetris\u00e9e\u2009\u00bb, attractivit\u00e9, immobilier et \u00e9cologie ont \u00e9t\u00e9 les th\u00e9matiques abord\u00e9es lors de ce meeting. Tour \u00e0 tour, les intervenants ont attaqu\u00e9 le bilan de la majorit\u00e9 sortante. \u00ab\u2009Ce n\u2019est pas du Nantes bashing mais du Nantes Warning\u2009\u00bb, explique Sarah El\u00a0Ha\u00efry.<\/p>\n<p class=\" wall-content\">Successivement, Sarah El\u00a0Ha\u00efry et Foulques Chombart\u00a0de\u00a0Lauwe ont<b> d\u00e9voil\u00e9 des grandes lignes du programme<\/b>\u2009: doublement des effectifs de police municipale, triplement des cam\u00e9ras de surveillance, amendes pour les auteurs de tags, 1\u2009000 places de cr\u00e8che en plus, cr\u00e9ation d\u2019un chronobus circulaire, l\u2019am\u00e9nagement d\u2019un nouveau franchissement de Loire mais aussi la construction d\u2019un tunnel sous la Loire entre Chantenay et Bouguenais.<\/p>\n<p>    <img   decoding=\"async\" loading=\"lazy\" class=\"size-large\" src=\"https:\/\/www.europesays.com\/fr\/wp-content\/uploads\/2026\/01\/bac62678d8696aec62678d869c2d62v-960x640.jpeg\" alt=\"Public meeting Foulques Chombart de Lauwe\" width=\"960\" height=\"640\"\/><br \/>\n    800\u00a0personnes \u00e9taient pr\u00e9sentes dans les gradins dans l\u2019auditorium de la cit\u00e9 des congr\u00e8s tandis que 200 autres personnes assistaient au meeting dans une salle annexe. \u00a9Thomas Bernard \/ actu Nantes<\/p>\n<p class=\" wall-content\">Sur sc\u00e8ne, le candidat a exhort\u00e9 ses troupes \u00e0 convaincre les ind\u00e9cis.<\/p>\n<blockquote class=\"ac-article-quote wall-content\">\n<p>Il n\u2019y a pas de r\u00e9signation, Nantes peut \u00eatre de nouveau une ville s\u00fbre, propre et une ville qu\u2019on choisit. L\u2019\u00e9quipe actuelle a perdu la recette, alors choisissez l\u2019alternance et une \u00e9quipe qui a une vision claire pour la Ville.<\/p>\n<p>Foulques Chombart\u00a0de\u00a0Lauwe, candidat \u00e0 la mairie de Nantes<\/p><\/blockquote>\n<p class=\" wall-content\">\u00c0 l\u2019issue du discours de Foulques Chombart\u00a0de\u00a0Lauwe, les soutiens sont venus sur sc\u00e8ne et l\u2019auditorium a repris en ch\u0153ur la Marseillaise. \u00ab\u2009Je ressens une \u00e9norme responsabilit\u00e9, \u00e7a m\u2019en met gros sur les \u00e9paules (sic) <b>mais j\u2019ai les \u00e9paules solides\u2009\u00bb<\/b>, confie la t\u00eate de liste de la droite et du centre \u00e0 actu Nantes.<\/p>\n<p>Le m\u00eame pressentiment qu\u2019en 2015<\/p>\n<p class=\" wall-content\">D\u2019ici le d\u00e9but du mois de f\u00e9vrier, l\u2019alliance de la droite et du centre va d\u00e9voiler sa liste au complet. Parmi les noms, on peut citer la pr\u00e9sence de <a href=\"https:\/\/actu.fr\/pays-de-la-loire\/nantes_44109\/temoignage-legende-du-fc-nantes-jean-paul-bertrand-demanes-a-stoppe-un-cancer-de-stade-4_54481361.html\" target=\"_blank\" rel=\"noopener\">Jean-Paul Bertrand Demanes<\/a>, ancien gardien du FC Nantes.<\/p>\n<p class=\" wall-content\">Apr\u00e8s plus de trois heures de meeting, les spectateurs ont le sourire dans les all\u00e9es de la cit\u00e9 des congr\u00e8s. \u00ab\u2009Il se passe vraiment quelque chose\u2009\u00bb, assurent avec optimisme des militants. \u00ab\u2009J\u2019ai le m\u00eame pressentiment qu\u2019en 2015 quand nous avions remport\u00e9 la R\u00e9gion\u2009\u00bb, glisse Bruno Retailleau.<\/p>\n<p class=\" wall-content\">\u00ab\u2009Votre nouveau souffle pour Nantes\u2009\u00bb : c\u2019est le nom de la liste incarn\u00e9e par le \u00ab\u2009capitaine Foulques Chombart de Lauwe\u2009\u00bb. Pour reprendre la m\u00e9taphore marine de Sarah El\u00a0Ha\u00efry, le navire de la droite et du centre esp\u00e8re \u00e9viter les vents contraires pour ravir la mairie \u00e0 la gauche nantaise amarr\u00e9e depuis 1989. <b>\u00ab\u2009On va faire le hold-up du si\u00e8cle\u2009\u00bb<\/b>, promet Foulques Chombart de Lauwe.<\/p>\n<p class=\" wall-content\">Personnalisez votre actualit\u00e9 en ajoutant vos villes et m\u00e9dias en favori avec <a href=\"https:\/\/moncompte.actu.fr\" title=\"D\u00e9couvez Mon Actu\" rel=\"nofollow noopener\" data-trk=\"{&quot;cta&quot;:{&quot;action&quot;:&quot;https:\\\/\\\/moncompte.actu.fr&quot;,&quot;category&quot;:&quot;mon compte&quot;,&quot;from&quot;:&quot;article footer&quot;,&quot;name&quot;:&quot;Mon actu&quot;,&quot;type&quot;:&quot;cta&quot;}}\" target=\"_blank\">Mon Actu<\/a>.<\/p>\n","protected":false},"excerpt":{"rendered":"Par Thomas Bernard Publi\u00e9 le 15 janv. 2026 \u00e0 14h44 Un peu plus de 1\u2009000\u00a0personnes \u00e9taient r\u00e9unies, ce&hellip;\n","protected":false},"author":2,"featured_media":668933,"comment_status":"","ping_status":"","sticky":false,"template":"","format":"standard","meta":{"footnotes":""},"categories":[2818],"tags":[1111,11,1013,28457,4188,1777,674,1011,27,3434,766,12,2636,316,25],"class_list":{"0":"post-668932","1":"post","2":"type-post","3":"status-publish","4":"format-standard","5":"has-post-thumbnail","7":"category-nantes","8":"tag-actu","9":"tag-actualites","10":"tag-bruno-retailleau","11":"tag-christelle-morancais","12":"tag-elections-municipales","13":"tag-eu","14":"tag-europe","15":"tag-fr","16":"tag-france","17":"tag-municipales-2026","18":"tag-nantes","19":"tag-news","20":"tag-pays-de-la-loire","21":"tag-politique","22":"tag-republique-francaise"},"share_on_mastodon":{"url":"https:\/\/pubeurope.com\/@fr\/115907777352783060","error":""},"_links":{"self":[{"href":"https:\/\/www.europesays.com\/fr\/wp-json\/wp\/v2\/posts\/668932","targetHints":{"allow":["GET"]}}],"collection":[{"href":"https:\/\/www.europesays.com\/fr\/wp-json\/wp\/v2\/posts"}],"about":[{"href":"https:\/\/www.europesays.com\/fr\/wp-json\/wp\/v2\/types\/post"}],"author":[{"embeddable":true,"href":"https:\/\/www.europesays.com\/fr\/wp-json\/wp\/v2\/users\/2"}],"replies":[{"embeddable":true,"href":"https:\/\/www.europesays.com\/fr\/wp-json\/wp\/v2\/comments?post=668932"}],"version-history":[{"count":0,"href":"https:\/\/www.europesays.com\/fr\/wp-json\/wp\/v2\/posts\/668932\/revisions"}],"wp:featuredmedia":[{"embeddable":true,"href":"https:\/\/www.europesays.com\/fr\/wp-json\/wp\/v2\/media\/668933"}],"wp:attachment":[{"href":"https:\/\/www.europesays.com\/fr\/wp-json\/wp\/v2\/media?parent=668932"}],"wp:term":[{"taxonomy":"category","embeddable":true,"href":"https:\/\/www.europesays.com\/fr\/wp-json\/wp\/v2\/categories?post=668932"},{"taxonomy":"post_tag","embeddable":true,"href":"https:\/\/www.europesays.com\/fr\/wp-json\/wp\/v2\/tags?post=668932"}],"curies":[{"name":"wp","href":"https:\/\/api.w.org\/{rel}","templated":true}]}}