{"id":668934,"date":"2026-01-17T01:10:17","date_gmt":"2026-01-17T01:10:17","guid":{"rendered":"https:\/\/www.europesays.com\/fr\/668934\/"},"modified":"2026-01-17T01:10:17","modified_gmt":"2026-01-17T01:10:17","slug":"un-policier-condamne-a-sept-ans-de-prison-ferme-pour-la-mort-daboubacar-fofana-en-2018","status":"publish","type":"post","link":"https:\/\/www.europesays.com\/fr\/668934\/","title":{"rendered":"un policier condamn\u00e9 \u00e0 sept ans de prison ferme pour la mort d\u2019Aboubacar Fofana en 2018"},"content":{"rendered":"<p>Ma\u00eetre Laurent-Franck Li\u00e9nard, avocat de la d\u00e9fense, a aussit\u00f4t annonc\u00e9 faire appel de cette d\u00e9cision. \u00ab\u00a0C\u2019est totalement inhumain. Je n\u2019ai m\u00eame pas les mots\u00a0\u00bb, a-t-il d\u00e9clar\u00e9 devant la presse apr\u00e8s le verdict.<\/p>\n<p>La th\u00e8se du tir accidentel \u00e9cart\u00e9e<\/p>\n<p>L\u2019avocat g\u00e9n\u00e9ral, \u00e9cartant lui aussi la th\u00e8se de l\u2019accident, avait r\u00e9clam\u00e9 dans la matin\u00e9e une peine de quatre ans de prison dont deux avec sursis. \u00ab\u00a0On a le sentiment que la justice est pass\u00e9e. On a le sentiment d\u2019avoir \u00e9t\u00e9 entendus et on a le sentiment que la justice a r\u00e9pondu \u00e0 la hauteur de la gravit\u00e9 des faits\u00a0\u00bb, a d\u00e9clar\u00e9 Ma\u00eetre Anne Bouillon, avocate de la famille de la victime, partie civile au proc\u00e8s.<\/p>\n<p>Vendredi matin, elle s\u2019\u00e9tait adress\u00e9e \u00e0 l\u2019ancien policier, aujourd\u2019hui \u00e0 la retraite\u00a0: \u00ab\u00a0Je crois que vous avez manqu\u00e9 de courage. C\u2019est cela qui vous emp\u00eache de reconna\u00eetre que l\u2019espace d\u2019un instant, vous avez fait volontairement usage de votre arme\u00a0\u00bb. <\/p>\n<p>Apr\u00e8s avoir \u00e9voqu\u00e9 la l\u00e9gitime d\u00e9fense lors de sa premi\u00e8re audition, le policier a affirm\u00e9 tout au long de l\u2019enqu\u00eate que le tir \u00e9tait parti accidentellement alors qu\u2019il \u00e9tait pench\u00e9 dans la voiture de M. Fofana, tentant de l\u2019arr\u00eater. Il a finalement d\u00e9clar\u00e9 mercredi que le tir \u00e9tait parti apr\u00e8s ce \u00ab\u00a0corps \u00e0 corps\u00a0\u00bb alors qu\u2019il se tenait \u00e0 l\u2019ext\u00e9rieur du v\u00e9hicule. L\u2019expert balistique et le m\u00e9decin l\u00e9giste se sont toujours accord\u00e9s sur le fait que le tireur se trouvait \u00e0 l\u2019ext\u00e9rieur.<\/p>\n<p>Un proc\u00e8s sous haute tension<\/p>\n<p>Lors de sa plaidoirie, Ma\u00eetre Bouillon a remerci\u00e9 un fonctionnaire de police entendu jeudi, pr\u00e9sent au moment des faits, qui a \u00e9voqu\u00e9 pour la premi\u00e8re fois la \u00ab\u00a0bavure\u00a0\u00bb de son coll\u00e8gue, aujourd\u2019hui \u00e0 la retraite. Alors brigadier-chef membre d\u2019une compagnie de CRS, le policier \u00e9tait jug\u00e9 pour des violences ayant entra\u00een\u00e9 la mort sans intention de la donner lors d\u2019un contr\u00f4le dans le quartier nantais du Breil en juillet 2018. <\/p>\n<p>Au volant d\u2019une voiture, Aboubacar Fofana, qui se trouve sous le coup d\u2019un mandat d\u2019arr\u00eat, donne une fausse identit\u00e9. Lorsque les policiers lui font savoir qu\u2019ils vont le conduire au commissariat, le jeune homme fuit en marche arri\u00e8re, percutant un v\u00e9hicule gar\u00e9 avant de \u00ab\u00a0rebondir\u00a0\u00bb vers l\u2019avant puis de repartir en arri\u00e8re. Tous les t\u00e9moins ne s\u2019accordent pas sur le moment pr\u00e9cis du tir. Touch\u00e9 par balle au cou, le jeune homme est mort \u00e0 l\u2019h\u00f4pital.<\/p>\n<p>L\u2019onde de choc apr\u00e8s le d\u00e9c\u00e8s<\/p>\n<p>L\u2019ancien policier, jusque-l\u00e0 \u00ab\u00a0\u00e9panoui\u00a0\u00bb dans un m\u00e9tier qu\u2019il a qualifi\u00e9 lors du proc\u00e8s de \u00ab\u00a0vocation\u00a0\u00bb, avait \u00e9cop\u00e9 quelques mois apr\u00e8s les faits d\u2019une sanction administrative. Avocat de la partie civile, Ma\u00eetre Franck Boezec avait demand\u00e9 vendredi \u00e0 la cour de \u00ab\u00a0respecter le principe d\u2019\u00e9galit\u00e9\u00a0\u00bb en jugeant l\u2019ancien policier. <\/p>\n","protected":false},"excerpt":{"rendered":"Ma\u00eetre Laurent-Franck Li\u00e9nard, avocat de la d\u00e9fense, a aussit\u00f4t annonc\u00e9 faire appel de cette d\u00e9cision. \u00ab\u00a0C\u2019est totalement inhumain.&hellip;\n","protected":false},"author":2,"featured_media":668935,"comment_status":"","ping_status":"","sticky":false,"template":"","format":"standard","meta":{"footnotes":""},"categories":[2818],"tags":[1111,11,1777,674,1011,27,766,12,2636,25],"class_list":{"0":"post-668934","1":"post","2":"type-post","3":"status-publish","4":"format-standard","5":"has-post-thumbnail","7":"category-nantes","8":"tag-actu","9":"tag-actualites","10":"tag-eu","11":"tag-europe","12":"tag-fr","13":"tag-france","14":"tag-nantes","15":"tag-news","16":"tag-pays-de-la-loire","17":"tag-republique-francaise"},"share_on_mastodon":{"url":"https:\/\/pubeurope.com\/@fr\/115907777422177309","error":""},"_links":{"self":[{"href":"https:\/\/www.europesays.com\/fr\/wp-json\/wp\/v2\/posts\/668934","targetHints":{"allow":["GET"]}}],"collection":[{"href":"https:\/\/www.europesays.com\/fr\/wp-json\/wp\/v2\/posts"}],"about":[{"href":"https:\/\/www.europesays.com\/fr\/wp-json\/wp\/v2\/types\/post"}],"author":[{"embeddable":true,"href":"https:\/\/www.europesays.com\/fr\/wp-json\/wp\/v2\/users\/2"}],"replies":[{"embeddable":true,"href":"https:\/\/www.europesays.com\/fr\/wp-json\/wp\/v2\/comments?post=668934"}],"version-history":[{"count":0,"href":"https:\/\/www.europesays.com\/fr\/wp-json\/wp\/v2\/posts\/668934\/revisions"}],"wp:featuredmedia":[{"embeddable":true,"href":"https:\/\/www.europesays.com\/fr\/wp-json\/wp\/v2\/media\/668935"}],"wp:attachment":[{"href":"https:\/\/www.europesays.com\/fr\/wp-json\/wp\/v2\/media?parent=668934"}],"wp:term":[{"taxonomy":"category","embeddable":true,"href":"https:\/\/www.europesays.com\/fr\/wp-json\/wp\/v2\/categories?post=668934"},{"taxonomy":"post_tag","embeddable":true,"href":"https:\/\/www.europesays.com\/fr\/wp-json\/wp\/v2\/tags?post=668934"}],"curies":[{"name":"wp","href":"https:\/\/api.w.org\/{rel}","templated":true}]}}