{"id":668936,"date":"2026-01-17T01:11:15","date_gmt":"2026-01-17T01:11:15","guid":{"rendered":"https:\/\/www.europesays.com\/fr\/668936\/"},"modified":"2026-01-17T01:11:15","modified_gmt":"2026-01-17T01:11:15","slug":"notre-boulot-cest-de-faire-plaisir-au-public","status":"publish","type":"post","link":"https:\/\/www.europesays.com\/fr\/668936\/","title":{"rendered":"\u00ab\u00a0Notre boulot, c\u2019est de faire plaisir au public\u00a0\u00bb"},"content":{"rendered":"<p class=\"interview-question\">Pourquoi vous lancez-vous dans l\u2019exploitation d\u2019un th\u00e9\u00e2tre \u00e0 Bordeaux\u00a0?<\/p>\n<p class=\"interview-answer\">Cela fait d\u00e9j\u00e0 deux ans que nous\u00a0cherchons \u00e0 nous investir physiquement, mentalement\u00a0et artistiquement dans un lieu, avec&#8230;<\/p>\n<p class=\"interview-question\">Pourquoi vous lancez-vous dans l\u2019exploitation d\u2019un th\u00e9\u00e2tre \u00e0 Bordeaux\u00a0?<\/p>\n<p class=\"interview-answer\">Cela fait d\u00e9j\u00e0 deux ans que nous\u00a0cherchons \u00e0 nous investir physiquement, mentalement\u00a0et artistiquement dans un lieu, avec une jauge autour de 600 places. Avec\u00a01,618 Prod et l\u2019\u00e9quipe avec laquelle je travaille depuis dix\u00a0ans, on a d\u00e9velopp\u00e9 notre propre m\u00e9thode de travail pour la production. On a envie de l\u2019\u00e9tendre \u00e0 nos \u00e9crins pour accompagner les artistes de A \u00e0 Z. Que ce soit dans l\u2019humour, mais aussi le th\u00e9\u00e2tre, le spectacle pour enfants, la musique\u2026<\/p>\n<p class=\"interview-answer\">Ce lieu est\u00a0pluridisciplinaire\u00a0: on peut tout faire sur le plateau, mais aussi peut-\u00eatre ailleurs dans le ch\u00e2teau. J\u2019ai \u00e9t\u00e9 s\u00e9duit par toutes les possibilit\u00e9s qu\u2019offre cet endroit.\u00a0Notre boulot, c\u2019est de\u00a0faire plaisir au public et de donner \u00e0 l\u2019artiste tout le confort n\u00e9cessaire pour une v\u00e9ritable progression. \u00c0 mes d\u00e9buts, j\u2019aurais aim\u00e9 que des gens comme nous tiennent des th\u00e9\u00e2tres pour nous lancer, nous accompagner, nous expliquer qu\u2019il vaut mieux faire quatre fois une salle de 600 places que de viser, par pur ego, une salle dix fois plus grande qu\u2019on ne remplira pas. Il y a des \u00e9tapes \u00e0 passer.<\/p>\n<p class=\"interview-question\">Des artistes reconnus vous ont accompagn\u00e9 \u00e0 vos d\u00e9buts\u2026<\/p>\n<p class=\"interview-answer\">Il y en a eu, bien s\u00fbr, mais surtout pour des premi\u00e8res parties. Ici, je peux expliquer aux jeunes artistes que je fais le m\u00eame m\u00e9tier qu\u2019eux. Ils ne partiront pas dans l\u2019inconnu. C\u2019est une histoire de confiance avec eux.<\/p>\n<p>        <img decoding=\"async\" id=\"27307930\" src=\"https:\/\/www.europesays.com\/fr\/wp-content\/uploads\/2026\/01\/20260106121101-a14a6445.jpg\" alt=\"Maxime Gasteuil (\u00e0 droite) avec Benjamin Demay et Fanny de la Croix, dans le th\u00e9\u00e2tre du ch\u00e2teau Descas dont ils assurent d\u00e9sormais la direction artistique, \u00e0 Bordeaux.\" itemprop=\"contentURL\"\/><\/p>\n<p>    Maxime Gasteuil (\u00e0 droite) avec Benjamin Demay et Fanny de la Croix, dans le th\u00e9\u00e2tre du ch\u00e2teau Descas dont ils assurent d\u00e9sormais la direction artistique, \u00e0 Bordeaux.<\/p>\n<p>GUILLAUME BONNAUD \/ SO<\/p>\n<p class=\"interview-question\">\u00c0 quel point serez-vous investi dans le choix des artistes qui se produiront ici\u00a0?<\/p>\n<p class=\"interview-answer\">\u00c0\u00a0300\u00a0%\u00a0! D\u00e8s que j\u2019ai annonc\u00e9 la nouvelle, des amis artistes sont venus vers moi et tout le monde est enthousiaste \u00e0 l\u2019id\u00e9e de venir jouer ici. La salle est magnifique, le plateau tr\u00e8s large, avec une ouverture de plateau extraordinaire et une modernit\u00e9 qui permet des spectacles immersifs.<\/p>\n<p class=\"interview-question\">Quelle est la part de risques en termes de business pour vous\u00a0?<\/p>\n<p class=\"interview-answer\">On ne va pas se cacher derri\u00e8re son petit doigt\u00a0: nous montons des soci\u00e9t\u00e9s pour gagner notre vie. Mais si tu me dis dit \u00ab\u00a0viens, on monte des pizzerias\u00a0\u00bb, je dirai non parce que ce n\u2019est pas mon m\u00e9tier. Si je peux \u00e9tendre mon activit\u00e9 \u00e0 m\u2019occuper de la programmation d\u2019une salle et de l\u2019organisation autour, c\u2019est avec plaisir. Ici, nous sommes des\u00a0prestataires de services\u00a0: nous\u00a0apportons notre savoir-faire, notre catalogue, nos r\u00e9seaux et notre instinct pour remplir ce th\u00e9\u00e2tre de bonnes ondes et de bons spectacles. C\u2019est \u00e7a notre challenge.<\/p>\n<p class=\"interview-question\">Comment expliquez-vous que l\u2019humour occupe d\u00e9sormais une place si importante dans le spectacle vivant en France\u00a0? Que ce soit dans les comedy-clubs ou les tr\u00e8s grandes salles type Z\u00e9nith\u00a0?<\/p>\n<p class=\"interview-answer\">Avec la crise du Covid, on a travers\u00e9 une \u00e9poque tr\u00e8s num\u00e9ris\u00e9e et \u00ab\u00a0netflix\u00e9e\u00a0\u00bb. Mais c\u2019est comme si on avait \u00e9puis\u00e9 ce truc\u00a0; on a besoin de r\u00e9el. Dans toutes les grandes villes, les th\u00e9\u00e2tres, les comedy-clubs, les salles de concerts, tout fonctionne et travaille bien.\u00a0Les artistes vivent de leurs spectacles en tourn\u00e9e et sont sur les routes parce qu\u2019il y a de la demande pour des propositions de qualit\u00e9. Aujourd\u2019hui, on a envie de sortir, d\u2019\u00eatre bien install\u00e9s et de se dire qu\u2019on a pass\u00e9 une super soir\u00e9e.<\/p>\n<p class=\"interview-question\">Vous \u00eates Girondin. \u00c9tait-il important pour vous que votre investissement dans un th\u00e9\u00e2tre soit \u00e0 Bordeaux\u00a0?<\/p>\n<p class=\"interview-answer\">Oui, parce que\u00a0Bordeaux m\u2019a fait. J\u2019y ai r\u00f4d\u00e9 tous mes spectacles, depuis le th\u00e9\u00e2tre de la Com\u00e9die-Gallien jusqu\u2019\u00e0 l\u2019Ark\u00e9a Arena. Je suis tr\u00e8s fier d\u2019\u00eatre l\u2019artiste qui a le plus souvent rempli l\u2019Arkea Arena. Je ne dis pas \u00e7a pour me la raconter mais parce que cela me touche de sentir que cette ville me porte et me soutient. Et c\u2019\u00e9tait d\u00e9j\u00e0 le cas quand je d\u00e9butais dans des caves ou des petits comedy-clubs comme le Bacchus. Je me sens avoir un devoir envers les spectateurs qui me suivent depuis le d\u00e9but.<\/p>\n<p class=\"interview-answer\">Donc oui, commencer \u00e0 Bordeaux, c\u2019\u00e9tait important pour moi.\u00a0Et je peux vous l\u2019annoncer\u00a0: mon prochain spectacle sera r\u00f4d\u00e9 ici, en 2027. Je m\u2019y installerai pour\u00a0une vingtaine de dates. \u00c7a parlera notamment de ma paternit\u00e9, parce que figurez-vous que j\u2019ai fait un enfant pire que moi\u00a0!<\/p>\n","protected":false},"excerpt":{"rendered":"Pourquoi vous lancez-vous dans l\u2019exploitation d\u2019un th\u00e9\u00e2tre \u00e0 Bordeaux\u00a0? Cela fait d\u00e9j\u00e0 deux ans que nous\u00a0cherchons \u00e0 nous&hellip;\n","protected":false},"author":2,"featured_media":668937,"comment_status":"","ping_status":"","sticky":false,"template":"","format":"standard","meta":{"footnotes":""},"categories":[2817],"tags":[1111,11,1997,1777,674,1011,27,12,2219,25],"class_list":{"0":"post-668936","1":"post","2":"type-post","3":"status-publish","4":"format-standard","5":"has-post-thumbnail","7":"category-bordeaux","8":"tag-actu","9":"tag-actualites","10":"tag-bordeaux","11":"tag-eu","12":"tag-europe","13":"tag-fr","14":"tag-france","15":"tag-news","16":"tag-nouvelle-aquitaine","17":"tag-republique-francaise"},"share_on_mastodon":{"url":"https:\/\/pubeurope.com\/@fr\/115907781202456280","error":""},"_links":{"self":[{"href":"https:\/\/www.europesays.com\/fr\/wp-json\/wp\/v2\/posts\/668936","targetHints":{"allow":["GET"]}}],"collection":[{"href":"https:\/\/www.europesays.com\/fr\/wp-json\/wp\/v2\/posts"}],"about":[{"href":"https:\/\/www.europesays.com\/fr\/wp-json\/wp\/v2\/types\/post"}],"author":[{"embeddable":true,"href":"https:\/\/www.europesays.com\/fr\/wp-json\/wp\/v2\/users\/2"}],"replies":[{"embeddable":true,"href":"https:\/\/www.europesays.com\/fr\/wp-json\/wp\/v2\/comments?post=668936"}],"version-history":[{"count":0,"href":"https:\/\/www.europesays.com\/fr\/wp-json\/wp\/v2\/posts\/668936\/revisions"}],"wp:featuredmedia":[{"embeddable":true,"href":"https:\/\/www.europesays.com\/fr\/wp-json\/wp\/v2\/media\/668937"}],"wp:attachment":[{"href":"https:\/\/www.europesays.com\/fr\/wp-json\/wp\/v2\/media?parent=668936"}],"wp:term":[{"taxonomy":"category","embeddable":true,"href":"https:\/\/www.europesays.com\/fr\/wp-json\/wp\/v2\/categories?post=668936"},{"taxonomy":"post_tag","embeddable":true,"href":"https:\/\/www.europesays.com\/fr\/wp-json\/wp\/v2\/tags?post=668936"}],"curies":[{"name":"wp","href":"https:\/\/api.w.org\/{rel}","templated":true}]}}